{"id":4887,"date":"2021-10-08T19:14:15","date_gmt":"2021-10-09T00:14:15","guid":{"rendered":"https:\/\/www.aquilaguna.com\/?p=4887"},"modified":"2021-10-08T19:14:16","modified_gmt":"2021-10-09T00:14:16","slug":"rector-de-la-uadec-entrega-titulos-profesionales-a-la-generacion-diciembre-2020-de-la-fca-monclova","status":"publish","type":"post","link":"https:\/\/www.aquilaguna.com\/index.php\/2021\/10\/08\/rector-de-la-uadec-entrega-titulos-profesionales-a-la-generacion-diciembre-2020-de-la-fca-monclova\/","title":{"rendered":"Rector de la UAdeC Entrega T\u00edtulos Profesionales a la Generaci\u00f3n Diciembre 2020 de la FCA Monclova."},"content":{"rendered":"\n<p>MONCLOVA, Coahuila. 8 de octubre de 2021.- En el marco del 45 aniversario de<br>la Facultad de Contadur\u00eda y Administraci\u00f3n Unidad Norte de la Universidad<br>Aut\u00f3noma de Coahuila, la tarde del jueves el rector Salvador Hern\u00e1ndez V\u00e9lez<br>entreg\u00f3 los t\u00edtulos profesionales a los egresados de la Generaci\u00f3n Diciembre 2020<br>de las cuatro carreras que se imparten en el plantel.<\/p>\n\n\n\n<p>En ceremonia solemne efectuada en la Sala de Seminarios de la Unidad Norte, y<br>en presencia del coordinador de la Unidad, Juan Carlos Talamantes Arredondo,<br>del director de la FCA Monclova, Gabriel Aguilera Mancilla, as\u00ed como de<br>egresados y sus familias, el Rector felicit\u00f3 a los estudiantes de la generaci\u00f3n<br>diciembre 2020, quienes recibieron sus documentos por la culminaci\u00f3n de sus<br>estudios.<\/p>\n\n\n\n<p>\u201cEs un logro doblemente meritorio terminar una carrera, en un formato al cual no<br>estaban habituados, por ello, aplaudo el resultado de su esfuerzo, felicitando<br>ampliamente a todos los egresados de las respectivas licenciaturas de la FCA<br>Monclova por este gran logro, es hora de seguir adelante, de ejercer su profesi\u00f3n<br>y poner en alto el nombre su facultad y de la Universidad que siempre ser\u00e1 su<br>casa acad\u00e9mica\u201d, expres\u00f3 el rector Salvador Hern\u00e1ndez.<\/p>\n\n\n\n<p>Por otro lado, Hern\u00e1ndez V\u00e9lez tambi\u00e9n felicit\u00f3 a toda la comunidad docente y<br>estudiantil de la FCA por la conmemoraci\u00f3n del 45 aniversario de fundaci\u00f3n de<br>este plantel educativo, del que dijo es un centro de estudios que por m\u00e1s de cuatro<br>d\u00e9cadas ha formado capital humano que fortalece las actividades econ\u00f3micas de<br>la regi\u00f3n.<\/p>\n\n\n\n<p>\u201cGracias a la gesti\u00f3n de sus directivos, al trabajo y aportaciones de docentes, al<br>desempe\u00f1o del personal de las distintas \u00e1reas, por supuesto de sus estudiantes,<br>es que la Facultad de Contadur\u00eda y Administraci\u00f3n de la Unidad Norte, ha<br>mantenido a lo largo del tiempo un quehacer que corresponde a las demandas de<br>la sociedad y sus sectores\u201d, mencion\u00f3 el Rector.<\/p>\n\n\n\n<p>Por su parte, el director de la FCA Monclova, Gabriel Aguilera Mancilla, felicit\u00f3 a<br>los egresados por la culminaci\u00f3n de una etapa importante de sus vidas, adem\u00e1s<br>por obtener el t\u00edtulo que los acredita como Licenciados en las diversas<br>acentuaciones de las Ciencias Administrativas y que les permitir\u00e1 despe\u00f1arse en<br>el campo laboral con pasi\u00f3n y profesionalismo.<\/p>\n\n\n\n<p>En este sentido, los exhort\u00f3 a ejercer la profesi\u00f3n con un gran compromiso, por<br>egresar de una de las instituciones con m\u00e1s prestigio en la regi\u00f3n centro del<br>estado de Coahuila, asimismo invit\u00f3 a los nuevos licenciados a reflexionar sobre<br>las metas profesionales que tienen para el futuro y continuar con su formaci\u00f3n<br>acad\u00e9mica a trav\u00e9s de estudios de posgrado para afrontar los retos de la nueva<br>realidad.<\/p>\n\n\n\n<p>Las autoridades entregaron los t\u00edtulos que acreditan la formaci\u00f3n profesional de la<br>generaci\u00f3n 53 de la Licenciatura de Contadur\u00eda P\u00fablica, de la generaci\u00f3n 53 de la<br>Licenciatura en Administraci\u00f3n de Empresas, de la generaci\u00f3n 37 de la<br>Licenciatura en Administraci\u00f3n de Recursos Humanos y la cuarta generaci\u00f3n de la<br>Licenciatura en Negocios Internacionales; de igual forma, se entregaron los<br>diplomas a los mejores promedios de cada carrera.<\/p>\n","protected":false},"excerpt":{"rendered":"<p>MONCLOVA, Coahuila. 8 de octubre de 2021.- En el marco del 45 aniversario dela Facultad de Contadur\u00eda y Administraci\u00f3n Unidad Norte de la UniversidadAut\u00f3noma de Coahuila, la tarde del jueves el rector Salvador Hern\u00e1ndez V\u00e9lezentreg\u00f3 los t\u00edtulos profesionales a los egresados de la Generaci\u00f3n Diciembre 2020de las cuatro carreras que se imparten en el plantel. En ceremonia solemne efectuada en la Sala de Seminarios de la Unidad Norte, yen presencia&#8230;<\/p>\n","protected":false},"author":1,"featured_media":4888,"comment_status":"closed","ping_status":"closed","sticky":false,"template":"","format":"standard","meta":{"footnotes":""},"categories":[2],"tags":[],"class_list":["post-4887","post","type-post","status-publish","format-standard","has-post-thumbnail","hentry","category-uadec","wpcat-2-id"],"_links":{"self":[{"href":"https:\/\/www.aquilaguna.com\/index.php\/wp-json\/wp\/v2\/posts\/4887","targetHints":{"allow":["GET"]}}],"collection":[{"href":"https:\/\/www.aquilaguna.com\/index.php\/wp-json\/wp\/v2\/posts"}],"about":[{"href":"https:\/\/www.aquilaguna.com\/index.php\/wp-json\/wp\/v2\/types\/post"}],"author":[{"embeddable":true,"href":"https:\/\/www.aquilaguna.com\/index.php\/wp-json\/wp\/v2\/users\/1"}],"replies":[{"embeddable":true,"href":"https:\/\/www.aquilaguna.com\/index.php\/wp-json\/wp\/v2\/comments?post=4887"}],"version-history":[{"count":1,"href":"https:\/\/www.aquilaguna.com\/index.php\/wp-json\/wp\/v2\/posts\/4887\/revisions"}],"predecessor-version":[{"id":4889,"href":"https:\/\/www.aquilaguna.com\/index.php\/wp-json\/wp\/v2\/posts\/4887\/revisions\/4889"}],"wp:featuredmedia":[{"embeddable":true,"href":"https:\/\/www.aquilaguna.com\/index.php\/wp-json\/wp\/v2\/media\/4888"}],"wp:attachment":[{"href":"https:\/\/www.aquilaguna.com\/index.php\/wp-json\/wp\/v2\/media?parent=4887"}],"wp:term":[{"taxonomy":"category","embeddable":true,"href":"https:\/\/www.aquilaguna.com\/index.php\/wp-json\/wp\/v2\/categories?post=4887"},{"taxonomy":"post_tag","embeddable":true,"href":"https:\/\/www.aquilaguna.com\/index.php\/wp-json\/wp\/v2\/tags?post=4887"}],"curies":[{"name":"wp","href":"https:\/\/api.w.org\/{rel}","templated":true}]}}