{"id":4900,"date":"2021-10-08T19:24:06","date_gmt":"2021-10-09T00:24:06","guid":{"rendered":"https:\/\/www.aquilaguna.com\/?p=4900"},"modified":"2021-10-08T19:24:07","modified_gmt":"2021-10-09T00:24:07","slug":"apoyo-total-para-agua-saludable-para-la-laguna-amlo-mars-y-jrat","status":"publish","type":"post","link":"https:\/\/www.aquilaguna.com\/index.php\/2021\/10\/08\/apoyo-total-para-agua-saludable-para-la-laguna-amlo-mars-y-jrat\/","title":{"rendered":"APOYO TOTAL PARA \u2018AGUA SALUDABLE PARA LA LAGUNA\u2019: AMLO, MARS Y JRAT."},"content":{"rendered":"\n<p>\u00b7\u00a0\u00a0\u00a0\u00a0\u00a0\u00a0<strong><em>\u2018Soy de la idea que debemos seguir trabajando cerca de la ciudadan\u00eda y con los alcaldes\u2019: Miguel Riquelme.<\/em><\/strong><\/p>\n\n\n\n<p>\u00b7&nbsp;&nbsp;&nbsp;&nbsp;&nbsp;&nbsp;<strong><em>&nbsp;\u2018El objetivo es garantizar la salud de esta importante regi\u00f3n\u2019: Jos\u00e9 Rosas Aispuro.<\/em><\/strong><\/p>\n\n\n\n<p>Lerdo, Durango; a 8 de Octubre de 2021.- &nbsp;Con una inversi\u00f3n que alcanzar\u00e1 los 10 mil millones de pesos, el proyecto \u201cAgua Saludable para La Laguna\u201d beneficiar\u00e1 a 1.6 millones de habitantes de 9 municipios tanto de Coahuila como de Durango, destac\u00f3 hoy en su visita a esta ciudad el presidente Andr\u00e9s Manuel L\u00f3pez Obrador: \u201cEs una gran obra que ser\u00e1 algo muy bueno en beneficio de la Comarca Lagunera. Vamos a cumplir con los compromisos\u201d.<\/p>\n\n\n\n<p>\u201cGracias, los felicito y manos a la obra\u201d, dijo el Presidente.<\/p>\n\n\n\n<p>Acompa\u00f1aron al Primer Mandatario los gobernadores de Coahuila y Durango, Miguel \u00c1ngel Riquelme Sol\u00eds y Jos\u00e9 Rosas Aispuro Torres, respectivamente.<\/p>\n\n\n\n<p><strong>COORDINACI\u00d3N Y VOLUNTAD: COAHUILA<\/strong><\/p>\n\n\n\n<p>Riquelme Sol\u00eds se\u00f1al\u00f3 que el trabajo coordinado de los diferentes actores en la socializaci\u00f3n del proyecto ha sido pieza fundamental para sensibilizar a la poblaci\u00f3n en los alcances del mismo y en los grandes beneficios que traer\u00e1 para todos.<\/p>\n\n\n\n<p>\u201cAgua Saludable para La Laguna\u201d garantizar\u00e1 el abasto para todos los habitantes de la Comarca Lagunera por los pr\u00f3ximos 25 a\u00f1os, por lo tanto el derecho humano al agua y, por supuesto, a la salud, destac\u00f3.<\/p>\n\n\n\n<p>\u201cMi reconocimiento a todos los involucrados, a Conagua, al Gobierno de Durango y, por supuesto, a la Asociaci\u00f3n Civil Pro de Nazas. Soy de la idea que debemos seguir trabajando cerca de la ciudadan\u00eda y con los alcaldes, porque uno de los grandes retos es mejorar la eficiencia de los sistemas de agua, la mejora de las l\u00edneas de conducci\u00f3n y brindar un eficaz servicio a los usuarios\u201d, manifest\u00f3 el Mandatario coahuilense.<\/p>\n\n\n\n<p>Record\u00f3 que para los coahuilenses nada ha sido f\u00e1cil, y que hoy se brinca un obst\u00e1culo con el apoyo y conciencia ciudadana.<\/p>\n\n\n\n<p>Riquelme Sol\u00eds cit\u00f3 que pese a las diferencias que pueda tener, de su parte nunca obstaculizar\u00e1 los proyectos que sean de beneficio para M\u00e9xico y para Coahuila.<\/p>\n\n\n\n<p><strong>SUMA DE VOLUNTADES: AMLO\u00a0<\/strong><\/p>\n\n\n\n<p>En su mensaje, el presidente Andr\u00e9s Manuel L\u00f3pez Obrador pidi\u00f3 la socializaci\u00f3n del proyecto, despu\u00e9s de haberse realizado las mesas de trabajo con los diversos sectores.<\/p>\n\n\n\n<p>El Presidente de M\u00e9xico agradeci\u00f3 la participaci\u00f3n de los gobernadores de Coahuila y Durango, ya que este resultado es la suma de voluntades de todas y todos los laguneros.<\/p>\n\n\n\n<p>\u201cHay presupuesto, tenemos para este a\u00f1o 1 mil 200 millones de pesos, y para el 2022 hay otros 2 mil 300 millones\u201d, dijo.<\/p>\n\n\n\n<p>\u201cEstimamos que ser\u00e1n alrededor de 10 mil millones para toda la obra, pues no s\u00f3lo es el abastecimiento del agua, sino reparar las l\u00edneas de conexi\u00f3n en los municipios y en los sistemas de agua potable, que tambi\u00e9n son necesarios\u201d.<\/p>\n\n\n\n<p>L\u00f3pez Obrador agreg\u00f3 que incluso le apostar\u00e1n a modernizar los sistemas de riego, y que se conectar\u00e1 este programa a trav\u00e9s de un \u201cPlan de Desarrollo Integral para La Laguna\u201d, que incluya cr\u00e9ditos, precios de garant\u00eda y otros para los productores.<\/p>\n\n\n\n<p>\u201cPero igualmente temas de seguridad, desarrollo urbano, en el que se ver\u00e1n involucrados los funcionarios federales y los gobernadores de esta \u00e1rea\u201d, mencion\u00f3.<\/p>\n\n\n\n<p>De la misma manera, se\u00f1al\u00f3 que volver\u00e1 en tres meses a esta tierra para que, juntos, una vez que est\u00e9 listo dicho plan, se pueda avanzar, porque el proyecto se tiene que hacer en poco m\u00e1s de dos a\u00f1os.<\/p>\n\n\n\n<p>\u201cLograr un acuerdo sobre c\u00f3mo usar el agua en beneficio de todos no es cualquier cosa, por eso les felicito. Lo han hecho en otras situaciones dif\u00edciles para los laguneros, est\u00e1n de nuevo poniendo un ejemplo a nivel nacional; lo hicieron cuando estaba esta regi\u00f3n ingobernable por la violencia, y se reunieron y establecieron un sistema que es un modelo, porque ya no hay la violencia que exist\u00eda\u201d, reconoci\u00f3 L\u00f3pez Obrador.<\/p>\n\n\n\n<p>Finalmente, el Presidente dijo que en la pol\u00edtica se requiere cabeza, coraz\u00f3n y car\u00e1cter y tambi\u00e9n de presencia, prudencia y paciencia para llegar a acuerdos.<\/p>\n\n\n\n<p><strong>FUERZA REGIONAL: DURANGO<\/strong><\/p>\n\n\n\n<p>Jos\u00e9 Rosas Aispuro Torres, Gobernador de Durango, agradeci\u00f3 a L\u00f3pez Obrador por su voluntad de continuar con el Proyecto \u201cAgua Saludable para La Laguna\u201d.<\/p>\n\n\n\n<p>Record\u00f3 que se gener\u00f3 un esquema de socializaci\u00f3n del proyecto, y que hoy la gente de La Laguna est\u00e1 segura de que este proyecto es el adecuado.<\/p>\n\n\n\n<p>De igual manera, agradeci\u00f3 al gobernador Miguel Riquelme por el trabajo conjunto entre las dos entidades.<\/p>\n\n\n\n<p>\u201cAqu\u00ed el objetivo es garantizar la salud de esta importante regi\u00f3n; agradezco a Prodefensa del Nazas y a todos los miembros de esta asociaci\u00f3n por avanzar en esta situaci\u00f3n, y no los vamos a dejar solos, vamos a trabajar con ustedes\u201d, se\u00f1al\u00f3.<\/p>\n\n\n\n<p><strong>PRIMERO LA SALUD: CONAGUA<\/strong><\/p>\n\n\n\n<p>En su intervenci\u00f3n, Germ\u00e1n Mart\u00ednez Santoyo, Director General de la Comisi\u00f3n Nacional del Agua, record\u00f3 que el principal objetivo de este proyecto es proporcionar agua de excelente calidad para la Comarca Lagunera.<\/p>\n\n\n\n<p>\u201cDe ese tama\u00f1o es el proyecto que nos une, que no s\u00f3lo da certeza del abastecimiento del agua a largo plazo, sino que impacta en la salud\u201d, mencion\u00f3.<\/p>\n\n\n\n<p>Inform\u00f3 que ya se tienen obras iniciadas en torno a este plan, y que todas son compatibles con los acuerdos celebrados con Prodefensa del Nazas, que era la que hab\u00eda iniciado el amparo y del que desistieron.<\/p>\n\n\n\n<p>\u201cLa organizaci\u00f3n particip\u00f3 en todas las sesiones informativas, y como resultado se acord\u00f3 el retiro del amparo, por lo que el d\u00eda domingo 3 de octubre procedi\u00f3 a solicitar el desistimiento, y el d\u00eda jueves 7 se procedi\u00f3 a ratificar el desistimiento del amparo por parte\u201d, record\u00f3.<\/p>\n\n\n\n<p>Hubo mesas de di\u00e1logo con c\u00e1maras y colegios, Sector Salud, agricultores y academia de investigaci\u00f3n, entre otros, y como conclusi\u00f3n, dijo que existe un consenso general de todos los sectores sociales que participaron en dichas mesas sobre la importancia de que el proyecto se lleve a cabo y de combatir la sobreexplotaci\u00f3n.<\/p>\n\n\n\n<p>Algunos de los presentes en este evento fueron Eduardo Tricio Haro, presidente de Grupo LALA; Rabindranath Salazar Solorio, subsecretario de Desarrollo Democr\u00e1tico, Participaci\u00f3n Social y Asuntos Religiosos del Gobierno Federal; Jorge Zeme\u00f1o Infante, Alcalde de Torre\u00f3n; Marina Vitela Rodr\u00edguez, Presidenta Municipal de G\u00f3mez Palacio, y Homero Mart\u00ednez Cabrera, Alcalde de Lerdo.<\/p>\n\n\n\n<p>Adem\u00e1s de otras presidentas y presidentes municipales de la Regi\u00f3n Laguna, empresarios, titulares de c\u00e1maras de comercio, representantes de m\u00f3dulos de riego, asociaciones de ambientalistas y otros.<\/p>\n","protected":false},"excerpt":{"rendered":"<p>\u00b7\u00a0\u00a0\u00a0\u00a0\u00a0\u00a0\u2018Soy de la idea que debemos seguir trabajando cerca de la ciudadan\u00eda y con los alcaldes\u2019: Miguel Riquelme. \u00b7&nbsp;&nbsp;&nbsp;&nbsp;&nbsp;&nbsp;&nbsp;\u2018El objetivo es garantizar la salud de esta importante regi\u00f3n\u2019: Jos\u00e9 Rosas Aispuro. Lerdo, Durango; a 8 de Octubre de 2021.- &nbsp;Con una inversi\u00f3n que alcanzar\u00e1 los 10 mil millones de pesos, el proyecto \u201cAgua Saludable para La Laguna\u201d beneficiar\u00e1 a 1.6 millones de habitantes de 9 municipios tanto de Coahuila como&#8230;<\/p>\n","protected":false},"author":1,"featured_media":4901,"comment_status":"closed","ping_status":"closed","sticky":false,"template":"","format":"standard","meta":{"footnotes":""},"categories":[32,15,64,31,28],"tags":[],"class_list":["post-4900","post","type-post","status-publish","format-standard","has-post-thumbnail","hentry","category-agua","category-gobierno-de-coahuila","category-gobierno-de-durango","category-gobierno-federal","category-la-laguna","wpcat-32-id","wpcat-15-id","wpcat-64-id","wpcat-31-id","wpcat-28-id"],"_links":{"self":[{"href":"https:\/\/www.aquilaguna.com\/index.php\/wp-json\/wp\/v2\/posts\/4900","targetHints":{"allow":["GET"]}}],"collection":[{"href":"https:\/\/www.aquilaguna.com\/index.php\/wp-json\/wp\/v2\/posts"}],"about":[{"href":"https:\/\/www.aquilaguna.com\/index.php\/wp-json\/wp\/v2\/types\/post"}],"author":[{"embeddable":true,"href":"https:\/\/www.aquilaguna.com\/index.php\/wp-json\/wp\/v2\/users\/1"}],"replies":[{"embeddable":true,"href":"https:\/\/www.aquilaguna.com\/index.php\/wp-json\/wp\/v2\/comments?post=4900"}],"version-history":[{"count":1,"href":"https:\/\/www.aquilaguna.com\/index.php\/wp-json\/wp\/v2\/posts\/4900\/revisions"}],"predecessor-version":[{"id":4902,"href":"https:\/\/www.aquilaguna.com\/index.php\/wp-json\/wp\/v2\/posts\/4900\/revisions\/4902"}],"wp:featuredmedia":[{"embeddable":true,"href":"https:\/\/www.aquilaguna.com\/index.php\/wp-json\/wp\/v2\/media\/4901"}],"wp:attachment":[{"href":"https:\/\/www.aquilaguna.com\/index.php\/wp-json\/wp\/v2\/media?parent=4900"}],"wp:term":[{"taxonomy":"category","embeddable":true,"href":"https:\/\/www.aquilaguna.com\/index.php\/wp-json\/wp\/v2\/categories?post=4900"},{"taxonomy":"post_tag","embeddable":true,"href":"https:\/\/www.aquilaguna.com\/index.php\/wp-json\/wp\/v2\/tags?post=4900"}],"curies":[{"name":"wp","href":"https:\/\/api.w.org\/{rel}","templated":true}]}}