{"id":4910,"date":"2021-10-08T20:17:54","date_gmt":"2021-10-09T01:17:54","guid":{"rendered":"https:\/\/www.aquilaguna.com\/?p=4910"},"modified":"2021-10-08T20:17:54","modified_gmt":"2021-10-09T01:17:54","slug":"emplaza-amlo-a-gobernadores-de-coahuila-durango-y-delegados-federales-a-presentar-plan-integral-de-desarrollo-de-la-comarca-lagunera","status":"publish","type":"post","link":"https:\/\/www.aquilaguna.com\/index.php\/2021\/10\/08\/emplaza-amlo-a-gobernadores-de-coahuila-durango-y-delegados-federales-a-presentar-plan-integral-de-desarrollo-de-la-comarca-lagunera\/","title":{"rendered":"Emplaza AMLO a Gobernadores de Coahuila, Durango y delegados federales  a presentar plan integral de desarrollo de la comarca lagunera."},"content":{"rendered":"\n<p>Lerdo, Durango.- De nueva cuenta, el Presidente\u00a0 Andr\u00e9s Manuel L\u00f3pez Obrador, emplaza a los gobernadores de Durango y Coahuila, as\u00ed como a los\u00a0 delegados federales que concurren en esta regi\u00f3n, a presentarle un Plan Integral de Desarrollo para la comarca\u00a0 que contemple la tem\u00e1tica de medio ambiente, desarrollo social, econ\u00f3mico, agropecuario, etc., y las posibles propuestas de soluci\u00f3n a\u00a0 los mismos.<\/p>\n\n\n\n<p>Lo anterior, durante\u00a0 su intervenci\u00f3n en el acto por \u00e9l presidido \u00e9sta ma\u00f1ana luego de recibir el benepl\u00e1cito de los gobernadores de\u00a0 Coahuila y Durango, Miguel\u00a0 Angel Riquelme Solis y Jos\u00e9 Rosas Aispuru respectivamente\u00a0 como el informe del titular de la CONAGUA\u00a0 con los saldos\u00a0 de la socializaci\u00f3n\u00a0y o\u00edr la ordenada y la declinaci\u00f3n del amparo promovido en contra, por parte de la agrupaci\u00f3n Pro\u00a0 Defensa del Nazas, A.C., el que \u00a0 manifest\u00f3 finalmente su anuencia para que siga adelante el denominado Proyecto &#8220;Agua Saludable Para la Laguna&#8221;, para el que asegur\u00f3 y comprometida\u00a0 su palabra para que no falten recursos\u00a0 p\u00fablicos para ello.<\/p>\n\n\n\n<p>Asegur\u00f3 luego que,\u00a0 &#8220;las bondades del proyecto que autoriza para realizarse desde ahora mismo\u00a0 por la poblaci\u00f3n lagunera afectada por consumir agua contaminada\u00a0 con sales arsenicales, a consecuencia de la sobrexplotaci\u00f3n de su acu\u00edfero \u00a0 no mas all\u00e1 del 2023, pues su gobierno&#8221;, asegura, &#8220;no dejar\u00e1 obra p\u00fablica alguna inconclusa&#8221;.\u00a0\u00a0<\/p>\n\n\n\n<p>Lo anterior durante su intervenci\u00f3n \u00a0 al cierre del acto celebrado en \u00e9sta poblaci\u00f3n, convocado por la CONAGUA y Gobiernos de los Estados de\u00a0 Durango y Coahuila \u00a0 y darle a conocer los resultados\u00a0 de la campa\u00f1a de socializaci\u00f3n \u00a0 del Proyecto citado,\u00a0 ordenado por \u00e9l mismo en su ultima visita a \u00e9ste mismo lugar el pasado 15 de agosto, y detectar\u00a0 oposiciones  de algunos segmentos de la poblaci\u00f3n.\u00a0<\/p>\n\n\n\n<p>Previa a la\u00a0 intervenci\u00f3n presidencial, la audiencia convocada exprofeso, constituida por\u00a0 dirigentes de los m\u00f3dulos de riego del Distrito de Riego 17 en la Laguna, empresarios  de algunas c\u00e1maras empresariales,\u00a0 \u00a0 ambientalistas entre los que destacaba el grupo denominado Pro\u00a0 Defensa del Nazas, y sus dirigentes, alcaldes \u00a0 de los nueve municipios involucrados en tal proyecto \u00a0 y otros invitados especiales, hab\u00edan expresado su apoyo al proyecto citado, a mano a alzada al ser preguntados sobre el mismo.<\/p>\n\n\n\n<p>Previo en sus intervenciones los gobernadores de Durango y Coahuila hab\u00edan expresado en la tribuna su benepl\u00e1cito\u00a0 y\u00a0 cooperaci\u00f3n para que la obra que involucra &#8220;Agua Saludable Para la Laguna&#8221; sea una realidad, ponderando el objetivo\u00a0 final del mismo, que\u00a0 es entregar agua abundante y\u00a0 limpia de contaminantes a la poblaci\u00f3n lagunera que habitan en 9 municipios, de los cuales cinco corresponden a Coahuila y el resto, cuatro a Durango.\u00a0\u00a0<\/p>\n\n\n\n<p>El Presidente L\u00f3pez Obrador se dijo satisfecho con el saldo que arroj\u00f3 &#8220;la socializaci\u00f3n&#8221; emprendida y a cargo de la CONAGUA, \u00a0 as\u00ed como los gobernadores\u00a0 de\u00a0 Coahuila y Durango y mas aun con desistimiento alcanzado con intervenci\u00f3n\u00a0 de la Secretar\u00eda de Gobernaci\u00f3n ante los integrantes y representantes de Pro Defensa del Nazas, A. C, por haber declinado proseguir adelante con el Juicio de Amparo interpuesto en contra de la realizaci\u00f3n de una de las obras calves en este proyecto.<\/p>\n\n\n\n<p>Con \u00a0 todo y ello, resta aun, satisfacer objeciones que al proyecto citado presentan los campesinos integrantes del Modulo III San Jacinto\u00a0 cuyas demandas que constituyen; una, el pago de la indemnizaci\u00f3n que el gobierno federal les adeuda desde 1946 por apropiaci\u00f3n de algunos tramos de tierras de su\u00a0 dominio ejidal,\u00a0 mas\u00a0 respetar el estiaje\u00a0 asignado al ejido San Jacinto y que resultar\u00e1 afectado con las\u00a0 disposiciones que se deriven para abastecer de agua al proyecto\u00a0 en marcha. \u00a0<\/p>\n","protected":false},"excerpt":{"rendered":"<p>Lerdo, Durango.- De nueva cuenta, el Presidente\u00a0 Andr\u00e9s Manuel L\u00f3pez Obrador, emplaza a los gobernadores de Durango y Coahuila, as\u00ed como a los\u00a0 delegados federales que concurren en esta regi\u00f3n, a presentarle un Plan Integral de Desarrollo para la comarca\u00a0 que contemple la tem\u00e1tica de medio ambiente, desarrollo social, econ\u00f3mico, agropecuario, etc., y las posibles propuestas de soluci\u00f3n a\u00a0 los mismos. Lo anterior, durante\u00a0 su intervenci\u00f3n en el acto por&#8230;<\/p>\n","protected":false},"author":2,"featured_media":0,"comment_status":"closed","ping_status":"","sticky":false,"template":"","format":"standard","meta":{"footnotes":""},"categories":[15,64,31],"tags":[],"class_list":["post-4910","post","type-post","status-publish","format-standard","hentry","category-gobierno-de-coahuila","category-gobierno-de-durango","category-gobierno-federal","wpcat-15-id","wpcat-64-id","wpcat-31-id"],"_links":{"self":[{"href":"https:\/\/www.aquilaguna.com\/index.php\/wp-json\/wp\/v2\/posts\/4910","targetHints":{"allow":["GET"]}}],"collection":[{"href":"https:\/\/www.aquilaguna.com\/index.php\/wp-json\/wp\/v2\/posts"}],"about":[{"href":"https:\/\/www.aquilaguna.com\/index.php\/wp-json\/wp\/v2\/types\/post"}],"author":[{"embeddable":true,"href":"https:\/\/www.aquilaguna.com\/index.php\/wp-json\/wp\/v2\/users\/2"}],"replies":[{"embeddable":true,"href":"https:\/\/www.aquilaguna.com\/index.php\/wp-json\/wp\/v2\/comments?post=4910"}],"version-history":[{"count":1,"href":"https:\/\/www.aquilaguna.com\/index.php\/wp-json\/wp\/v2\/posts\/4910\/revisions"}],"predecessor-version":[{"id":4911,"href":"https:\/\/www.aquilaguna.com\/index.php\/wp-json\/wp\/v2\/posts\/4910\/revisions\/4911"}],"wp:attachment":[{"href":"https:\/\/www.aquilaguna.com\/index.php\/wp-json\/wp\/v2\/media?parent=4910"}],"wp:term":[{"taxonomy":"category","embeddable":true,"href":"https:\/\/www.aquilaguna.com\/index.php\/wp-json\/wp\/v2\/categories?post=4910"},{"taxonomy":"post_tag","embeddable":true,"href":"https:\/\/www.aquilaguna.com\/index.php\/wp-json\/wp\/v2\/tags?post=4910"}],"curies":[{"name":"wp","href":"https:\/\/api.w.org\/{rel}","templated":true}]}}