{"id":4981,"date":"2021-10-14T17:56:05","date_gmt":"2021-10-14T22:56:05","guid":{"rendered":"https:\/\/www.aquilaguna.com\/?p=4981"},"modified":"2021-10-14T17:56:06","modified_gmt":"2021-10-14T22:56:06","slug":"se-presenta-coahuila-en-el-festival-internacional-cervantino-2021","status":"publish","type":"post","link":"https:\/\/www.aquilaguna.com\/index.php\/2021\/10\/14\/se-presenta-coahuila-en-el-festival-internacional-cervantino-2021\/","title":{"rendered":"SE PRESENTA COAHUILA EN EL FESTIVAL INTERNACIONAL CERVANTINO 2021."},"content":{"rendered":"\n<p>\u00b7\u00a0\u00a0\u00a0\u00a0\u00a0\u00a0<strong><em>\u00a0El gobernador Miguel Riquelme acompa\u00f1\u00f3 a Diego Sinhu\u00e9 Rodr\u00edguez, Gobernador de Guanajuato, en el concierto inaugural.<\/em><\/strong><\/p>\n\n\n\n<p>\u00b7&nbsp;&nbsp;&nbsp;&nbsp;&nbsp;&nbsp;<strong><em>&nbsp;Coahuila y Cuba son los invitados en esta edici\u00f3n 49 del FIC.<\/em><\/strong><\/p>\n\n\n\n<p>\u00b7&nbsp;&nbsp;&nbsp;&nbsp;&nbsp;&nbsp;<strong><em>&nbsp;590 coahuilenses participar\u00e1n en 65 actividades art\u00edsticas y acad\u00e9micas.<\/em><\/strong><\/p>\n\n\n\n<p>Guanajuato, Guanajuato; a 13 de Octubre de 2021.- El Gobernador del Estado de Coahuila, Miguel \u00c1ngel Riquelme Sol\u00eds, acompa\u00f1\u00f3 al Gobernador de Guanajuato, Diego Sinhu\u00e9 Rodr\u00edguez Vallejo, en la inauguraci\u00f3n de la edici\u00f3n 49 del Festival Internacional Cervantino, el cual se celebrar\u00e1 del 13 al 31 de octubre en los recintos culturales del Estado de Guanajuato, as\u00ed como en las plataformas digitales oficiales.<\/p>\n\n\n\n<p>En esta ocasi\u00f3n, Cuba y Coahuila son los invitados de honor al FIC, quienes presentar\u00e1n un amplio programa de actividades esc\u00e9nicas, literarias, cinematogr\u00e1ficas y visuales para mostrar la diversidad art\u00edstica y los v\u00ednculos entre ambos territorios.<\/p>\n\n\n\n<p>El concierto inaugural, al cual asisti\u00f3 el Mandatario coahuilense y que se llev\u00f3 a cabo en la Explanada de la Alh\u00f3ndiga de Granaditas, lo ofrecieron la Orquesta Filarm\u00f3nica del Desierto, de Coahuila, junto a la agrupaci\u00f3n cubana Formell y Los Van Van.<\/p>\n\n\n\n<p>En este evento inaugural estuvieron presentes, junto a los gobernadores de Guanajuato y Coahuila, el Ministro de Cultura de Cuba, Alpidio Alonso Grau; Ana Sof\u00eda Garc\u00eda Camil, Secretaria de Cultura de Coahuila, y Adriana Camarena de Obeso, Directora del Instituto Estatal de la Cultura de Guanajuato, as\u00ed como Marina N\u00fa\u00f1ez Bespalova, Subsecretaria de Desarrollo Cultural de la Secretar\u00eda de Cultura del Gobierno de M\u00e9xico.<\/p>\n\n\n\n<p>Ser\u00e1n 590 los coahuilenses quienes tendr\u00e1n la oportunidad de presentar ante el mundo m\u00e1s de 65 actividades art\u00edsticas y acad\u00e9micas.<\/p>\n\n\n\n<p>Coahuila presentar\u00e1 en este FIC exposiciones fotogr\u00e1ficas del desierto, eventos de danza folkl\u00f3rica, cine, teatro, el m\u00f3dulo del Museo del Desierto (con r\u00e9plicas de dinosaurios), as\u00ed como la Ruta Vinos y Dinos, adem\u00e1s de la gastronom\u00eda y las bondades de sus siete Pueblos M\u00e1gicos.<\/p>\n\n\n\n<p>La Camerata de Coahuila, representantes del Canto Cardenche de La Laguna; producciones literarias y la destacada participaci\u00f3n de escritores, poetas y del prestigiado y reconocido Cronista de Saltillo, Armando Fuentes Aguirre \u201cCat\u00f3n\u201d, entre otros, son parte del programa de este que est\u00e1 considerado como uno de los cuatro mayores festivales del mundo, y es el m\u00e1s importante de M\u00e9xico y de Latinoam\u00e9rica.<\/p>\n","protected":false},"excerpt":{"rendered":"<p>\u00b7\u00a0\u00a0\u00a0\u00a0\u00a0\u00a0\u00a0El gobernador Miguel Riquelme acompa\u00f1\u00f3 a Diego Sinhu\u00e9 Rodr\u00edguez, Gobernador de Guanajuato, en el concierto inaugural. \u00b7&nbsp;&nbsp;&nbsp;&nbsp;&nbsp;&nbsp;&nbsp;Coahuila y Cuba son los invitados en esta edici\u00f3n 49 del FIC. \u00b7&nbsp;&nbsp;&nbsp;&nbsp;&nbsp;&nbsp;&nbsp;590 coahuilenses participar\u00e1n en 65 actividades art\u00edsticas y acad\u00e9micas. Guanajuato, Guanajuato; a 13 de Octubre de 2021.- El Gobernador del Estado de Coahuila, Miguel \u00c1ngel Riquelme Sol\u00eds, acompa\u00f1\u00f3 al Gobernador de Guanajuato, Diego Sinhu\u00e9 Rodr\u00edguez Vallejo, en la inauguraci\u00f3n de la edici\u00f3n&#8230;<\/p>\n","protected":false},"author":1,"featured_media":4982,"comment_status":"closed","ping_status":"closed","sticky":false,"template":"","format":"standard","meta":{"footnotes":""},"categories":[5,12,15],"tags":[],"class_list":["post-4981","post","type-post","status-publish","format-standard","has-post-thumbnail","hentry","category-coahuila","category-cultura","category-gobierno-de-coahuila","wpcat-5-id","wpcat-12-id","wpcat-15-id"],"_links":{"self":[{"href":"https:\/\/www.aquilaguna.com\/index.php\/wp-json\/wp\/v2\/posts\/4981","targetHints":{"allow":["GET"]}}],"collection":[{"href":"https:\/\/www.aquilaguna.com\/index.php\/wp-json\/wp\/v2\/posts"}],"about":[{"href":"https:\/\/www.aquilaguna.com\/index.php\/wp-json\/wp\/v2\/types\/post"}],"author":[{"embeddable":true,"href":"https:\/\/www.aquilaguna.com\/index.php\/wp-json\/wp\/v2\/users\/1"}],"replies":[{"embeddable":true,"href":"https:\/\/www.aquilaguna.com\/index.php\/wp-json\/wp\/v2\/comments?post=4981"}],"version-history":[{"count":1,"href":"https:\/\/www.aquilaguna.com\/index.php\/wp-json\/wp\/v2\/posts\/4981\/revisions"}],"predecessor-version":[{"id":4983,"href":"https:\/\/www.aquilaguna.com\/index.php\/wp-json\/wp\/v2\/posts\/4981\/revisions\/4983"}],"wp:featuredmedia":[{"embeddable":true,"href":"https:\/\/www.aquilaguna.com\/index.php\/wp-json\/wp\/v2\/media\/4982"}],"wp:attachment":[{"href":"https:\/\/www.aquilaguna.com\/index.php\/wp-json\/wp\/v2\/media?parent=4981"}],"wp:term":[{"taxonomy":"category","embeddable":true,"href":"https:\/\/www.aquilaguna.com\/index.php\/wp-json\/wp\/v2\/categories?post=4981"},{"taxonomy":"post_tag","embeddable":true,"href":"https:\/\/www.aquilaguna.com\/index.php\/wp-json\/wp\/v2\/tags?post=4981"}],"curies":[{"name":"wp","href":"https:\/\/api.w.org\/{rel}","templated":true}]}}