{"id":4989,"date":"2021-10-14T18:08:10","date_gmt":"2021-10-14T23:08:10","guid":{"rendered":"https:\/\/www.aquilaguna.com\/?p=4989"},"modified":"2021-10-14T18:08:11","modified_gmt":"2021-10-14T23:08:11","slug":"impartiran-el-taller-mi-cuerpo-mi-responsabilidad-prevencion-del-cancer-de-mama-y-cervicouterino","status":"publish","type":"post","link":"https:\/\/www.aquilaguna.com\/index.php\/2021\/10\/14\/impartiran-el-taller-mi-cuerpo-mi-responsabilidad-prevencion-del-cancer-de-mama-y-cervicouterino\/","title":{"rendered":"IMPARTIR\u00c1N EL TALLER \u201cMI CUERPO, MI RESPONSABILIDAD: PREVENCI\u00d3N DEL C\u00c1NCER DE MAMA Y CERVICOUTERINO\u201d."},"content":{"rendered":"\n<p>Comarca Lagunera, Dgo.- En el marco de Octubre, mes de la lucha y prevenci\u00f3n<br>contra el c\u00e1ncer de mama, el Instituto Estatal de las Mujeres en la Laguna en<br>coordinaci\u00f3n con InMujeres, llevar\u00e1 a cabo el viernes 15 de octubre el taller virtual<br>titulado \u201cMi cuerpo, mi responsabilidad: prevenci\u00f3n del c\u00e1ncer de mama y<br>cervicouterino\u201d, de las 9:00 a las 13:00 horas y en la que podr\u00e1n participar las<br>mujeres de todos los municipios de La Laguna.<\/p>\n\n\n\n<p>As\u00ed lo dio a conocer Laura Rosario Moreno Hurtado, directora del Instituto Estatal<br>de las Mujeres en la Regi\u00f3n Laguna, al puntualizar que el taller es gratuito y<br>podr\u00e1n participar mujeres mayores de 15 a\u00f1os. A nivel local, dijo, se impartir\u00e1 esta<br>misma pl\u00e1tica en colonias y empresas de la regi\u00f3n durante los pr\u00f3ximos d\u00edas.<\/p>\n\n\n\n<p>\u201cHoy sabemos que el c\u00e1ncer si es detectado a tiempo es curable, por lo que es<br>importante prevenir, practicar regularmente la autoexploraci\u00f3n y no descuidar los<br>chequeos m\u00e9dicos; es por ello que como Instituto nos sumamos a \u00e9stas<br>actividades que buscan crear conciencia entre nuestras mujeres\u201d a\u00f1adi\u00f3.<\/p>\n\n\n\n<p>En otro orden de ideas, inform\u00f3 que el Instituto Estatal de las Mujeres, a trav\u00e9s de<br>la Unidad Estatal de Prevenci\u00f3n y Atenci\u00f3n a Mujeres V\u00edctimas de Violencia<br>Unidad regi\u00f3n Laguna ofrece la atenci\u00f3n a mujeres que solicitan sus servicios en<br>la Laguna de Durango, e imparten talleres psicoeducativos, principalmente en los<br>pol\u00edgonos con mayor incidencia de violencia.<\/p>\n\n\n\n<p>Precis\u00f3 que durante los meses de mayo y junio, se incorporaron a 121 mujeres, 16<br>hijas y 5 hijos, quienes ya reciben la atenci\u00f3n, asesor\u00eda y acompa\u00f1amiento del<br>\u00e1rea de servicio social; de tal forma que en lo que va del a\u00f1o se han brindado mil<br>066 servicios, en su mayor\u00eda de los Municipios de G\u00f3mez Palacio y Lerdo.<\/p>\n\n\n\n<p>Laura Rosario Moreno Hurtado coment\u00f3 que el Instituto a su cargo trabaja en<br>cuatro sectores principales de la poblaci\u00f3n: p\u00fablico, social, educativo y privado; es<br>por ello que los talleres y pl\u00e1ticas \u00fanicas de prevenci\u00f3n contra la violencia se han<br>impartido en colonias como Las Rosas, Los Laureles, Benito Ju\u00e1rez, Las Cruces y<br>los ejidos El Barro, San Jos\u00e9 del Vi\u00f1edo, entre otros; en dependencias p\u00fablicas;<br>empresas como 7 Leguas y Nuplen Alimentos y en el sector educativo donde se<br>han impartido charlas a los padres de familia.<\/p>\n","protected":false},"excerpt":{"rendered":"<p>Comarca Lagunera, Dgo.- En el marco de Octubre, mes de la lucha y prevenci\u00f3ncontra el c\u00e1ncer de mama, el Instituto Estatal de las Mujeres en la Laguna encoordinaci\u00f3n con InMujeres, llevar\u00e1 a cabo el viernes 15 de octubre el taller virtualtitulado \u201cMi cuerpo, mi responsabilidad: prevenci\u00f3n del c\u00e1ncer de mama ycervicouterino\u201d, de las 9:00 a las 13:00 horas y en la que podr\u00e1n participar lasmujeres de todos los municipios de&#8230;<\/p>\n","protected":false},"author":1,"featured_media":4990,"comment_status":"closed","ping_status":"closed","sticky":false,"template":"","format":"standard","meta":{"footnotes":""},"categories":[40,64,14],"tags":[],"class_list":["post-4989","post","type-post","status-publish","format-standard","has-post-thumbnail","hentry","category-durango","category-gobierno-de-durango","category-salud","wpcat-40-id","wpcat-64-id","wpcat-14-id"],"_links":{"self":[{"href":"https:\/\/www.aquilaguna.com\/index.php\/wp-json\/wp\/v2\/posts\/4989","targetHints":{"allow":["GET"]}}],"collection":[{"href":"https:\/\/www.aquilaguna.com\/index.php\/wp-json\/wp\/v2\/posts"}],"about":[{"href":"https:\/\/www.aquilaguna.com\/index.php\/wp-json\/wp\/v2\/types\/post"}],"author":[{"embeddable":true,"href":"https:\/\/www.aquilaguna.com\/index.php\/wp-json\/wp\/v2\/users\/1"}],"replies":[{"embeddable":true,"href":"https:\/\/www.aquilaguna.com\/index.php\/wp-json\/wp\/v2\/comments?post=4989"}],"version-history":[{"count":1,"href":"https:\/\/www.aquilaguna.com\/index.php\/wp-json\/wp\/v2\/posts\/4989\/revisions"}],"predecessor-version":[{"id":4991,"href":"https:\/\/www.aquilaguna.com\/index.php\/wp-json\/wp\/v2\/posts\/4989\/revisions\/4991"}],"wp:featuredmedia":[{"embeddable":true,"href":"https:\/\/www.aquilaguna.com\/index.php\/wp-json\/wp\/v2\/media\/4990"}],"wp:attachment":[{"href":"https:\/\/www.aquilaguna.com\/index.php\/wp-json\/wp\/v2\/media?parent=4989"}],"wp:term":[{"taxonomy":"category","embeddable":true,"href":"https:\/\/www.aquilaguna.com\/index.php\/wp-json\/wp\/v2\/categories?post=4989"},{"taxonomy":"post_tag","embeddable":true,"href":"https:\/\/www.aquilaguna.com\/index.php\/wp-json\/wp\/v2\/tags?post=4989"}],"curies":[{"name":"wp","href":"https:\/\/api.w.org\/{rel}","templated":true}]}}