{"id":5067,"date":"2021-10-18T19:28:41","date_gmt":"2021-10-19T00:28:41","guid":{"rendered":"https:\/\/www.aquilaguna.com\/?p=5067"},"modified":"2021-10-18T19:28:42","modified_gmt":"2021-10-19T00:28:42","slug":"para-tomar-decisiones-coahuila-se-basa-en-resultados-mars","status":"publish","type":"post","link":"https:\/\/www.aquilaguna.com\/index.php\/2021\/10\/18\/para-tomar-decisiones-coahuila-se-basa-en-resultados-mars\/","title":{"rendered":"PARA TOMAR DECISIONES, COAHUILA SE BASA EN RESULTADOS: MARS."},"content":{"rendered":"\n<p>Torre\u00f3n, Coahuila de Zaragoza; a 18 de Octubre del 2021.- En la sexag\u00e9sima novena reuni\u00f3n del Subcomit\u00e9 T\u00e9cnico Regional Covid-19 en la Laguna, el gobernador Miguel \u00c1ngel Riquelme Sol\u00eds resalt\u00f3 que la f\u00f3rmula para la toma de decisiones es que Coahuila se basa en resultados.<\/p>\n\n\n\n<p>Eso se ha hecho para la reactivaci\u00f3n econ\u00f3mica sin poner en riesgo la salud de las y los coahuilenses, se\u00f1al\u00f3.<\/p>\n\n\n\n<p>\u201cLa calma y la prudencia nos han llevado a hacer las cosas bien. El \u00e9xito del manejo de la pandemia es que nos dimos cuenta de lo que ha funcionado, y uno de los grandes retos ahora es la violencia que caus\u00f3 el encierro y que todav\u00eda no podemos resarcir\u201d, expres\u00f3 el Mandatario estatal.<\/p>\n\n\n\n<p>Agradeci\u00f3 a los participantes de este Subcomit\u00e9: empresarios y representantes de c\u00e1maras, que comparten la visi\u00f3n de mantener un equilibrio entre la salud y la econom\u00eda. Desde luego mostr\u00f3 su gratitud a las y los alcaldes de la regi\u00f3n por sumarse a la toma de decisiones en conjunto.<\/p>\n\n\n\n<p><strong>ACUERDOS EN SUBCOMIT\u00c9 LAGUNA<\/strong><\/p>\n\n\n\n<p>Esta mesa lleg\u00f3 a los siguientes acuerdos:<\/p>\n\n\n\n<p>\u00b7&nbsp;&nbsp;&nbsp;&nbsp;&nbsp;&nbsp;Se autoriz\u00f3 la realizaci\u00f3n del Concierto de Mijares para el 22 de octubre en el Coliseo Centenario, con un aforo de un 60 por ciento.<\/p>\n\n\n\n<p>\u00b7&nbsp;&nbsp;&nbsp;&nbsp;&nbsp;&nbsp;Se autoriz\u00f3 la realizaci\u00f3n del Marat\u00f3n Lala 2022 para el 6 de marzo, con un aforo del 70 por ciento (6 mil corredores).<\/p>\n\n\n\n<p>\u00b7&nbsp;&nbsp;&nbsp;&nbsp;&nbsp;&nbsp;Con la salvedad de que ser\u00e1 revisado de nueva cuenta el aforo para diciembre o enero y, si es que las condiciones sanitarias lo permiten, extenderlo a un 100 por ciento.<\/p>\n\n\n\n<p>\u00b7&nbsp;&nbsp;&nbsp;&nbsp;&nbsp;&nbsp;Participar\u00e1n corredores de 5 pa\u00edses diferentes y las 32 entidades de M\u00e9xico.<\/p>\n\n\n\n<p>\u00b7&nbsp;&nbsp;&nbsp;&nbsp;&nbsp;&nbsp;Se autoriz\u00f3 la realizaci\u00f3n de la Expociencias Coahuila 2021 del Instituto Exc\u00e9lsior, para el 4 y 5 de noviembre en las instalaciones de este plantel educativo. Habr\u00e1 250 expositores.<\/p>\n\n\n\n<p><strong>VACUNAS EN LA LAGUNA<\/strong><\/p>\n\n\n\n<p>Con respecto al proceso de vacunaci\u00f3n en La Laguna, Fernando Sim\u00f3n Guti\u00e9rrez P\u00e9rez, titular de Comunicaci\u00f3n e Imagen Institucional del Gobierno de Coahuila y Coordinador de este grupo, inform\u00f3 que del 11 al 16 de octubre se aplicaron un total de 68 mil 270 dosis de la vacuna AstraZeneca en diversas sedes, como el Hospital General de Torre\u00f3n (HGT), la Preparatoria Venustiano Carranza, Lala, Pe\u00f1oles y el Bosque Urbano.<\/p>\n\n\n\n<p>Advirti\u00f3 que recientemente se recibi\u00f3 la vacuna Pfizer para iniciar hoy lunes 18 la inoculaci\u00f3n a menores de 12 a 17 a\u00f1os con comorbilidad. La sede para la aplicaci\u00f3n es el HGT.<\/p>\n\n\n\n<p>Esta semana se llevar\u00e1 a cabo la inmunizaci\u00f3n de personal que est\u00e1 pendiente de los centros comerciales Cimaco y Galer\u00edas.<\/p>\n\n\n\n<p><strong>EMBARAZO Y SU RELACI\u00d3N CON EL COVID<\/strong><\/p>\n\n\n\n<p>Roberto Bernal G\u00f3mez, Secretario de Salud del Estado, coment\u00f3 que un mill\u00f3n 814 mil 910 personas han recibido una sola dosis en Coahuila, y 1 mill\u00f3n 321 mil 593 ya cuentan con el esquema completo.<\/p>\n\n\n\n<p>En cuanto a la relevancia de la atenci\u00f3n en la mujer embarazada y su relaci\u00f3n con el Covid-19, dijo que en esta etapa de la mujer se producen cambios que las hacen susceptibles a los procesos infecciosos en lo general.<\/p>\n\n\n\n<p>En 2020 ha sido la primera causa de muerte en embarazadas del Pa\u00eds, la mortalidad perinatal aument\u00f3 hasta cuatro veces y la tasa de mortalidad materna por coronavirus es de 26.2 decesos por cada 100 mil nacimientos.<\/p>\n\n\n\n<p>En Coahuila, ha habido 815 mujeres embarazadas con Covid desde el inicio de la pandemia, y de ellas hubo 11 fallecimientos: \u201cNinguna de ellas ten\u00eda la vacuna y no nos debe volver a ocurrir de aqu\u00ed en adelante\u201d.<\/p>\n\n\n\n<p>Detall\u00f3 que las embarazadas tienen menos s\u00edntomas, pero el riesgo de hospitalizaci\u00f3n y enfermedad grave es mayor.<\/p>\n\n\n\n<p>Vacunarlas, advirti\u00f3, significa proteger dos vidas, y que si no se inocula en el embarazo, que se haga durante el puerperio.<\/p>\n\n\n\n<p>\u201cLa lactancia materna no se contraindica con la vacunaci\u00f3n, y no se debe bajar la guardia con las medidas de prevenci\u00f3n en todo momento\u201d.<\/p>\n\n\n\n<p><strong>MESA OPERATIVA REVISA EVENTOS PARA SU AUTORIZACI\u00d3N<\/strong><\/p>\n\n\n\n<p>El Coordinador de la Mesa Operativa de este Subcomit\u00e9, Luis Gurza Jaidar, y Administrador General de Recaudaci\u00f3n de Rentas, cit\u00f3 los resultados de la reuni\u00f3n pasada donde revisaron los siguientes eventos:<\/p>\n\n\n\n<p>\u00b7&nbsp;&nbsp;&nbsp;&nbsp;&nbsp;&nbsp;El Bailat\u00f3n, que ser\u00e1 el 31 de octubre en la Plaza Mayor. Se aprob\u00f3 con el cumplimiento de los protocolos, el evento ser\u00e1 supervisado por este Subcomit\u00e9.<\/p>\n\n\n\n<p>\u00b7&nbsp;&nbsp;&nbsp;&nbsp;&nbsp;&nbsp;La Mega Reliquia, para el 29 de octubre en el Cerro de las Noas. Se revisar\u00e1 el tema en estos d\u00edas.<\/p>\n\n\n\n<p>\u00b7&nbsp;&nbsp;&nbsp;&nbsp;&nbsp;&nbsp;El evento del D\u00eda de los Muertos. Se autoriza la apertura de panteones con aforos regulados, cuidando la sana distancia en los puestos de flores. Ser\u00e1n supervisados por autoridades municipales y estatales.<\/p>\n\n\n\n<p>\u00b7&nbsp;&nbsp;&nbsp;&nbsp;&nbsp;&nbsp;La XXIII Copa AGOT 2021 para los d\u00edas 29 y 30 de octubre en la Academia de Gimnasia Ol\u00edmpica.<\/p>\n\n\n\n<p>Se aprueba con los protocolos ya definidos y se solicitar\u00e1 prueba negativa a los participantes for\u00e1neos.<\/p>\n\n\n\n<p>Todos los eventos est\u00e1n sujetos al estado del Sem\u00e1foro Epidemiol\u00f3gico de este tiempo, recalc\u00f3 el funcionario.<\/p>\n\n\n\n<p><strong>ASISTENCIA<\/strong><\/p>\n\n\n\n<p>A la reuni\u00f3n, que se desarroll\u00f3 en el Centro de Convenciones de Torre\u00f3n (CCT), se presentaron, adem\u00e1s, Jorge Zerme\u00f1o Infante, Presidente Municipal de Torre\u00f3n; Patricia Grado Falc\u00f3n, Alcaldesa de San Pedro de las Colonias, y Luis Morales Cort\u00e9s, Coordinador de Padrones de la Secretar\u00eda de Finanzas en La Laguna.<\/p>\n\n\n\n<p>Otros funcionarios estatales y municipales, adem\u00e1s de representantes del Mando Especial de la Laguna, de la XI Regi\u00f3n Militar, de hospitales p\u00fablicos y privados, l\u00edderes de c\u00e1maras comerciales, empresariales y de equipos profesionales deportivos.<\/p>\n","protected":false},"excerpt":{"rendered":"<p>Torre\u00f3n, Coahuila de Zaragoza; a 18 de Octubre del 2021.- En la sexag\u00e9sima novena reuni\u00f3n del Subcomit\u00e9 T\u00e9cnico Regional Covid-19 en la Laguna, el gobernador Miguel \u00c1ngel Riquelme Sol\u00eds resalt\u00f3 que la f\u00f3rmula para la toma de decisiones es que Coahuila se basa en resultados. Eso se ha hecho para la reactivaci\u00f3n econ\u00f3mica sin poner en riesgo la salud de las y los coahuilenses, se\u00f1al\u00f3. \u201cLa calma y la prudencia&#8230;<\/p>\n","protected":false},"author":1,"featured_media":5068,"comment_status":"closed","ping_status":"closed","sticky":false,"template":"","format":"standard","meta":{"footnotes":""},"categories":[5,4,15,14],"tags":[],"class_list":["post-5067","post","type-post","status-publish","format-standard","has-post-thumbnail","hentry","category-coahuila","category-covid","category-gobierno-de-coahuila","category-salud","wpcat-5-id","wpcat-4-id","wpcat-15-id","wpcat-14-id"],"_links":{"self":[{"href":"https:\/\/www.aquilaguna.com\/index.php\/wp-json\/wp\/v2\/posts\/5067","targetHints":{"allow":["GET"]}}],"collection":[{"href":"https:\/\/www.aquilaguna.com\/index.php\/wp-json\/wp\/v2\/posts"}],"about":[{"href":"https:\/\/www.aquilaguna.com\/index.php\/wp-json\/wp\/v2\/types\/post"}],"author":[{"embeddable":true,"href":"https:\/\/www.aquilaguna.com\/index.php\/wp-json\/wp\/v2\/users\/1"}],"replies":[{"embeddable":true,"href":"https:\/\/www.aquilaguna.com\/index.php\/wp-json\/wp\/v2\/comments?post=5067"}],"version-history":[{"count":1,"href":"https:\/\/www.aquilaguna.com\/index.php\/wp-json\/wp\/v2\/posts\/5067\/revisions"}],"predecessor-version":[{"id":5069,"href":"https:\/\/www.aquilaguna.com\/index.php\/wp-json\/wp\/v2\/posts\/5067\/revisions\/5069"}],"wp:featuredmedia":[{"embeddable":true,"href":"https:\/\/www.aquilaguna.com\/index.php\/wp-json\/wp\/v2\/media\/5068"}],"wp:attachment":[{"href":"https:\/\/www.aquilaguna.com\/index.php\/wp-json\/wp\/v2\/media?parent=5067"}],"wp:term":[{"taxonomy":"category","embeddable":true,"href":"https:\/\/www.aquilaguna.com\/index.php\/wp-json\/wp\/v2\/categories?post=5067"},{"taxonomy":"post_tag","embeddable":true,"href":"https:\/\/www.aquilaguna.com\/index.php\/wp-json\/wp\/v2\/tags?post=5067"}],"curies":[{"name":"wp","href":"https:\/\/api.w.org\/{rel}","templated":true}]}}