{"id":5103,"date":"2021-10-20T18:16:24","date_gmt":"2021-10-20T23:16:24","guid":{"rendered":"https:\/\/www.aquilaguna.com\/?p=5103"},"modified":"2021-10-20T18:16:24","modified_gmt":"2021-10-20T23:16:24","slug":"el-gobierno-de-coahuila-realizara-la-primera-feria-estatal-de-la-inclusion","status":"publish","type":"post","link":"https:\/\/www.aquilaguna.com\/index.php\/2021\/10\/20\/el-gobierno-de-coahuila-realizara-la-primera-feria-estatal-de-la-inclusion\/","title":{"rendered":"EL GOBIERNO DE COAHUILA REALIZAR\u00c1 LA PRIMERA FERIA ESTATAL DE LA INCLUSI\u00d3N."},"content":{"rendered":"\n<p>\u00b7\u00a0\u00a0\u00a0\u00a0\u00a0\u00a0<strong><em>\u00a0El pr\u00f3ximo jueves en la Facultad de Jurisprudencia de la UA de C<\/em><\/strong><\/p>\n\n\n\n<p>\u00b7&nbsp;&nbsp;&nbsp;&nbsp;&nbsp;&nbsp;<strong><em>&nbsp;Esfuerzo interinstitucional en pro de la poblaci\u00f3n vulnerable<\/em><\/strong><\/p>\n\n\n\n<p>Saltillo, Coahuila de Zaragoza; a 19 de Octubre de 2021.- A iniciativa del gobernador Miguel \u00c1ngel Riquelme Sol\u00eds, la Secretar\u00eda de Inclusi\u00f3n y Desarrollo Social (SIDS), a trav\u00e9s de la Direcci\u00f3n para Promover la Igualdad y Prevenir la Discriminaci\u00f3n (DIPPID), realizar\u00e1 la Primera Feria Estatal de la Inclusi\u00f3n el pr\u00f3ximo jueves 21, en las instalaciones de la Facultad de Jurisprudencia de la UA de C.<\/p>\n\n\n\n<p>Patricia Yeverino Mayola, titular de la Direcci\u00f3n, inform\u00f3 que en un hecho sin precedente en Coahuila, mediante un esfuerzo interinstitucional se brindar\u00e1 atenci\u00f3n integral a las personas que forman parte de la poblaci\u00f3n vulnerable, con la prestaci\u00f3n de m\u00faltiples servicios y acceso a las pol\u00edticas p\u00fablicas implementadas por la actual Administraci\u00f3n Estatal.<\/p>\n\n\n\n<p>De las 09:00 a las 17:00 horas, dependencias estatales, organismos de la sociedad civil, como la Casa Rosa y el DIF-Coahuila, operar\u00e1n m\u00f3dulos de informaci\u00f3n, asesor\u00eda y atenci\u00f3n a las y los asistentes.<\/p>\n\n\n\n<p>Desde bolsa de trabajo hasta tr\u00e1mites para la obtenci\u00f3n de actas de nacimiento; de placas y licencias de conducir; cambio de identidad; de salud sexual y reproductiva; toma de glucosa, presi\u00f3n arterial y pruebas r\u00e1pidas de VIH y s\u00edfilis, ser\u00e1n entre otros los servicios que ah\u00ed se ofrecer\u00e1n.<\/p>\n\n\n\n<p>Adem\u00e1s, habr\u00e1 asesor\u00edas psicol\u00f3gica y notarial; tatuajes y piercings; bisuter\u00eda; exhibici\u00f3n de postres y donaci\u00f3n de cabello para la elaboraci\u00f3n de pelucas oncol\u00f3gicas, indic\u00f3.<\/p>\n\n\n\n<p>Resalt\u00f3 la colaboraci\u00f3n del Rector de la UA de C, Salvador Hern\u00e1ndez V\u00e9lez, y del Director de la Facultad de Jurisprudencia, Alfonso Y\u00e1\u00f1ez Arreola, para la realizaci\u00f3n del evento en las instalaciones&nbsp; universitarias.<\/p>\n\n\n\n<p>Yeverino Mayola explic\u00f3 que para mayor informaci\u00f3n, est\u00e1n a disposici\u00f3n de la poblaci\u00f3n los n\u00fameros telef\u00f3nicos 844 430 8145 y 46, o bien en la p\u00e1gina de Facebook Direcci\u00f3n para Promover la Igualdad y Prevenir la Discriminaci\u00f3n.<\/p>\n","protected":false},"excerpt":{"rendered":"<p>\u00b7\u00a0\u00a0\u00a0\u00a0\u00a0\u00a0\u00a0El pr\u00f3ximo jueves en la Facultad de Jurisprudencia de la UA de C \u00b7&nbsp;&nbsp;&nbsp;&nbsp;&nbsp;&nbsp;&nbsp;Esfuerzo interinstitucional en pro de la poblaci\u00f3n vulnerable Saltillo, Coahuila de Zaragoza; a 19 de Octubre de 2021.- A iniciativa del gobernador Miguel \u00c1ngel Riquelme Sol\u00eds, la Secretar\u00eda de Inclusi\u00f3n y Desarrollo Social (SIDS), a trav\u00e9s de la Direcci\u00f3n para Promover la Igualdad y Prevenir la Discriminaci\u00f3n (DIPPID), realizar\u00e1 la Primera Feria Estatal de la Inclusi\u00f3n el&#8230;<\/p>\n","protected":false},"author":1,"featured_media":5104,"comment_status":"closed","ping_status":"closed","sticky":false,"template":"","format":"standard","meta":{"footnotes":""},"categories":[5,38,15],"tags":[],"class_list":["post-5103","post","type-post","status-publish","format-standard","has-post-thumbnail","hentry","category-coahuila","category-derechos-humanos","category-gobierno-de-coahuila","wpcat-5-id","wpcat-38-id","wpcat-15-id"],"_links":{"self":[{"href":"https:\/\/www.aquilaguna.com\/index.php\/wp-json\/wp\/v2\/posts\/5103","targetHints":{"allow":["GET"]}}],"collection":[{"href":"https:\/\/www.aquilaguna.com\/index.php\/wp-json\/wp\/v2\/posts"}],"about":[{"href":"https:\/\/www.aquilaguna.com\/index.php\/wp-json\/wp\/v2\/types\/post"}],"author":[{"embeddable":true,"href":"https:\/\/www.aquilaguna.com\/index.php\/wp-json\/wp\/v2\/users\/1"}],"replies":[{"embeddable":true,"href":"https:\/\/www.aquilaguna.com\/index.php\/wp-json\/wp\/v2\/comments?post=5103"}],"version-history":[{"count":1,"href":"https:\/\/www.aquilaguna.com\/index.php\/wp-json\/wp\/v2\/posts\/5103\/revisions"}],"predecessor-version":[{"id":5105,"href":"https:\/\/www.aquilaguna.com\/index.php\/wp-json\/wp\/v2\/posts\/5103\/revisions\/5105"}],"wp:featuredmedia":[{"embeddable":true,"href":"https:\/\/www.aquilaguna.com\/index.php\/wp-json\/wp\/v2\/media\/5104"}],"wp:attachment":[{"href":"https:\/\/www.aquilaguna.com\/index.php\/wp-json\/wp\/v2\/media?parent=5103"}],"wp:term":[{"taxonomy":"category","embeddable":true,"href":"https:\/\/www.aquilaguna.com\/index.php\/wp-json\/wp\/v2\/categories?post=5103"},{"taxonomy":"post_tag","embeddable":true,"href":"https:\/\/www.aquilaguna.com\/index.php\/wp-json\/wp\/v2\/tags?post=5103"}],"curies":[{"name":"wp","href":"https:\/\/api.w.org\/{rel}","templated":true}]}}