{"id":5108,"date":"2021-10-20T18:22:39","date_gmt":"2021-10-20T23:22:39","guid":{"rendered":"https:\/\/www.aquilaguna.com\/?p=5108"},"modified":"2021-10-20T18:22:40","modified_gmt":"2021-10-20T23:22:40","slug":"invitan-a-participar-al-xxxi-simposio-de-mercadotecnia-la-esencia-esta-en-la-experiencia","status":"publish","type":"post","link":"https:\/\/www.aquilaguna.com\/index.php\/2021\/10\/20\/invitan-a-participar-al-xxxi-simposio-de-mercadotecnia-la-esencia-esta-en-la-experiencia\/","title":{"rendered":"Invitan a Participar al XXXI Simposio de Mercadotecnia: \u201cLa Esencia est\u00e1 en la Experiencia\u201d."},"content":{"rendered":"\n<p>SALTILLO, Coahuila. 20 de octubre de 2021.- La Facultad de Mercadotecnia de la<br>Universidad Aut\u00f3noma de Coahuila, invita a las personas interesadas sobre temas<br>de actualidad en mercadotecnia, a participar en la Trig\u00e9sima Primera Edici\u00f3n del<br>Simposio de Mercadotecnia \u201cLa Esencia est\u00e1 en la Experiencia\u201d, el cual se llevar\u00e1<br>a cabo el 28 y 29 de octubre de 2021 en la Sala de Seminarios \u201cEmilio J. Talam\u00e1s\u201d<br>en la Unidad Camporredondo y de manera virtual a trav\u00e9s de la plataforma<br>Microsoft Teams.<\/p>\n\n\n\n<p>Los alumnos y miembros del Comit\u00e9 Organizador, Juan Luis Parra Cadena, Paola<br>Benavides Esquivel y Mar\u00eda Guadalupe Hern\u00e1ndez Mart\u00ednez, en conferencia de<br>prensa acompa\u00f1ados por el director del plantel, Fernando Mart\u00ednez Cabrera,<br>se\u00f1alaron que se contar\u00e1 con exponentes expertos en Mercadotecnia, Publicidad,<br>Relaciones P\u00fablicas, Seguridad Cibern\u00e9tica y Medios de Comunicaci\u00f3n.<\/p>\n\n\n\n<p>El Simposio dar\u00e1 inicio el d\u00eda 28 de octubre a las 9:30 de la ma\u00f1ana con la<br>inauguraci\u00f3n a cargo del rector de la m\u00e1xima casa de estudios, Salvador<br>Hern\u00e1ndez V\u00e9lez; posteriormente se impartir\u00e1 la conferencia \u201cAna M\u00e1rquez y sus<br>4P\u00b4s\u201d por la Lic. Ana Virginia M\u00e1rquez Garrido, quien es experta en mercadotecnia<br>y relaciones p\u00fablicas y que compartir\u00e1 su experiencia como profesionista.<\/p>\n\n\n\n<p>Las actividades continuar\u00e1n con la ponencia \u201cHablemos de lo que no sabemos\u201d a<br>cargo del director y productor con m\u00e1s de 30 a\u00f1os de experiencia en la televisi\u00f3n<br>nacional, Mauricio Alatorre, en la cual compartir\u00e1 su trayectoria por la televisi\u00f3n<br>mexicana y la influencia de la mercadotecnia en ese medio de comunicaci\u00f3n.<\/p>\n\n\n\n<p>Mientras que, el director y fundador de Multiservicios Integrales del Norte, Paul<br>Cort\u00e9s, quien cuenta con amplia experiencia y liderazgo en la investigaci\u00f3n de<br>delitos cibern\u00e9ticos, impartir\u00e1 la conferencia \u201cTecnolog\u00eda y seguridad del futuro\u201d y<br>para finalizar, el comunic\u00f3logo Mitchell M\u00e1rquez, ofrecer\u00e1 la charla \u201cNo supe que<br>ponerme y me puse feliz\u201d.<\/p>\n\n\n\n<p>Por otro lado, el d\u00eda 29 de octubre se llevar\u00e1 a cabo la conferencia \u201cDe la<br>pretendencia a la esencia\u201d, por el director operativo de Salvatore Ferragamo, el<br>Lic. Franco Fabio Huerta, quien platicar\u00e1 sobre su trayectoria en una de las<br>marcas m\u00e1s exclusivas de moda a nivel mundial y la influencia de la<br>mercadotecnia en ella; el simposio cerrar\u00e1 con la ponencia \u201cRajarse no se vale\u201d a<br>cargo del director general de Caredbo Solutions, el Lic. Carlos Borruel Mac\u00edas.<\/p>\n\n\n\n<p>El costo del simposio para personas externas a la universidad es de $500.00<br>pesos, la asistencia podr\u00e1 ser de manera presencial (m\u00e1ximo 150 personas) o<br>virtual de 150 a 170), ya que las conferencias se transmitir\u00e1n a trav\u00e9s de la<br>plataforma Microsoft Teams, esto con el objetivo de respetar las medidas de sana<br>distancia.<\/p>\n\n\n\n<p>Los interesados comunicarse a la Facultad de Mercadotecnia al tel\u00e9fono (844)<br>4129109 en un horario de 10:00 a 14:00 y de 17:00 a 20:00 horas, visitar las redes<br>sociales: Instagram: Simposium.merca y Facebook: Facultad de Mercadotecnia<br>Saltillo, o bien llamar o escribir v\u00eda WhatsApp al (844) 599 3105 con el secretario<br>acad\u00e9mico, Iv\u00e1n Garnica o con el alumno Juan Parra al (844) 593 8658.<\/p>\n","protected":false},"excerpt":{"rendered":"<p>SALTILLO, Coahuila. 20 de octubre de 2021.- La Facultad de Mercadotecnia de laUniversidad Aut\u00f3noma de Coahuila, invita a las personas interesadas sobre temasde actualidad en mercadotecnia, a participar en la Trig\u00e9sima Primera Edici\u00f3n delSimposio de Mercadotecnia \u201cLa Esencia est\u00e1 en la Experiencia\u201d, el cual se llevar\u00e1a cabo el 28 y 29 de octubre de 2021 en la Sala de Seminarios \u201cEmilio J. Talam\u00e1s\u201den la Unidad Camporredondo y de manera virtual&#8230;<\/p>\n","protected":false},"author":1,"featured_media":5109,"comment_status":"closed","ping_status":"closed","sticky":false,"template":"","format":"standard","meta":{"footnotes":""},"categories":[2],"tags":[],"class_list":["post-5108","post","type-post","status-publish","format-standard","has-post-thumbnail","hentry","category-uadec","wpcat-2-id"],"_links":{"self":[{"href":"https:\/\/www.aquilaguna.com\/index.php\/wp-json\/wp\/v2\/posts\/5108","targetHints":{"allow":["GET"]}}],"collection":[{"href":"https:\/\/www.aquilaguna.com\/index.php\/wp-json\/wp\/v2\/posts"}],"about":[{"href":"https:\/\/www.aquilaguna.com\/index.php\/wp-json\/wp\/v2\/types\/post"}],"author":[{"embeddable":true,"href":"https:\/\/www.aquilaguna.com\/index.php\/wp-json\/wp\/v2\/users\/1"}],"replies":[{"embeddable":true,"href":"https:\/\/www.aquilaguna.com\/index.php\/wp-json\/wp\/v2\/comments?post=5108"}],"version-history":[{"count":1,"href":"https:\/\/www.aquilaguna.com\/index.php\/wp-json\/wp\/v2\/posts\/5108\/revisions"}],"predecessor-version":[{"id":5110,"href":"https:\/\/www.aquilaguna.com\/index.php\/wp-json\/wp\/v2\/posts\/5108\/revisions\/5110"}],"wp:featuredmedia":[{"embeddable":true,"href":"https:\/\/www.aquilaguna.com\/index.php\/wp-json\/wp\/v2\/media\/5109"}],"wp:attachment":[{"href":"https:\/\/www.aquilaguna.com\/index.php\/wp-json\/wp\/v2\/media?parent=5108"}],"wp:term":[{"taxonomy":"category","embeddable":true,"href":"https:\/\/www.aquilaguna.com\/index.php\/wp-json\/wp\/v2\/categories?post=5108"},{"taxonomy":"post_tag","embeddable":true,"href":"https:\/\/www.aquilaguna.com\/index.php\/wp-json\/wp\/v2\/tags?post=5108"}],"curies":[{"name":"wp","href":"https:\/\/api.w.org\/{rel}","templated":true}]}}