{"id":5134,"date":"2021-10-21T16:47:06","date_gmt":"2021-10-21T21:47:06","guid":{"rendered":"https:\/\/www.aquilaguna.com\/?p=5134"},"modified":"2021-10-21T16:47:06","modified_gmt":"2021-10-21T21:47:06","slug":"titular-de-conacyt-debe-comparecer-por-escandalos-e-irregularidades-lopez-rabadan","status":"publish","type":"post","link":"https:\/\/www.aquilaguna.com\/index.php\/2021\/10\/21\/titular-de-conacyt-debe-comparecer-por-escandalos-e-irregularidades-lopez-rabadan\/","title":{"rendered":"TITULAR DE CONACYT DEBE COMPARECER POR ESC\u00c1NDALOS E IRREGULARIDADES: L\u00d3PEZ RABAD\u00c1N."},"content":{"rendered":"\n<p>Las senadoras Kenia L\u00f3pez Rabad\u00e1n y Josefina V\u00e1zquez Mota, del Grupo Parlamentario del PAN, exigieron a trav\u00e9s de un punto de acuerdo la comparecencia de la titular del Consejo Nacional de Ciencia y Tecnolog\u00eda (Conacyt), ya que desde que est\u00e1 al frente de dicha instituci\u00f3n han prevalecido los esc\u00e1ndalos, las irregularidades, las confrontaciones y las denuncias como una constante.<\/p>\n\n\n\n<p>\u201cLa comunidad acad\u00e9mica, cient\u00edfica y estudiantil, han denunciado la falta de incentivos para el desarrollo e investigaci\u00f3n en nuestro pa\u00eds. Sin duda, existe desprecio de este gobierno por la ciencia, la cultura, la educaci\u00f3n y el desarrollo tecnol\u00f3gico. Hoy vemos, lamentablemente que se ha subordinado a la ciencia a la ideolog\u00eda del gobierno en turno\u201d, acusaron ambas legisladoras.<\/p>\n\n\n\n<p>Tambi\u00e9n, expusieron que se eliminaron los fondos y fideicomisos p\u00fablicos destinados a proyectos de investigaci\u00f3n efectiva. Despu\u00e9s se inici\u00f3 una persecuci\u00f3n carente de fundamento probatorio contra 31 investigadores mexicanos, integrantes del Foro Consultivo Cient\u00edfico y Tecnol\u00f3gico AC.<\/p>\n\n\n\n<p>L\u00f3pez Rabad\u00e1n se\u00f1al\u00f3 que \u201chan seguido una serie de decisiones que vulneran los derechos de la comunidad cient\u00edfica y acad\u00e9mica de nuestro pa\u00eds. Ejemplo de ello, fue la emisi\u00f3n en septiembre pasado, del nuevo C\u00f3digo de Conducta del Conacyt, en el que hacen un llamado a investigadores y personal que labora en dicha instituci\u00f3n, a abstenerse de emitir comentarios u opiniones desfavorables o negativos sobre el organismo\u201d.<\/p>\n\n\n\n<p>A su vez, dijo, que han habido otros tropiezos en administraci\u00f3n de \u00c1lvarez-Buylla, donde escritores, cient\u00edficos y artistas, han denunciado que se han reducido los recursos para la investigaci\u00f3n, la docencia y la cultura, as\u00ed como se han suspendido los apoyos a becarios de posgrado que se encuentran en el extranjero.<\/p>\n\n\n\n<p>\u201cRecordemos que los proyectos de investigaci\u00f3n en nuestro pa\u00eds han pasado de mil 734 en 2019 a 758 en 2020 y 108 en 2021, es decir, por cada proyecto que se financia durante este gobierno, en la administraci\u00f3n anterior se apoyaban 18. En el mismo sentido, tambi\u00e9n han disminuidos en un 18 por ciento las becas para estudiantes de posgrado en instituciones de otros pa\u00edses. Al cierre de 2018 se hab\u00edan otorgado 3 mil 313 becas, sin embargo, al final del 2020 se ten\u00edan s\u00f3lo 2 mil 724\u201d, expuso la panista.<\/p>\n\n\n\n<p>La vicecoordinadora de los panistas se\u00f1al\u00f3 que la estigmatizaci\u00f3n que se ha hecho desde el Gobierno federal a quienes han dedicado su vida a la investigaci\u00f3n e innovaci\u00f3n en nuestro pa\u00eds, ha puesto en alerta a la comunidad cient\u00edfica internacional.<\/p>\n\n\n\n<p>Tambi\u00e9n se refiri\u00f3 a una de las revistas cient\u00edficas con mayor prestigio en el mundo, Nature, public\u00f3 un art\u00edculo en el cual relata c\u00f3mo los cient\u00edficos y acad\u00e9micos de M\u00e9xico, se sienten acosados y amedrentados por el gobierno encabezado por el presidente L\u00f3pez Obrador.<\/p>\n\n\n\n<p>Dijo que m\u00e1s de 50 instituciones acad\u00e9micas, incluida la Academia Nacional de Ciencias, Ingenier\u00eda y Medicinas de Estados Unidos y la Academia Brasile\u00f1a de Ciencias, han externado su preocupaci\u00f3n, condenando la persecuci\u00f3n de la cual han sido sujetos los cient\u00edficos y empleados del Foro Consultivo Cient\u00edfico y Tecnol\u00f3gico AC.<\/p>\n\n\n\n<p>En entrevista a los medios de comunicaci\u00f3n, y acompa\u00f1ada por el coordinador de la bancada panista, Julen Rementer\u00eda del Puerto y por su compa\u00f1ero Dami\u00e1n Zepeda Vidales, destac\u00f3 que los errores de esta administraci\u00f3n son ya un esc\u00e1ndalo internacional dentro de la comunidad cient\u00edfica, por lo que es necesario que se cite a comparecer a la titular de este organismo y se rectifique el rumbo.<\/p>\n","protected":false},"excerpt":{"rendered":"<p>Las senadoras Kenia L\u00f3pez Rabad\u00e1n y Josefina V\u00e1zquez Mota, del Grupo Parlamentario del PAN, exigieron a trav\u00e9s de un punto de acuerdo la comparecencia de la titular del Consejo Nacional de Ciencia y Tecnolog\u00eda (Conacyt), ya que desde que est\u00e1 al frente de dicha instituci\u00f3n han prevalecido los esc\u00e1ndalos, las irregularidades, las confrontaciones y las denuncias como una constante. \u201cLa comunidad acad\u00e9mica, cient\u00edfica y estudiantil, han denunciado la falta de&#8230;<\/p>\n","protected":false},"author":1,"featured_media":0,"comment_status":"closed","ping_status":"closed","sticky":false,"template":"","format":"standard","meta":{"footnotes":""},"categories":[17,51],"tags":[],"class_list":["post-5134","post","type-post","status-publish","format-standard","hentry","category-pan","category-senado","wpcat-17-id","wpcat-51-id"],"_links":{"self":[{"href":"https:\/\/www.aquilaguna.com\/index.php\/wp-json\/wp\/v2\/posts\/5134","targetHints":{"allow":["GET"]}}],"collection":[{"href":"https:\/\/www.aquilaguna.com\/index.php\/wp-json\/wp\/v2\/posts"}],"about":[{"href":"https:\/\/www.aquilaguna.com\/index.php\/wp-json\/wp\/v2\/types\/post"}],"author":[{"embeddable":true,"href":"https:\/\/www.aquilaguna.com\/index.php\/wp-json\/wp\/v2\/users\/1"}],"replies":[{"embeddable":true,"href":"https:\/\/www.aquilaguna.com\/index.php\/wp-json\/wp\/v2\/comments?post=5134"}],"version-history":[{"count":1,"href":"https:\/\/www.aquilaguna.com\/index.php\/wp-json\/wp\/v2\/posts\/5134\/revisions"}],"predecessor-version":[{"id":5135,"href":"https:\/\/www.aquilaguna.com\/index.php\/wp-json\/wp\/v2\/posts\/5134\/revisions\/5135"}],"wp:attachment":[{"href":"https:\/\/www.aquilaguna.com\/index.php\/wp-json\/wp\/v2\/media?parent=5134"}],"wp:term":[{"taxonomy":"category","embeddable":true,"href":"https:\/\/www.aquilaguna.com\/index.php\/wp-json\/wp\/v2\/categories?post=5134"},{"taxonomy":"post_tag","embeddable":true,"href":"https:\/\/www.aquilaguna.com\/index.php\/wp-json\/wp\/v2\/tags?post=5134"}],"curies":[{"name":"wp","href":"https:\/\/api.w.org\/{rel}","templated":true}]}}