{"id":5136,"date":"2021-10-21T16:48:32","date_gmt":"2021-10-21T21:48:32","guid":{"rendered":"https:\/\/www.aquilaguna.com\/?p=5136"},"modified":"2021-10-21T16:48:33","modified_gmt":"2021-10-21T21:48:33","slug":"rector-toma-protesta-al-consejo-directivo-de-la-preparatoria-1","status":"publish","type":"post","link":"https:\/\/www.aquilaguna.com\/index.php\/2021\/10\/21\/rector-toma-protesta-al-consejo-directivo-de-la-preparatoria-1\/","title":{"rendered":"Rector Toma Protesta al Consejo Directivo de la Preparatoria 1."},"content":{"rendered":"\n<p>SALTILLO, Coahuila. 21 de octubre de 2021.- En cumplimiento al art\u00edculo 70 del<br>Estatuto Universitario de la Universidad Aut\u00f3noma de Coahuila, este jueves, el<br>rector Salvador Hern\u00e1ndez V\u00e9lez, tom\u00f3 protesta a estudiantes y docentes electos<br>para el Consejo Directivo de la Preparatoria 1, correspondiente al periodo 2021-<br>2022.<\/p>\n\n\n\n<p>Acompa\u00f1ado por el coordinador de la Unidad Saltillo, Julio Saucedo Zul, el Rector<br>destac\u00f3 que los consejeros directivos son quienes integran el m\u00e1ximo \u00f3rgano en<br>cada plantel educativo, debido a que, \u201cen ellos renace la importante funci\u00f3n de la<br>toma de decisiones sobre el rumbo que han de seguir las pol\u00edticas y programas en<br>los diversos centros de estudio y m\u00e1s ahora, durante la pandemia\u201d, expres\u00f3.<\/p>\n\n\n\n<p>Asimismo, Hern\u00e1ndez V\u00e9lez, afirm\u00f3 que los estudiantes universitarios son los<br>protagonistas y el centro de toda la actividad que se lleva a cabo al interior de<br>cada Escuela, Facultad e Instituto de la UAdeC y exhort\u00f3 a quienes rindieron<br>protesta para integrar el Consejo Directivo, a tener un desempe\u00f1o apegado a las<br>normas y reglamentos que rigen a la m\u00e1xima casa de estudios y que est\u00e1n<br>plasmadas en el Estatuto Universitario.<\/p>\n\n\n\n<p>Por su parte, el director de la Preparatoria 1, Jos\u00e9 Alfredo M\u00e9ndez Flores, felicit\u00f3 a<br>los estudiantes y docentes que participaron en el proceso democr\u00e1tico, por su<br>compromiso e inter\u00e9s para fortalecer la calidad educativa y la formaci\u00f3n integral en<br>el Bachillerato, adem\u00e1s, agradeci\u00f3 al rector Salvador Hern\u00e1ndez, por apoyar los<br>proyectos y atender las necesidades que la comunidad estudiantil y docente<br>presentan en el retorno paulatino a clases presenciales.<\/p>\n\n\n\n<p>Los Consejos Directivos de cada Escuela, Facultad e Instituto de la Universidad,<br>son el \u00f3rgano supremo de decisi\u00f3n integrado por ocho consejeros: cuatro<br>profesores titulares en activo y cuatro estudiantes regulares; entre sus funciones<br>se encuentra: elaborar el reglamento general y los dem\u00e1s ordenamientos internos<br>de la instituci\u00f3n y someterlos por conducto del Rector, a la comisi\u00f3n respectiva del<br>Consejo Universitario para su aprobaci\u00f3n, as\u00ed como preparar o modificar, en su<br>caso, los planes y programas de estudio de la unidad acad\u00e9mica.<\/p>\n","protected":false},"excerpt":{"rendered":"<p>SALTILLO, Coahuila. 21 de octubre de 2021.- En cumplimiento al art\u00edculo 70 delEstatuto Universitario de la Universidad Aut\u00f3noma de Coahuila, este jueves, elrector Salvador Hern\u00e1ndez V\u00e9lez, tom\u00f3 protesta a estudiantes y docentes electospara el Consejo Directivo de la Preparatoria 1, correspondiente al periodo 2021-2022. Acompa\u00f1ado por el coordinador de la Unidad Saltillo, Julio Saucedo Zul, el Rectordestac\u00f3 que los consejeros directivos son quienes integran el m\u00e1ximo \u00f3rgano encada plantel educativo,&#8230;<\/p>\n","protected":false},"author":1,"featured_media":5137,"comment_status":"closed","ping_status":"closed","sticky":false,"template":"","format":"standard","meta":{"footnotes":""},"categories":[2],"tags":[],"class_list":["post-5136","post","type-post","status-publish","format-standard","has-post-thumbnail","hentry","category-uadec","wpcat-2-id"],"_links":{"self":[{"href":"https:\/\/www.aquilaguna.com\/index.php\/wp-json\/wp\/v2\/posts\/5136","targetHints":{"allow":["GET"]}}],"collection":[{"href":"https:\/\/www.aquilaguna.com\/index.php\/wp-json\/wp\/v2\/posts"}],"about":[{"href":"https:\/\/www.aquilaguna.com\/index.php\/wp-json\/wp\/v2\/types\/post"}],"author":[{"embeddable":true,"href":"https:\/\/www.aquilaguna.com\/index.php\/wp-json\/wp\/v2\/users\/1"}],"replies":[{"embeddable":true,"href":"https:\/\/www.aquilaguna.com\/index.php\/wp-json\/wp\/v2\/comments?post=5136"}],"version-history":[{"count":1,"href":"https:\/\/www.aquilaguna.com\/index.php\/wp-json\/wp\/v2\/posts\/5136\/revisions"}],"predecessor-version":[{"id":5138,"href":"https:\/\/www.aquilaguna.com\/index.php\/wp-json\/wp\/v2\/posts\/5136\/revisions\/5138"}],"wp:featuredmedia":[{"embeddable":true,"href":"https:\/\/www.aquilaguna.com\/index.php\/wp-json\/wp\/v2\/media\/5137"}],"wp:attachment":[{"href":"https:\/\/www.aquilaguna.com\/index.php\/wp-json\/wp\/v2\/media?parent=5136"}],"wp:term":[{"taxonomy":"category","embeddable":true,"href":"https:\/\/www.aquilaguna.com\/index.php\/wp-json\/wp\/v2\/categories?post=5136"},{"taxonomy":"post_tag","embeddable":true,"href":"https:\/\/www.aquilaguna.com\/index.php\/wp-json\/wp\/v2\/tags?post=5136"}],"curies":[{"name":"wp","href":"https:\/\/api.w.org\/{rel}","templated":true}]}}