{"id":5148,"date":"2021-10-21T16:55:46","date_gmt":"2021-10-21T21:55:46","guid":{"rendered":"https:\/\/www.aquilaguna.com\/?p=5148"},"modified":"2021-10-21T16:55:46","modified_gmt":"2021-10-21T21:55:46","slug":"artistas-coahuilenses-presentes-en-el-cervantino","status":"publish","type":"post","link":"https:\/\/www.aquilaguna.com\/index.php\/2021\/10\/21\/artistas-coahuilenses-presentes-en-el-cervantino\/","title":{"rendered":"ARTISTAS COAHUILENSES PRESENTES EN EL CERVANTINO."},"content":{"rendered":"\n<p>Guanajuato, Guanajuato; a 21 de Octubre de 2021.- Las y los artistas coahuilenses contin\u00faan con sus presentaciones en la 49 Edici\u00f3n del Festival Internacional Cervantino 2021.<\/p>\n\n\n\n<p>La literatura, la danza, la m\u00fasica, la pintura y la artesan\u00eda est\u00e1n siendo dignamente representados por las y los artistas coahuilenses que d\u00eda a d\u00eda se presentan en el FIC, mismo que se lleva a cabo del 13 al 31 de octubre del presente a\u00f1o.<\/p>\n\n\n\n<p>Al respecto, la Secretar\u00eda de Cultura del Estado, Ana Sof\u00eda Garc\u00eda Camil, destac\u00f3 la importancia de la participaci\u00f3n de la delegaci\u00f3n coahuilense en El Cervantino.<\/p>\n\n\n\n<p>\u201cEstamos muy orgullosos de quienes nos representan en este festival, recordemos que el Festival Internacional Cervantino de Guanajuato es uno de los cuatro&nbsp; mayores festivales del mundo\u201d, dijo, \u201cel m\u00e1s importante de M\u00e9xico y de Latinoam\u00e9rica, mismo que adem\u00e1s forma parte de la Asociaci\u00f3n Europea de Festivales y de la Asociaci\u00f3n de Festivales de Artes Esc\u00e9nicas de Asia\u201d.<\/p>\n\n\n\n<p>De tal manera que su presencia hace que tanto el impulso como la difusi\u00f3n de la cultura coahuilense llegue a todo el mundo.<\/p>\n\n\n\n<p>Garc\u00eda Camil se\u00f1al\u00f3 que uno de los eventos m\u00e1s disfrutados fue la reciente presentaci\u00f3n de Guillermo Arriaga y Sergio Avil\u00e9s, quienes realizaron una charla en la que hablaron de sus recorridos por la entidad que preside Miguel Riquelme, entre otras cosas.<\/p>\n\n\n\n<p>\u201cLa verdad es que en Guanajuato han acudido a los eventos de nuestros artistas. La Matlachinada tuvo much\u00edsimo p\u00fablico, as\u00ed como la conferencia de don Armando Fuentes Aguirre, \u201cCat\u00f3n\u201d, y qu\u00e9 decir de Casa Coahuila llena de paseantes\u201d, expres\u00f3.<\/p>\n\n\n\n<p>Finalmente, se invit\u00f3 a la ciudadan\u00eda a estar pendiente de la programaci\u00f3n completa del Festival Internacional Cervantino en las siguientes p\u00e1ginas:&nbsp;<a href=\"http:\/\/www.coahuilacultura.gob.mx\/\" target=\"_blank\" rel=\"noreferrer noopener\">www.coahuilacultura.gob.mx<\/a>,&nbsp; Sitio Oficial:&nbsp;<a href=\"https:\/\/festivalcervantino.gob.mx\/\" target=\"_blank\" rel=\"noreferrer noopener\">https:\/\/festivalcervantino.gob.mx\/<\/a>&nbsp;y en las plataformas digitales de Facebook @CulturaCoahuilaOficial.y @Festival Internacional Cervantino.<\/p>\n","protected":false},"excerpt":{"rendered":"<p>Guanajuato, Guanajuato; a 21 de Octubre de 2021.- Las y los artistas coahuilenses contin\u00faan con sus presentaciones en la 49 Edici\u00f3n del Festival Internacional Cervantino 2021. La literatura, la danza, la m\u00fasica, la pintura y la artesan\u00eda est\u00e1n siendo dignamente representados por las y los artistas coahuilenses que d\u00eda a d\u00eda se presentan en el FIC, mismo que se lleva a cabo del 13 al 31 de octubre del presente&#8230;<\/p>\n","protected":false},"author":1,"featured_media":5149,"comment_status":"closed","ping_status":"closed","sticky":false,"template":"","format":"standard","meta":{"footnotes":""},"categories":[5,12,15],"tags":[],"class_list":["post-5148","post","type-post","status-publish","format-standard","has-post-thumbnail","hentry","category-coahuila","category-cultura","category-gobierno-de-coahuila","wpcat-5-id","wpcat-12-id","wpcat-15-id"],"_links":{"self":[{"href":"https:\/\/www.aquilaguna.com\/index.php\/wp-json\/wp\/v2\/posts\/5148","targetHints":{"allow":["GET"]}}],"collection":[{"href":"https:\/\/www.aquilaguna.com\/index.php\/wp-json\/wp\/v2\/posts"}],"about":[{"href":"https:\/\/www.aquilaguna.com\/index.php\/wp-json\/wp\/v2\/types\/post"}],"author":[{"embeddable":true,"href":"https:\/\/www.aquilaguna.com\/index.php\/wp-json\/wp\/v2\/users\/1"}],"replies":[{"embeddable":true,"href":"https:\/\/www.aquilaguna.com\/index.php\/wp-json\/wp\/v2\/comments?post=5148"}],"version-history":[{"count":1,"href":"https:\/\/www.aquilaguna.com\/index.php\/wp-json\/wp\/v2\/posts\/5148\/revisions"}],"predecessor-version":[{"id":5150,"href":"https:\/\/www.aquilaguna.com\/index.php\/wp-json\/wp\/v2\/posts\/5148\/revisions\/5150"}],"wp:featuredmedia":[{"embeddable":true,"href":"https:\/\/www.aquilaguna.com\/index.php\/wp-json\/wp\/v2\/media\/5149"}],"wp:attachment":[{"href":"https:\/\/www.aquilaguna.com\/index.php\/wp-json\/wp\/v2\/media?parent=5148"}],"wp:term":[{"taxonomy":"category","embeddable":true,"href":"https:\/\/www.aquilaguna.com\/index.php\/wp-json\/wp\/v2\/categories?post=5148"},{"taxonomy":"post_tag","embeddable":true,"href":"https:\/\/www.aquilaguna.com\/index.php\/wp-json\/wp\/v2\/tags?post=5148"}],"curies":[{"name":"wp","href":"https:\/\/api.w.org\/{rel}","templated":true}]}}