{"id":516,"date":"2021-02-24T16:28:18","date_gmt":"2021-02-24T22:28:18","guid":{"rendered":"http:\/\/34.69.167.107\/?p=516"},"modified":"2021-02-24T16:28:18","modified_gmt":"2021-02-24T22:28:18","slug":"uadec-pone-a-disposicion-de-los-universitarios-la-unidad-de-atencion-inmediata-y-de-primer-contacto","status":"publish","type":"post","link":"https:\/\/www.aquilaguna.com\/index.php\/2021\/02\/24\/uadec-pone-a-disposicion-de-los-universitarios-la-unidad-de-atencion-inmediata-y-de-primer-contacto\/","title":{"rendered":"UAdeC Pone a Disposici\u00f3n de los Universitarios la Unidad de Atenci\u00f3n Inmediata y de Primer Contacto."},"content":{"rendered":"\n<p>SALTILLO, Coahuila; 24 de febrero de 2021.- Con el objetivo de ofrecer a la comunidad universitaria asesor\u00eda, apoyo y acompa\u00f1amiento de manera m\u00e1s eficaz, la Defensor\u00eda de los Derechos Humanos Universitarios pone a disposici\u00f3n su nueva \u201cUnidad de Atenci\u00f3n Inmediata y de Primer Contacto\u201d.\u00a0\u00a0<\/p>\n\n\n\n<p>La encargada de la Unidad, la Lic. Sandra Vanesa P\u00e9rez coment\u00f3 que el \u00e1rea ser\u00e1 la que reciba las inconformidades que lleguen a la Defensor\u00eda y las canalizar\u00e1 a las \u00e1reas correspondientes; adem\u00e1s, brindar\u00e1 asesor\u00eda, apoyo y atenci\u00f3n psicol\u00f3gica a los universitarios.&nbsp;&nbsp;<\/p>\n\n\n\n<p>Se\u00f1al\u00f3 que en la Unidad trabajar\u00e1 ella y los psic\u00f3logos Lic. Mar\u00eda Susana Arroyo Gonz\u00e1lez y el Lic. Jos\u00e9 Mar\u00eda Gonz\u00e1lez Sauceda, atendiendo de lunes a viernes de 9:00 am a 3:00 pm en el tel\u00e9fono (844) 4 38 15 03.&nbsp;&nbsp;<\/p>\n\n\n\n<p>Los servicios que se ofrecer\u00e1n en la Unidad de Atenci\u00f3n Inmediata y de Primer Contacto se dividen en: Programa de Atenci\u00f3n Inmediata: Atenci\u00f3n a usuarios, canalizar al \u00e1rea correspondiente, recepci\u00f3n de inconformidades y evaluaci\u00f3n inicial.&nbsp;&nbsp;<\/p>\n\n\n\n<p>Programa de Atenci\u00f3n Integral: Acompa\u00f1amiento y contenci\u00f3n inicial, Apoyo psicol\u00f3gico a v\u00edctimas de violencia de g\u00e9nero al interior de la universidad y Programa de Formaci\u00f3n y Desarrollo Humano: C\u00edrculo de paz y sanaci\u00f3n, Creaci\u00f3n de talleres de desarrollo humano, Intervenci\u00f3n mensual en programa de radio \u201cLa Defensor\u00eda te Escucha\u201d.&nbsp;&nbsp;<\/p>\n\n\n\n<p>Coment\u00f3 que el objetivo principal de la Unidad es ofrecer atenci\u00f3n psicol\u00f3gica, por lo que estar\u00e1n realizando talleres de manera virtual sobre desarrollo humano, por lo que en el mes de marzo llevar\u00e1n a cabo el taller \u201cCon\u00f3cete a ti mismo\u201d, el cual ya se encuentra con el cupo cubierto, por lo que en el mes de abril abrir\u00e1n una nueva fecha para los que no alcanzaron lugar.&nbsp;&nbsp;<\/p>\n\n\n\n<p>Recalc\u00f3 que es importante que los j\u00f3venes est\u00e9n atentos a las redes sociales de la Defensor\u00eda de los Derechos Humanos Universitarios para conocer los talleres que se estar\u00e1n llevando a cabo, encontr\u00e1ndose en&nbsp;<em>Facebook&nbsp;<\/em>como \u201cDefensor\u00eda de los Derechos Humanos Universitarios UAdeC\u201d, en Instagram como @ddhu_uadec y en Twitter @UAdeCDefensoria, adem\u00e1s de que se estar\u00e1 compartiendo informaci\u00f3n en la p\u00e1gina oficial de&nbsp;<em>Facebook&nbsp;<\/em>de la UAdeC oficial.&nbsp;&nbsp;<\/p>\n","protected":false},"excerpt":{"rendered":"<p>SALTILLO, Coahuila; 24 de febrero de 2021.- Con el objetivo de ofrecer a la comunidad universitaria asesor\u00eda, apoyo y acompa\u00f1amiento de manera m\u00e1s eficaz, la Defensor\u00eda de los Derechos Humanos Universitarios pone a disposici\u00f3n su nueva \u201cUnidad de Atenci\u00f3n Inmediata y de Primer Contacto\u201d.\u00a0\u00a0 La encargada de la Unidad, la Lic. Sandra Vanesa P\u00e9rez coment\u00f3 que el \u00e1rea ser\u00e1 la que reciba las inconformidades que lleguen a la Defensor\u00eda y&#8230;<\/p>\n","protected":false},"author":1,"featured_media":517,"comment_status":"closed","ping_status":"","sticky":false,"template":"","format":"standard","meta":{"footnotes":""},"categories":[14,2],"tags":[],"class_list":["post-516","post","type-post","status-publish","format-standard","has-post-thumbnail","hentry","category-salud","category-uadec","wpcat-14-id","wpcat-2-id"],"_links":{"self":[{"href":"https:\/\/www.aquilaguna.com\/index.php\/wp-json\/wp\/v2\/posts\/516","targetHints":{"allow":["GET"]}}],"collection":[{"href":"https:\/\/www.aquilaguna.com\/index.php\/wp-json\/wp\/v2\/posts"}],"about":[{"href":"https:\/\/www.aquilaguna.com\/index.php\/wp-json\/wp\/v2\/types\/post"}],"author":[{"embeddable":true,"href":"https:\/\/www.aquilaguna.com\/index.php\/wp-json\/wp\/v2\/users\/1"}],"replies":[{"embeddable":true,"href":"https:\/\/www.aquilaguna.com\/index.php\/wp-json\/wp\/v2\/comments?post=516"}],"version-history":[{"count":1,"href":"https:\/\/www.aquilaguna.com\/index.php\/wp-json\/wp\/v2\/posts\/516\/revisions"}],"predecessor-version":[{"id":518,"href":"https:\/\/www.aquilaguna.com\/index.php\/wp-json\/wp\/v2\/posts\/516\/revisions\/518"}],"wp:featuredmedia":[{"embeddable":true,"href":"https:\/\/www.aquilaguna.com\/index.php\/wp-json\/wp\/v2\/media\/517"}],"wp:attachment":[{"href":"https:\/\/www.aquilaguna.com\/index.php\/wp-json\/wp\/v2\/media?parent=516"}],"wp:term":[{"taxonomy":"category","embeddable":true,"href":"https:\/\/www.aquilaguna.com\/index.php\/wp-json\/wp\/v2\/categories?post=516"},{"taxonomy":"post_tag","embeddable":true,"href":"https:\/\/www.aquilaguna.com\/index.php\/wp-json\/wp\/v2\/tags?post=516"}],"curies":[{"name":"wp","href":"https:\/\/api.w.org\/{rel}","templated":true}]}}