{"id":5266,"date":"2021-10-28T08:18:19","date_gmt":"2021-10-28T13:18:19","guid":{"rendered":"https:\/\/www.aquilaguna.com\/?p=5266"},"modified":"2021-10-28T08:18:20","modified_gmt":"2021-10-28T13:18:20","slug":"del-7-al-14-de-noviembre-el-8-festival-cultural-universitario-de-la-cieslag","status":"publish","type":"post","link":"https:\/\/www.aquilaguna.com\/index.php\/2021\/10\/28\/del-7-al-14-de-noviembre-el-8-festival-cultural-universitario-de-la-cieslag\/","title":{"rendered":"Del 7 al 14 de noviembre el 8\u00b0 Festival Cultural Universitario de la CIESLAG."},"content":{"rendered":"\n<p>En rueda de prensa encabezada por autoridades de diversas universidades, se<br>anunci\u00f3 que el domingo 7 de noviembre arrancar\u00e1 la octava edici\u00f3n del Festival<br>Cultural Cieslag 2021, en el Centro Cultural \u201cBraulio Fern\u00e1ndez Aguirre\u201d de la<br>UAdeC en Ciudad Universitaria.<\/p>\n\n\n\n<p>Coordinador este a\u00f1o por el Instituto Superior de Estudios Superiores en<br>Educaci\u00f3n Normal (IESEN), y por la Universidad Aut\u00f3noma de Coahuila Unidad<br>Torre\u00f3n, esta fiesta del talento art\u00edstico universitario lagunero, cerrar\u00e1 actividades<br>hasta el 14 de noviembre.<\/p>\n\n\n\n<p>En el periodo, habr\u00e1 actividades presenciales tanto en la inauguraci\u00f3n como en la<br>clausura, pero el resto de las fechas se proyectar\u00e1n trabajos grupales y de solistas<br>tanto en l\u00ednea como en forma h\u00edbrida, informaron el presidente de CIESLAG, Israel<br>Castro Mu\u00f1oz; la titular de la UAdeC Unidad Torre\u00f3n, Sandra L\u00f3pez Chavarr\u00eda; el<br>director del IESEN, Blas L\u00f3pez Zavala; el rector de la Universidad La Salle<br>Laguna, Luis Arturo D\u00e1vila de Le\u00f3n, y los acompa\u00f1aron el director de Cultura en<br>Torre\u00f3n, El\u00edas Ag\u00fcero, y la coordinadora de eventos art\u00edsticos en Plaza Cuatro<br>Caminos, Gabriela Nava Femat.<\/p>\n\n\n\n<p>La fiesta universitaria est\u00e1 a pocos d\u00edas de comenzar, y la Comunidad de<br>Instituciones de Educaci\u00f3n Superior de la Laguna (CIESLag) ofreci\u00f3 los \u00faltimos<br>detalles de la octava edici\u00f3n de su festival cultural.<\/p>\n\n\n\n<p>Tras la obligada suspensi\u00f3n de presentaciones reales en los diferentes espacios<br>donde se desarroll\u00f3 durante seis a\u00f1os continuos, debido a la pandemia en 2020,<br>la experiencia de haberlo llevado a cabo en formato digital permiti\u00f3 programarlo<br>este 2021 en un modelo h\u00edbrido.<\/p>\n\n\n\n<p>As\u00ed, tanto la inauguraci\u00f3n, como la clausura, m\u00e1s la jornada literaria en la Ibero<br>Torre\u00f3n, tendr\u00e1n p\u00fablico; el resto de los d\u00edas ser\u00e1 en l\u00ednea.<\/p>\n\n\n\n<p>Sandra L\u00f3pez Chavarr\u00eda, coordinadora de la UAdeC Unidad Torre\u00f3n, destac\u00f3 que<br>la instituci\u00f3n funge por tercera vez como responsable del festival, y que hace ocho a\u00f1os fue la instituci\u00f3n convocante por vez primera de lo que poco a poco se viene<br>convirtiendo en la principal actividad art\u00edstica y cultural de la comunidad<br>universitaria de la laguna de Coahuila y Durango.<\/p>\n\n\n\n<p>Se inform\u00f3 que en esta edici\u00f3n participar\u00e1n 750 estudiantes de 17 universidades<br>p\u00fablicas y privadas, a trav\u00e9s de 50 grupos art\u00edsticos de 17 instituciones.<br>En su participaci\u00f3n, Blas L\u00f3pez Zavala, director del IESEN, dijo que con este<br>nuevo formato podr\u00e1n medir el impacto que tienen sus actividades, que ahora<br>podr\u00e1n ser vistas en todo el pa\u00eds y en el mundo, por lo que estiman llegar a 100<br>mil personas.<\/p>\n\n\n\n<p>Tambi\u00e9n dijo que a pesar de la pandemia no han parado las actividades culturales<br>en las instituciones, por lo que se ver\u00e1 en estos d\u00edas su preparaci\u00f3n y<br>profesionalismo.<\/p>\n\n\n\n<p>El p\u00fablico, padres de familia y la sociedad en general podr\u00e1 conocer a trav\u00e9s de<br>las redes sociales de las universidades involucradas y de la misma Cieslag, todas<br>las actividades del VIII Festival Cultural Universitario 2021.<\/p>\n","protected":false},"excerpt":{"rendered":"<p>En rueda de prensa encabezada por autoridades de diversas universidades, seanunci\u00f3 que el domingo 7 de noviembre arrancar\u00e1 la octava edici\u00f3n del FestivalCultural Cieslag 2021, en el Centro Cultural \u201cBraulio Fern\u00e1ndez Aguirre\u201d de laUAdeC en Ciudad Universitaria. Coordinador este a\u00f1o por el Instituto Superior de Estudios Superiores enEducaci\u00f3n Normal (IESEN), y por la Universidad Aut\u00f3noma de Coahuila UnidadTorre\u00f3n, esta fiesta del talento art\u00edstico universitario lagunero, cerrar\u00e1 actividadeshasta el 14 de&#8230;<\/p>\n","protected":false},"author":1,"featured_media":5267,"comment_status":"closed","ping_status":"closed","sticky":false,"template":"","format":"standard","meta":{"footnotes":""},"categories":[2],"tags":[],"class_list":["post-5266","post","type-post","status-publish","format-standard","has-post-thumbnail","hentry","category-uadec","wpcat-2-id"],"_links":{"self":[{"href":"https:\/\/www.aquilaguna.com\/index.php\/wp-json\/wp\/v2\/posts\/5266","targetHints":{"allow":["GET"]}}],"collection":[{"href":"https:\/\/www.aquilaguna.com\/index.php\/wp-json\/wp\/v2\/posts"}],"about":[{"href":"https:\/\/www.aquilaguna.com\/index.php\/wp-json\/wp\/v2\/types\/post"}],"author":[{"embeddable":true,"href":"https:\/\/www.aquilaguna.com\/index.php\/wp-json\/wp\/v2\/users\/1"}],"replies":[{"embeddable":true,"href":"https:\/\/www.aquilaguna.com\/index.php\/wp-json\/wp\/v2\/comments?post=5266"}],"version-history":[{"count":1,"href":"https:\/\/www.aquilaguna.com\/index.php\/wp-json\/wp\/v2\/posts\/5266\/revisions"}],"predecessor-version":[{"id":5268,"href":"https:\/\/www.aquilaguna.com\/index.php\/wp-json\/wp\/v2\/posts\/5266\/revisions\/5268"}],"wp:featuredmedia":[{"embeddable":true,"href":"https:\/\/www.aquilaguna.com\/index.php\/wp-json\/wp\/v2\/media\/5267"}],"wp:attachment":[{"href":"https:\/\/www.aquilaguna.com\/index.php\/wp-json\/wp\/v2\/media?parent=5266"}],"wp:term":[{"taxonomy":"category","embeddable":true,"href":"https:\/\/www.aquilaguna.com\/index.php\/wp-json\/wp\/v2\/categories?post=5266"},{"taxonomy":"post_tag","embeddable":true,"href":"https:\/\/www.aquilaguna.com\/index.php\/wp-json\/wp\/v2\/tags?post=5266"}],"curies":[{"name":"wp","href":"https:\/\/api.w.org\/{rel}","templated":true}]}}