{"id":5278,"date":"2021-10-28T08:26:18","date_gmt":"2021-10-28T13:26:18","guid":{"rendered":"https:\/\/www.aquilaguna.com\/?p=5278"},"modified":"2021-10-28T08:26:19","modified_gmt":"2021-10-28T13:26:19","slug":"pronnif-coahuila-rinde-informe-del-tercer-trimestre-del-ano-ante-el-organo-de-gobierno","status":"publish","type":"post","link":"https:\/\/www.aquilaguna.com\/index.php\/2021\/10\/28\/pronnif-coahuila-rinde-informe-del-tercer-trimestre-del-ano-ante-el-organo-de-gobierno\/","title":{"rendered":"PRONNIF COAHUILA RINDE INFORME DEL TERCER TRIMESTRE DEL A\u00d1O ANTE EL \u00d3RGANO DE GOBIERNO."},"content":{"rendered":"\n<p>Saltillo, Coahuila de Zaragoza; a 27 de Octubre de 2021.- La titular de la Procuradur\u00eda para Ni\u00f1os, Ni\u00f1as y la Familia del Estado de Coahuila (PRONNIF), Mar\u00eda Leticia S\u00e1nchez Campos, presidi\u00f3 la d\u00e9cima cuarta sesi\u00f3n de la Junta de Gobierno del Tercer Trimestre del a\u00f1o.<\/p>\n\n\n\n<p>En dicha junta, la titular de PRONNIF rindi\u00f3 un informe de acciones ante el \u00d3rgano de Gobierno, en el que detall\u00f3 que de julio a septiembre de 2021 se atendi\u00f3 a un total de 13 mil 460 personas.<\/p>\n\n\n\n<p>\u201cDurante este trimestre, rumbo a concluir el a\u00f1o, nuestra Polic\u00eda Especializada realiz\u00f3 4 mil 930 intervenciones en todas las regiones del estado, todo ello en coordinaci\u00f3n con las Procuradur\u00edas Municipales\u201d, se\u00f1al\u00f3 la Procuradora.<\/p>\n\n\n\n<p>En el mes de agosto, S\u00e1nchez Campos particip\u00f3 en la 6ta Conferencia Nacional de Procuradoras y Procuradores de Protecci\u00f3n a Ni\u00f1as, Ni\u00f1os y Adolescentes, en donde se trataron diversos temas fundamentales para la atenci\u00f3n integral y garant\u00eda de los derechos de la infancia en M\u00e9xico, as\u00ed como los retos y desaf\u00edos que enfrentan los Sistemas de Protecci\u00f3n en todo el Pa\u00eds.<\/p>\n\n\n\n<p>Adem\u00e1s, en el mes de octubre inici\u00f3 la capacitaci\u00f3n al personal de la Subprocuradur\u00eda de la Regi\u00f3n Laguna por parte del Coordinador del Ministerio P\u00fablico Especializado en Delitos Sexuales contra Ni\u00f1as, Ni\u00f1os y Adolescentes adscrito a la PRONNIF en la Regi\u00f3n Sureste; esto con miras a fortalecer el trabajo coordinado que se realiza con la Fiscal\u00eda General del Estado.<\/p>\n\n\n\n<p>Junto a Marcela Gorg\u00f3n, Presidenta Honoraria del DIF Coahuila, la Procuradora realiz\u00f3 una visita a la Casa Hogar del DIF Torre\u00f3n y la Casa Cuna Nocaltz\u00edn, con el objetivo de continuar con el trabajo conjunto que se realiza con el DIF Coahuila en beneficio de las ni\u00f1as, ni\u00f1os y adolescentes que se encuentran en los Centros de Asistencia Social.<\/p>\n\n\n\n<p>En lo que compete al trabajo realizado en La Madriguera, Casa del Adolescente, se llev\u00f3 a cabo la ceremonia de fin de cursos 2020- 2021, junto a Roberto C\u00e1rdenas, Director General del DIF Coahuila, Liliana Salinas Vald\u00e9s, presidenta honoraria del DIF Saltillo, Azalea Mandonado Wong, titular del ICOJUVE, entre otras autoridades.<\/p>\n\n\n\n<p>Adem\u00e1s se consolidaron importantes convenios de colaboraci\u00f3n, por ejemplo el documento firmado con la Red de J\u00f3venes Empresarios Coparmex Coahuila Sureste, que antes de fin de a\u00f1o realizar\u00e1 el Primer Taller de Emprendimiento 2021.<\/p>\n","protected":false},"excerpt":{"rendered":"<p>Saltillo, Coahuila de Zaragoza; a 27 de Octubre de 2021.- La titular de la Procuradur\u00eda para Ni\u00f1os, Ni\u00f1as y la Familia del Estado de Coahuila (PRONNIF), Mar\u00eda Leticia S\u00e1nchez Campos, presidi\u00f3 la d\u00e9cima cuarta sesi\u00f3n de la Junta de Gobierno del Tercer Trimestre del a\u00f1o. En dicha junta, la titular de PRONNIF rindi\u00f3 un informe de acciones ante el \u00d3rgano de Gobierno, en el que detall\u00f3 que de julio a&#8230;<\/p>\n","protected":false},"author":1,"featured_media":5279,"comment_status":"closed","ping_status":"closed","sticky":false,"template":"","format":"standard","meta":{"footnotes":""},"categories":[5,15,30],"tags":[],"class_list":["post-5278","post","type-post","status-publish","format-standard","has-post-thumbnail","hentry","category-coahuila","category-gobierno-de-coahuila","category-pronif","wpcat-5-id","wpcat-15-id","wpcat-30-id"],"_links":{"self":[{"href":"https:\/\/www.aquilaguna.com\/index.php\/wp-json\/wp\/v2\/posts\/5278","targetHints":{"allow":["GET"]}}],"collection":[{"href":"https:\/\/www.aquilaguna.com\/index.php\/wp-json\/wp\/v2\/posts"}],"about":[{"href":"https:\/\/www.aquilaguna.com\/index.php\/wp-json\/wp\/v2\/types\/post"}],"author":[{"embeddable":true,"href":"https:\/\/www.aquilaguna.com\/index.php\/wp-json\/wp\/v2\/users\/1"}],"replies":[{"embeddable":true,"href":"https:\/\/www.aquilaguna.com\/index.php\/wp-json\/wp\/v2\/comments?post=5278"}],"version-history":[{"count":1,"href":"https:\/\/www.aquilaguna.com\/index.php\/wp-json\/wp\/v2\/posts\/5278\/revisions"}],"predecessor-version":[{"id":5280,"href":"https:\/\/www.aquilaguna.com\/index.php\/wp-json\/wp\/v2\/posts\/5278\/revisions\/5280"}],"wp:featuredmedia":[{"embeddable":true,"href":"https:\/\/www.aquilaguna.com\/index.php\/wp-json\/wp\/v2\/media\/5279"}],"wp:attachment":[{"href":"https:\/\/www.aquilaguna.com\/index.php\/wp-json\/wp\/v2\/media?parent=5278"}],"wp:term":[{"taxonomy":"category","embeddable":true,"href":"https:\/\/www.aquilaguna.com\/index.php\/wp-json\/wp\/v2\/categories?post=5278"},{"taxonomy":"post_tag","embeddable":true,"href":"https:\/\/www.aquilaguna.com\/index.php\/wp-json\/wp\/v2\/tags?post=5278"}],"curies":[{"name":"wp","href":"https:\/\/api.w.org\/{rel}","templated":true}]}}