{"id":5316,"date":"2021-10-29T22:08:31","date_gmt":"2021-10-30T03:08:31","guid":{"rendered":"https:\/\/www.aquilaguna.com\/?p=5316"},"modified":"2021-10-29T22:08:32","modified_gmt":"2021-10-30T03:08:32","slug":"continua-coahuila-la-celebracion-del-25-aniversario-del-decreto-de-la-reserva-natural-estatal-de-zapaliname","status":"publish","type":"post","link":"https:\/\/www.aquilaguna.com\/index.php\/2021\/10\/29\/continua-coahuila-la-celebracion-del-25-aniversario-del-decreto-de-la-reserva-natural-estatal-de-zapaliname\/","title":{"rendered":"CONTIN\u00daA COAHUILA LA CELEBRACI\u00d3N DEL 25 ANIVERSARIO DEL DECRETO DE LA RESERVA NATURAL ESTATAL DE ZAPALINAM\u00c9."},"content":{"rendered":"\n<p>Saltillo, Coahuila de Zaragoza; a 29 de Octubre de 2021.- El Gobierno del Estado, a trav\u00e9s de la Secretar\u00eda de Medio Ambiente, llev\u00f3 a cabo una reuni\u00f3n virtual con ambientalistas de Coahuila, en donde destacaron la importancia de la Reserva Natural Estatal de Zapalinam\u00e9.<\/p>\n\n\n\n<p>La Secretaria de Medio Ambiente del Estado, Eglantina Canales Guti\u00e9rrez, record\u00f3 que hace 25 a\u00f1os el entonces gobernador Rogelio Montemayor Seguy anunci\u00f3 la creaci\u00f3n por Decreto de la Reserva Natural Estatal de la Sierra de Zapalinam\u00e9.<\/p>\n\n\n\n<p>\u201cDicho Decreto permite conservar las comunidades y h\u00e1bitats naturales, asegurando el equilibrio y la continuidad de sus procesos evolutivos y ecol\u00f3gicos, restaurar las zonas degradadas hacia las comunidades vegetales y animales, adem\u00e1s de promover el conocimiento de la naturaleza, la conciencia ambiental y el disfrute de las generaciones actuales y futuras dentro de un marco de aprovechamiento racional y sostenido de los recursos naturales\u201d, explic\u00f3.<\/p>\n\n\n\n<p>Carlos Manuel Vald\u00e9s D\u00e1vila, catedr\u00e1tico de la Facultad de Ciencias Sociales, fue invitado a la reuni\u00f3n para conmemorar los datos hist\u00f3ricos de la Sierra de Zapalinam\u00e9: \u201cHa sido la principal fuente de abastecimiento de recursos naturales y servicios ambientales para la Regi\u00f3n Sureste. Su belleza es fascinante\u201d.<\/p>\n\n\n\n<p>En tanto, el Director de PROFAUNA destac\u00f3 la relevancia del Decreto que dio vida a la reserva, y aprovech\u00f3 el espacio para hacer una invitaci\u00f3n a la \u201cExpo Feria Sierra Bonita\u201d este s\u00e1bado 30 de octubre de las 11:00 a las 17:00 horas en la Plaza del Ejido Chapultepec, de Arteaga. Para mayores informes favor de comunicarse al tel\u00e9fono 844 412 9896 y 844 412 5404.<\/p>\n","protected":false},"excerpt":{"rendered":"<p>Saltillo, Coahuila de Zaragoza; a 29 de Octubre de 2021.- El Gobierno del Estado, a trav\u00e9s de la Secretar\u00eda de Medio Ambiente, llev\u00f3 a cabo una reuni\u00f3n virtual con ambientalistas de Coahuila, en donde destacaron la importancia de la Reserva Natural Estatal de Zapalinam\u00e9. La Secretaria de Medio Ambiente del Estado, Eglantina Canales Guti\u00e9rrez, record\u00f3 que hace 25 a\u00f1os el entonces gobernador Rogelio Montemayor Seguy anunci\u00f3 la creaci\u00f3n por Decreto&#8230;<\/p>\n","protected":false},"author":1,"featured_media":5317,"comment_status":"closed","ping_status":"closed","sticky":false,"template":"","format":"standard","meta":{"footnotes":""},"categories":[5,50,15],"tags":[],"class_list":["post-5316","post","type-post","status-publish","format-standard","has-post-thumbnail","hentry","category-coahuila","category-ecologia","category-gobierno-de-coahuila","wpcat-5-id","wpcat-50-id","wpcat-15-id"],"_links":{"self":[{"href":"https:\/\/www.aquilaguna.com\/index.php\/wp-json\/wp\/v2\/posts\/5316","targetHints":{"allow":["GET"]}}],"collection":[{"href":"https:\/\/www.aquilaguna.com\/index.php\/wp-json\/wp\/v2\/posts"}],"about":[{"href":"https:\/\/www.aquilaguna.com\/index.php\/wp-json\/wp\/v2\/types\/post"}],"author":[{"embeddable":true,"href":"https:\/\/www.aquilaguna.com\/index.php\/wp-json\/wp\/v2\/users\/1"}],"replies":[{"embeddable":true,"href":"https:\/\/www.aquilaguna.com\/index.php\/wp-json\/wp\/v2\/comments?post=5316"}],"version-history":[{"count":1,"href":"https:\/\/www.aquilaguna.com\/index.php\/wp-json\/wp\/v2\/posts\/5316\/revisions"}],"predecessor-version":[{"id":5318,"href":"https:\/\/www.aquilaguna.com\/index.php\/wp-json\/wp\/v2\/posts\/5316\/revisions\/5318"}],"wp:featuredmedia":[{"embeddable":true,"href":"https:\/\/www.aquilaguna.com\/index.php\/wp-json\/wp\/v2\/media\/5317"}],"wp:attachment":[{"href":"https:\/\/www.aquilaguna.com\/index.php\/wp-json\/wp\/v2\/media?parent=5316"}],"wp:term":[{"taxonomy":"category","embeddable":true,"href":"https:\/\/www.aquilaguna.com\/index.php\/wp-json\/wp\/v2\/categories?post=5316"},{"taxonomy":"post_tag","embeddable":true,"href":"https:\/\/www.aquilaguna.com\/index.php\/wp-json\/wp\/v2\/tags?post=5316"}],"curies":[{"name":"wp","href":"https:\/\/api.w.org\/{rel}","templated":true}]}}