{"id":5332,"date":"2021-10-31T14:24:56","date_gmt":"2021-10-31T20:24:56","guid":{"rendered":"https:\/\/www.aquilaguna.com\/?p=5332"},"modified":"2021-10-31T14:24:57","modified_gmt":"2021-10-31T20:24:57","slug":"amlo-en-la-onu","status":"publish","type":"post","link":"https:\/\/www.aquilaguna.com\/index.php\/2021\/10\/31\/amlo-en-la-onu\/","title":{"rendered":"AMLO EN LA ONU."},"content":{"rendered":"\n<p><strong>Por Fernando Rangel de Le\u00f3n<\/strong><\/p>\n\n\n\n<p>La Organizaci\u00f3n de las Naciones Unidas ONU, fue fundada el 24 de octubre de 1945,<br>en San Francisco, California; por lo que acaba de cumplir 76 a\u00f1os; para asegurar la paz, la<br>seguridad, la amistad, el mejoramiento del nivel de vida, el progreso social y los derechos<br>humanos; inmediatamente despu\u00e9s de la Segunda Guerra Mundial 1939-1945; por 51 pa\u00edses,<br>entre ellos M\u00e9xico; y principalmente para que ya no se vuelva a repetir una conflagraci\u00f3n<br>como esa.<\/p>\n\n\n\n<p>M\u00e9xico siempre se ha destacado como uno de los pa\u00edses m\u00e1s defensores de los<br>valores universales que enarbola y promueve la ONU, como la paz, la seguridad, la salud, la<br>educaci\u00f3n, la ciencia, la cultura, el deporte y en una palabra todo lo que enaltece a la<br>Humanidad; por eso es una de las naciones m\u00e1s respetadas y respetables del mundo.<\/p>\n\n\n\n<p>El ex Rector de la UNAM, doctor Juan Ram\u00f3n de la Fuente, embajador en la ONU, el<br>17 de junio de 2020, gracias a sus excelentes esfuerzos por lograr un consenso con todos los<br>pa\u00edses del mundo, consigui\u00f3 que la Asamblea General, m\u00e1ximo \u00f3rgano de esa organizaci\u00f3n,<br>eligiera a M\u00e9xico para ocupar uno de los puestos no permanentes pertenecientes a Am\u00e9rica<br>Latina, en el Consejo de Seguridad, para el 2021-2022; que es el organismo encargado de<br>mantener la paz y seguridad, facultado por la Carta de las Naciones Unidas, que es el<br>equivalente a las Constituciones de los Estados en el mundo, para tomar resoluciones que<br>obligan coercitivamente a los miembros a cumplirlas.<\/p>\n\n\n\n<p>Por esa coercibilidad, o sea, la facultad de que las normas jur\u00eddicas se apliquen en<br>contra de la voluntad del obligado, a diferencia de las morales, religiosas y sociales; es por lo<br>que el autor de estas l\u00edneas hizo su tesis \u201cLas Sanciones en el Derecho Internacional<br>P\u00fablico\u201d, para obtener su t\u00edtulo de abogado en la UNAM.<\/p>\n\n\n\n<p>El pr\u00f3ximo 9 de noviembre, habr\u00e1 sesi\u00f3n de la Asamblea General de la ONU, en su<br>sede que se encuentra en la ciudad de Nueva York, USA, a la que fue invitado a asistir y dirigir<br>un mensaje el Presidente de M\u00e9xico, Licenciado Andr\u00e9s Manuel L\u00f3pez Obrador, quien hizo<br>p\u00fablica su asistencia, y en cuya tribuna entre otros temas importantes hablar\u00e1 sobre la<br>corrupci\u00f3n.<\/p>\n\n\n\n<p>AMLO, anticip\u00f3: &#8220;Voy a hablar del principal problema del Mundo: la corrupci\u00f3n que<br>produce desigualdad&#8221;; y contra lo que estamos viendo van dirigidas todas sus pol\u00edticas<br>p\u00fablicas en todas las materias: salud, educaci\u00f3n, seguridad, gobierno, administraci\u00f3n, y<br>otras.<\/p>\n\n\n\n<p>La comparecencia se dar\u00e1 con motivo de que M\u00e9xico, asumir\u00e1 la Presidencia del<br>Consejo de Seguridad de la ONU; lo que constituir\u00e1 una tribuna internacional para sugerir<br>soluciones al grave problema que flagela a la Humanidad, que es la corrupci\u00f3n, que es causa<br>y efecto a un mismo tiempo de la impunidad; y para lo cual AMLO, tiene toda la autoridad<br>moral del mundo.<\/p>\n","protected":false},"excerpt":{"rendered":"<p>Por Fernando Rangel de Le\u00f3n La Organizaci\u00f3n de las Naciones Unidas ONU, fue fundada el 24 de octubre de 1945,en San Francisco, California; por lo que acaba de cumplir 76 a\u00f1os; para asegurar la paz, laseguridad, la amistad, el mejoramiento del nivel de vida, el progreso social y los derechoshumanos; inmediatamente despu\u00e9s de la Segunda Guerra Mundial 1939-1945; por 51 pa\u00edses,entre ellos M\u00e9xico; y principalmente para que ya no se&#8230;<\/p>\n","protected":false},"author":1,"featured_media":0,"comment_status":"closed","ping_status":"closed","sticky":false,"template":"","format":"standard","meta":{"footnotes":""},"categories":[6],"tags":[],"class_list":["post-5332","post","type-post","status-publish","format-standard","hentry","category-fernando-rangel","wpcat-6-id"],"_links":{"self":[{"href":"https:\/\/www.aquilaguna.com\/index.php\/wp-json\/wp\/v2\/posts\/5332","targetHints":{"allow":["GET"]}}],"collection":[{"href":"https:\/\/www.aquilaguna.com\/index.php\/wp-json\/wp\/v2\/posts"}],"about":[{"href":"https:\/\/www.aquilaguna.com\/index.php\/wp-json\/wp\/v2\/types\/post"}],"author":[{"embeddable":true,"href":"https:\/\/www.aquilaguna.com\/index.php\/wp-json\/wp\/v2\/users\/1"}],"replies":[{"embeddable":true,"href":"https:\/\/www.aquilaguna.com\/index.php\/wp-json\/wp\/v2\/comments?post=5332"}],"version-history":[{"count":1,"href":"https:\/\/www.aquilaguna.com\/index.php\/wp-json\/wp\/v2\/posts\/5332\/revisions"}],"predecessor-version":[{"id":5333,"href":"https:\/\/www.aquilaguna.com\/index.php\/wp-json\/wp\/v2\/posts\/5332\/revisions\/5333"}],"wp:attachment":[{"href":"https:\/\/www.aquilaguna.com\/index.php\/wp-json\/wp\/v2\/media?parent=5332"}],"wp:term":[{"taxonomy":"category","embeddable":true,"href":"https:\/\/www.aquilaguna.com\/index.php\/wp-json\/wp\/v2\/categories?post=5332"},{"taxonomy":"post_tag","embeddable":true,"href":"https:\/\/www.aquilaguna.com\/index.php\/wp-json\/wp\/v2\/tags?post=5332"}],"curies":[{"name":"wp","href":"https:\/\/api.w.org\/{rel}","templated":true}]}}