{"id":5377,"date":"2021-11-03T18:33:17","date_gmt":"2021-11-04T00:33:17","guid":{"rendered":"https:\/\/www.aquilaguna.com\/?p=5377"},"modified":"2021-11-03T18:33:17","modified_gmt":"2021-11-04T00:33:17","slug":"el-derecho-de-igualdad-y-equidad-ha-sido-una-de-las-premisas-de-mi-gobierno-mars","status":"publish","type":"post","link":"https:\/\/www.aquilaguna.com\/index.php\/2021\/11\/03\/el-derecho-de-igualdad-y-equidad-ha-sido-una-de-las-premisas-de-mi-gobierno-mars\/","title":{"rendered":"EL DERECHO DE IGUALDAD Y EQUIDAD HA SIDO UNA DE LAS PREMISAS DE MI GOBIERNO: MARS."},"content":{"rendered":"\n<p>\u00b7\u00a0\u00a0\u00a0\u00a0\u00a0\u00a0<strong><em>\u00a0Entrega gobernador Miguel Riquelme 300 aparatos auditivos en La Laguna.<\/em><\/strong><\/p>\n\n\n\n<p>Torre\u00f3n, Coahuila de Zaragoza; a 3 de Noviembre de 2021.- Acompa\u00f1ado por Marcela Gorg\u00f3n, Presidenta Honoraria del DIF Coahuila, el gobernador Miguel \u00c1ngel Riquelme Sol\u00eds entreg\u00f3 300 aparatos auditivos en la Regi\u00f3n Laguna, cuya inversi\u00f3n fue de 1.3 millones de pesos.<\/p>\n\n\n\n<p>El Gobernador coment\u00f3 que hoy se dispone la entrega de estos aparatos y que, dentro de las prioridades del Gobierno tras la pandemia y sus distintos efectos, esta entrega tiene un doble esfuerzo en cada dependencia.<\/p>\n\n\n\n<p>\u201cHoy, por el tes\u00f3n de Marcela Gorg\u00f3n, esta inversi\u00f3n es de las m\u00e1s redituables para nuestra entidad\u201d, dijo, \u201cpor el beneficio hacia los ciudadanos\u201d.<\/p>\n\n\n\n<p>\u201cHoy les regresamos un pedacito de su ser, de lo que siempre han sido y no debieron dejar de ser\u201d.Riquelme Sol\u00eds explic\u00f3 que en la entidad se entregan distintos beneficios, pero cuando se hacen a trav\u00e9s del DIF hay un cambio radical en la vida del ser humano, lo que para \u00e9l es gratificante.<\/p>\n\n\n\n<p>Reiter\u00f3 que el derecho de igualdad y equidad han sido una de sus premisas, y que aunque se tuvieron que hacer de lado algunos programas, ninguno de ellos fue en detrimento de la calidad de vida de las y los coahuilenses.<\/p>\n\n\n\n<p>Miguel Riquelme ratific\u00f3 que tiene una responsabilidad m\u00e1s grande al ser Gobernador, despu\u00e9s de haber sido Presidente Municipal de Torre\u00f3n; sin embargo su compromiso est\u00e1 en que haya seguridad, Estado de Derecho, empleo y salud para toda la entidad.<\/p>\n\n\n\n<p>\u201cQu\u00e9 orgullo que en el DIF se pueda estar viviendo este momento\u201d, expres\u00f3, al mencionar que la pandemia dej\u00f3 a muchas entidades sin recursos, pero que en Coahuila se organiz\u00f3 de forma que se puedan atemperar todos sus efectos.<\/p>\n\n\n\n<p>El Mandatario estatal agreg\u00f3 que la ciencia y la parte t\u00e9cnica dejaron claro que las personas que se vacunan tienen probabilidades muy grandes de evitar caer en el hospital y tener s\u00edntomas graves, por lo que pidi\u00f3 que apoyen con sus familias y vecinos para que m\u00e1s personas cumplan este paso.<\/p>\n\n\n\n<p>Ratific\u00f3 que este programa es una de las mejores acciones de su Gobierno, que forma parte de la pol\u00edtica social para promover el respeto y la inclusi\u00f3n.<\/p>\n\n\n\n<p>\u201cEs una acci\u00f3n que contribuye a asegurar el derecho de todas y todos los coahuilenses a vivir a plenitud, a seguir participando en el desarrollo de nuestro estado\u201d, se\u00f1al\u00f3 el gobernador Miguel Riquelme.<\/p>\n\n\n\n<p>Por su parte, el Director General del DIF Coahuila, Roberto C\u00e1rdenas Zavala, destac\u00f3 que en esta instituci\u00f3n se ha trabajado bajo la direcci\u00f3n y ejemplo de Marcela Gorg\u00f3n y del gobernador Miguel Riquelme.<\/p>\n\n\n\n<p>Agreg\u00f3 que a trav\u00e9s del \u00e1rea de Gesti\u00f3n Social se brinda atenci\u00f3n a los grupos vulnerables y sus familias, por lo que se han entregado m\u00e1s de 300 aparatos auditivos y m\u00e1s de 20 mil apoyos de sillas de ruedas y otros beneficios especiales.<\/p>\n\n\n\n<p>Inform\u00f3 adem\u00e1s que se realiz\u00f3 una valoraci\u00f3n a cada uno de los beneficiados, como es la audiometr\u00eda, modelo y calibraci\u00f3n para la colocaci\u00f3n del aparato, para la p\u00e9rdida auditiva, leve, moderada y severa.<\/p>\n\n\n\n<p>\u201cEl trabajo diario por la gente de nuestro Estado es lo que nos motiva a dar resultados\u201d, dijo C\u00e1rdenas Zavala.Juan Garc\u00eda, beneficiario de este programa, expres\u00f3 que por fin ha vuelto a escuchar de nuevo: <\/p>\n\n\n\n<p>\u201cHoy, gracias al apoyo del se\u00f1or gobernador Miguel Riquelme y su esposa Marcela Gorg\u00f3n&#8230; cuando perd\u00ed la capacidad de escuchar, perd\u00ed una parte de mi vida que hoy volv\u00ed a recuperar\u201d.<\/p>\n\n\n\n<p>En esta entrega de aparatos auditivos estuvieron presentes, adem\u00e1s, Shamir Fern\u00e1ndez Hern\u00e1ndez, diputado federal; Roberto Bernal G\u00f3mez, Secretario de Salud del Estado, y\u00a0\u00a0Arturo Rangel Aguirre, Coordinador del DIF en La Laguna; entre otros funcionarios estatales y municipales.<\/p>\n","protected":false},"excerpt":{"rendered":"<p>\u00b7\u00a0\u00a0\u00a0\u00a0\u00a0\u00a0\u00a0Entrega gobernador Miguel Riquelme 300 aparatos auditivos en La Laguna. Torre\u00f3n, Coahuila de Zaragoza; a 3 de Noviembre de 2021.- Acompa\u00f1ado por Marcela Gorg\u00f3n, Presidenta Honoraria del DIF Coahuila, el gobernador Miguel \u00c1ngel Riquelme Sol\u00eds entreg\u00f3 300 aparatos auditivos en la Regi\u00f3n Laguna, cuya inversi\u00f3n fue de 1.3 millones de pesos. El Gobernador coment\u00f3 que hoy se dispone la entrega de estos aparatos y que, dentro de las prioridades del&#8230;<\/p>\n","protected":false},"author":1,"featured_media":5378,"comment_status":"closed","ping_status":"closed","sticky":false,"template":"","format":"standard","meta":{"footnotes":""},"categories":[5,26,15,14],"tags":[],"class_list":["post-5377","post","type-post","status-publish","format-standard","has-post-thumbnail","hentry","category-coahuila","category-dif","category-gobierno-de-coahuila","category-salud","wpcat-5-id","wpcat-26-id","wpcat-15-id","wpcat-14-id"],"_links":{"self":[{"href":"https:\/\/www.aquilaguna.com\/index.php\/wp-json\/wp\/v2\/posts\/5377","targetHints":{"allow":["GET"]}}],"collection":[{"href":"https:\/\/www.aquilaguna.com\/index.php\/wp-json\/wp\/v2\/posts"}],"about":[{"href":"https:\/\/www.aquilaguna.com\/index.php\/wp-json\/wp\/v2\/types\/post"}],"author":[{"embeddable":true,"href":"https:\/\/www.aquilaguna.com\/index.php\/wp-json\/wp\/v2\/users\/1"}],"replies":[{"embeddable":true,"href":"https:\/\/www.aquilaguna.com\/index.php\/wp-json\/wp\/v2\/comments?post=5377"}],"version-history":[{"count":1,"href":"https:\/\/www.aquilaguna.com\/index.php\/wp-json\/wp\/v2\/posts\/5377\/revisions"}],"predecessor-version":[{"id":5379,"href":"https:\/\/www.aquilaguna.com\/index.php\/wp-json\/wp\/v2\/posts\/5377\/revisions\/5379"}],"wp:featuredmedia":[{"embeddable":true,"href":"https:\/\/www.aquilaguna.com\/index.php\/wp-json\/wp\/v2\/media\/5378"}],"wp:attachment":[{"href":"https:\/\/www.aquilaguna.com\/index.php\/wp-json\/wp\/v2\/media?parent=5377"}],"wp:term":[{"taxonomy":"category","embeddable":true,"href":"https:\/\/www.aquilaguna.com\/index.php\/wp-json\/wp\/v2\/categories?post=5377"},{"taxonomy":"post_tag","embeddable":true,"href":"https:\/\/www.aquilaguna.com\/index.php\/wp-json\/wp\/v2\/tags?post=5377"}],"curies":[{"name":"wp","href":"https:\/\/api.w.org\/{rel}","templated":true}]}}