{"id":5383,"date":"2021-11-03T19:33:14","date_gmt":"2021-11-04T01:33:14","guid":{"rendered":"https:\/\/www.aquilaguna.com\/?p=5383"},"modified":"2021-11-03T19:33:14","modified_gmt":"2021-11-04T01:33:14","slug":"entrega-dif-coahuila-300-aparatos-auditivos","status":"publish","type":"post","link":"https:\/\/www.aquilaguna.com\/index.php\/2021\/11\/03\/entrega-dif-coahuila-300-aparatos-auditivos\/","title":{"rendered":"Entrega DIF Coahuila 300 aparatos auditivos."},"content":{"rendered":"\n<p>Torre\u00f3n, Coahuila.- 300\u00a0 aparatos auditivos, hizo entrega \u00e9sta ma\u00f1ana el\u00a0 DIF-Coahuila\u00a0 a\u00a0 igual n\u00famero de beneficiarios \u00a0 en acto \u00a0 que fuera presidido por\u00a0 la se\u00f1ora Marcela\u00a0 Gorg\u00f3n de Riquelme,\u00a0 el Licenciado Roberto C\u00e1rdenas Zavala, Presidenta Honoraria y Director de esa Instituci\u00f3n,\u00a0 contando con la presencia del Gobernador Miguel Angesl Riquelme Solis\u00a0 en acto que tuviera lugar en uno de los salones del Centro de Convenciones en esta ciudad.<\/p>\n\n\n\n<p>En su intervenci\u00f3n el Director del DIF-Coahuila\u00a0 Jos\u00e9 Roberto C\u00e1rdenas Zavala \u00a0 dio a conocer que,\u00a0 &#8220;en el transcurso de \u00e9sta administraci\u00f3n se ha trabajado\u00a0 bajo la direcci\u00f3n de nuestra Presidenta, se\u00f1ora Marcela Gorg\u00f3n y del Gobernador Riquelme Solis con sentido humano, cercano a la gente\u00a0 \u00a0 en condici\u00f3n de\u00a0 vulnerabilidad, principalmente aquellos\u00a0 con dif\u00edcil acceso a alg\u00fan tipo de apoyo&#8221;.<\/p>\n\n\n\n<p>Cit\u00f3 luego la contingencia sanitaria que plantea\u00a0 el Covid.-19,\u00a0 &#8220;que lleg\u00f3 a afectar,\u00a0 con mayor preocupaci\u00f3n por los grupos vulnerables, personas con discapacidad, adultos mayores, personas con c\u00e1ncer y familias con alg\u00fan tipo de vulnerabilidad&#8221;.<\/p>\n\n\n\n<p>Dijo luego que, &#8220;es por ello resaltar que a trav\u00e9s del \u00e1rea de gesti\u00f3n social del DIF-Coahuila en las cinco coordinaciones\u00a0 del Estado \u00a0 brindamos servicios de asistencia social, impulsando el desarrollo integral de los grupos vulnerables\u00a0 y sus familias\u00a0 donde continuamente recibimos solicitudes de ayuda&#8221;.<\/p>\n\n\n\n<p>Indic\u00f3 que, &#8220;en esta administraci\u00f3n y a trav\u00e9s de Gesti\u00f3n Social se han entregado\u00a0 mas de 300 aparatos auditivos y\u00a0 otorgado a mas de 20 mil apoyos econ\u00f3micos, alimentarios, aparatos funcionales, pa\u00f1ales,\u00a0 sillas de ruedas\u00a0 y apoyos especiales&#8221;.<\/p>\n\n\n\n<p>&#8220;En este mismo contexto, hemos beneficiado a las y ni\u00f1os del Estado con implantes cocleares a trav\u00e9s de campa\u00f1as &#8216;Un Sonido que Despierta a la Vida&#8217;\u00a0 y un \u00a0 concierto\u00a0 con\u00a0 Pl\u00e1cido Domingo, es por ello que\u00a0 brindamos en esta ocasi\u00f3n la atenci\u00f3n\u00a0 a una de las necesidades que enfrentan las personas con problemas auditivos y que hoy, gracias las gestiones de nuestra Presidenta y al apoyo de nuestro Gobernador se estar\u00e1n entregando alrededor de 300 aparatos auditivos, a mas de 200 persona\u00a0 con la finalidad de contribuir \u00a0 a mejor su calidad de vida&#8221;.<\/p>\n\n\n\n<p>Enseguida se\u00a0 dieron entrega de\u00a0 los\u00a0 aparatos auditivos a los primeros\u00a0 beneficiados\u00a0 y se escucharon las palabras de agradecimiento de los beneficiados a trav\u00e9s de uno de estas personas.\u00a0<\/p>\n\n\n\n<p>Para finalizar \u00e9ste emotivo acto, el Gobernador Riquelme Solis en su intervenci\u00f3n manifest\u00f3 las gracias a los ah\u00ed presentes, indicando que, &#8220;\u00e9ste momento en est\u00e9 reuni\u00f3n fue posible, gracias a la uni\u00f3n de esfuerzos, gracias a que estamos junto,  a que mucha gente se anim\u00f3 a pedirle el apoyo a alguien y este alguien se acerc\u00f3 con nosotros\u00a0 y aqu\u00ed, se requiere a alguien sensible que escuchara sus necesidad como Marcela, mi esposa  y sin lugar a dudas el equipo de\u00a0 DIF&#8221;, sin dejar de citar al Doctor Roberto Bernal Gomez, titular d ella Secretar\u00eda de Salubridad, tambi\u00e9n, ah\u00ed presente.<\/p>\n\n\n\n<p>Manifest\u00f3 que dentro de todas las necesidades que tiene\u00a0 el Gobierno, &#8220;como prioridad es ir transitando \u00e9sta pandemia y sus distintos efectos, se hace un doble esfuerzo, pero hoy agradezco el tes\u00f3n de Marcela\u00a0 por enfrentar los problemas que ella,\u00a0 d\u00eda a d\u00eda identifica\u00a0 con\u00a0 la gente que acude al DIF\u00a0 o a quienes les ayudan a identificar estos problemas&#8221;.<\/p>\n","protected":false},"excerpt":{"rendered":"<p>Torre\u00f3n, Coahuila.- 300\u00a0 aparatos auditivos, hizo entrega \u00e9sta ma\u00f1ana el\u00a0 DIF-Coahuila\u00a0 a\u00a0 igual n\u00famero de beneficiarios \u00a0 en acto \u00a0 que fuera presidido por\u00a0 la se\u00f1ora Marcela\u00a0 Gorg\u00f3n de Riquelme,\u00a0 el Licenciado Roberto C\u00e1rdenas Zavala, Presidenta Honoraria y Director de esa Instituci\u00f3n,\u00a0 contando con la presencia del Gobernador Miguel Angesl Riquelme Solis\u00a0 en acto que tuviera lugar en uno de los salones del Centro de Convenciones en esta ciudad. En&#8230;<\/p>\n","protected":false},"author":2,"featured_media":0,"comment_status":"closed","ping_status":"","sticky":false,"template":"","format":"standard","meta":{"footnotes":""},"categories":[5,26,15],"tags":[],"class_list":["post-5383","post","type-post","status-publish","format-standard","hentry","category-coahuila","category-dif","category-gobierno-de-coahuila","wpcat-5-id","wpcat-26-id","wpcat-15-id"],"_links":{"self":[{"href":"https:\/\/www.aquilaguna.com\/index.php\/wp-json\/wp\/v2\/posts\/5383","targetHints":{"allow":["GET"]}}],"collection":[{"href":"https:\/\/www.aquilaguna.com\/index.php\/wp-json\/wp\/v2\/posts"}],"about":[{"href":"https:\/\/www.aquilaguna.com\/index.php\/wp-json\/wp\/v2\/types\/post"}],"author":[{"embeddable":true,"href":"https:\/\/www.aquilaguna.com\/index.php\/wp-json\/wp\/v2\/users\/2"}],"replies":[{"embeddable":true,"href":"https:\/\/www.aquilaguna.com\/index.php\/wp-json\/wp\/v2\/comments?post=5383"}],"version-history":[{"count":1,"href":"https:\/\/www.aquilaguna.com\/index.php\/wp-json\/wp\/v2\/posts\/5383\/revisions"}],"predecessor-version":[{"id":5384,"href":"https:\/\/www.aquilaguna.com\/index.php\/wp-json\/wp\/v2\/posts\/5383\/revisions\/5384"}],"wp:attachment":[{"href":"https:\/\/www.aquilaguna.com\/index.php\/wp-json\/wp\/v2\/media?parent=5383"}],"wp:term":[{"taxonomy":"category","embeddable":true,"href":"https:\/\/www.aquilaguna.com\/index.php\/wp-json\/wp\/v2\/categories?post=5383"},{"taxonomy":"post_tag","embeddable":true,"href":"https:\/\/www.aquilaguna.com\/index.php\/wp-json\/wp\/v2\/tags?post=5383"}],"curies":[{"name":"wp","href":"https:\/\/api.w.org\/{rel}","templated":true}]}}