{"id":5410,"date":"2021-11-04T17:10:47","date_gmt":"2021-11-04T23:10:47","guid":{"rendered":"https:\/\/www.aquilaguna.com\/?p=5410"},"modified":"2021-11-04T17:10:48","modified_gmt":"2021-11-04T23:10:48","slug":"encabeza-mars-homenaje-postumo-del-oficial-carlos-enrique-solis-pena","status":"publish","type":"post","link":"https:\/\/www.aquilaguna.com\/index.php\/2021\/11\/04\/encabeza-mars-homenaje-postumo-del-oficial-carlos-enrique-solis-pena\/","title":{"rendered":"ENCABEZA MARS HOMENAJE P\u00d3STUMO DEL OFICIAL CARLOS ENRIQUE SOL\u00cdS PE\u00d1A."},"content":{"rendered":"\n<p>\u00b7\u00a0\u00a0\u00a0\u00a0\u00a0\u00a0<strong><em>Su sacrificio no ser\u00e1 en vano; reafirma determinaci\u00f3n de blindar Coahuila.<\/em><\/strong><\/p>\n\n\n\n<p>\u00b7&nbsp;&nbsp;&nbsp;&nbsp;&nbsp;&nbsp;<strong><em>Emotiva despedida al oficial ca\u00eddo en el cumplimiento del deber.<\/em><\/strong><\/p>\n\n\n\n<p>Saltillo, Coahuila de Zaragoza; a 4 de Noviembre de 2021.- El<\/p>\n\n\n\n<p>gobernador Miguel \u00c1ngel Riquelme Sol\u00eds encabez\u00f3 el homenaje p\u00f3stumo que el pueblo y el Gobierno de Coahuila rindi\u00f3 al oficial de la Polic\u00eda Estatal Carlos Enrique Sol\u00eds Pe\u00f1a, que el pasado martes perdi\u00f3 la vida en el cumplimiento del deber durante un enfrentamiento contra delincuentes, al norte de la entidad.<\/p>\n\n\n\n<p>\u201cSu sacrificio no ser\u00e1 en vano; hoy nos motiva y reafirma nuestra determinaci\u00f3n por blindar Coahuila en contra de todo inter\u00e9s ajeno al bienestar colectivo, y de afrontar cualquier amenaza que intente vulnerar la tranquilidad y el orden p\u00fablico, base del desarrollo y la prosperidad de nuestra sociedad\u201d, subray\u00f3.<\/p>\n\n\n\n<p>Ante la hoy viuda del valeroso elemento, Sof\u00eda Guadalupe Pe\u00f1a Arriaga; de sus padres, Alejandrina Pe\u00f1a \u00c1lvarez y Miguel \u00c1ngel Sol\u00eds Badillo; autoridades civiles y militares, as\u00ed como de compa\u00f1eros del infortunado servidor p\u00fablico, el Gobernador de Coahuila enfatiz\u00f3 que la m\u00e1xima prioridad del Estado es la paz de todos sus habitantes.<\/p>\n\n\n\n<p>Transmiti\u00f3 sus sinceras condolencias a todos los seres queridos del cumplido elemento de la Polic\u00eda Estatal, y les reiter\u00f3 el permanente apoyo, solidaridad y acompa\u00f1amiento del Gobierno del Estado.<\/p>\n\n\n\n<p>\u201cDespedimos hoy a un polic\u00eda ejemplar que desde enero de 2019 que se incorpor\u00f3 a la corporaci\u00f3n estatal se distingui\u00f3 como un oficial con el m\u00e1s alto sentido del deber, entregado por entero a la misi\u00f3n salvaguardar la vida de las y los coahuilenses\u201d, expres\u00f3 el Mandatario estatal.<\/p>\n\n\n\n<p>\u201cLe recordamos como un oficial lleno de juventud y vigor, poseedor de singular valor y honor, que se gan\u00f3 la amistad de sus allegados por su compa\u00f1erismo y su esp\u00edritu fraternal, donde patentiz\u00f3 su vocaci\u00f3n por la construcci\u00f3n de una mejor sociedad, donde se cumpla la Ley y sean respetados los Derechos Humanos\u201d.<\/p>\n\n\n\n<p>En las instalaciones de la Secretar\u00eda de Seguridad P\u00fablica, en cuyo Muro de Honor qued\u00f3 inscrito para la posterioridad el nombre del valiente, leal y entregado polic\u00eda estatal, el gobernador Miguel Riquelme reiter\u00f3 que en la b\u00fasqueda de la paz de toda la poblaci\u00f3n no descansamos ni un s\u00f3lo d\u00eda en esta misi\u00f3n.<\/p>\n\n\n\n<p>\u201cCoahuila es para gente de bien, de trabajo y de lealtad con los valores supremos de nuestra Patria, que nos unen y nos enaltecen\u201d, dijo el Gobernador.<\/p>\n\n\n\n<p>\u201cNo daremos ni un paso atr\u00e1s en la lucha contra el crimen y la delincuencia\u201d.<\/p>\n\n\n\n<p>Riquelme Sol\u00eds sostuvo que Coahuila cuenta con una de las mejores Polic\u00edas del Pa\u00eds.<\/p>\n\n\n\n<p>\u201cSin embargo los lamentables sucesos nos exigen mejorar nuestros mecanismos de trabajo, con mejor armamento, m\u00e1s equipo y tecnolog\u00eda de vanguardia\u201d, advirti\u00f3.<\/p>\n\n\n\n<p>En ese sentido, Miguel Riquelme sostuvo que se reforzar\u00e1n las estrategias coordinadas con las corporaciones de Seguridad P\u00fablica de los tres \u00f3rdenes de Gobierno con las Fuerzas Armadas y la Guardia Nacional.<\/p>\n\n\n\n<p>Se fortalecer\u00e1 a estos cuerpos de seguridad con m\u00e1s patrullas, m\u00e1s capacitaci\u00f3n y mejores est\u00edmulos a su desempe\u00f1o, al tiempo que transmiti\u00f3 como Gobernador, como ciudadano y como padre de familia, sus m\u00e1s sentidas condolencias a los seres queridos del oficial Carlos Enrique.<\/p>\n\n\n\n<p>\u201cCon la fuerza que nos inspira su valor y sacrificio, seguiremos construyendo el Coahuila m\u00e1s fuerte, m\u00e1s unido y de paz por el que \u00e9l luch\u00f3 y ofrend\u00f3 su vida\u201d,&nbsp; expres\u00f3.<\/p>\n\n\n\n<p>En el Homenaje P\u00f3stumo al elemento ca\u00eddo en el cumplimiento del deber, el Mandatario estatal encabez\u00f3 la primera Guardia de Honor ante su f\u00e9retro, junto al Alcalde de Saltillo, Manolo Jim\u00e9nez Salinas; la titular de la SSP, Sonia Villarreal P\u00e9rez; el Fiscal General del Estado, Gerardo M\u00e1rquez Guevara, y el Comandante de&nbsp; la VI Zona Militar, General Guillermo Nava S\u00e1nchez.<\/p>\n\n\n\n<p>Previamente se tuvo el Pase de Lista, en el que las y los elementos de Seguridad P\u00fablica, al un\u00edsono, citaron el nombre del oficial Sol\u00eds Pe\u00f1a.<\/p>\n\n\n\n<p>Luego, los elementos que integraron la Guardia Permanente que custodi\u00f3 el f\u00e9retro del acaecido elemento, recogieron el Estandarte del Estado de Coahuila que cubri\u00f3 el ata\u00fad, para entregarlo al gobernador Miguel Riquelme, quien a su vez lo deposit\u00f3 en las manos de su viuda Sof\u00eda y sus padres, Alejandrina y Miguel \u00c1ngel.<\/p>\n\n\n\n<p>En tanto, elementos de la Polic\u00eda Estatal tuvieron a su cargo un disparo de salva en honor del valiente oficial.<\/p>\n\n\n\n<p>Por su parte, la Secretaria de Seguridad P\u00fablica en Coahuila, Sonia Villarreal P\u00e9rez, transmiti\u00f3 sus condolencias a la hoy viuda Sof\u00eda Guadalupe y al peque\u00f1o Carlos Nicol\u00e1s, hijo del oficial Carlos Enrique, y dijo: \u201cDesde el Gobierno del Estado compartimos su dolor, la angustia y el coraje al ver cegada su vida\u2026 polic\u00eda ejemplar que cay\u00f3 en este cobarde ataque dentro de la emboscada cuando precisamente, junto a sus compa\u00f1eros de grupo, cumpl\u00eda el alto deber de proteger a la ciudadan\u00eda de nuestro estado\u201d.<\/p>\n\n\n\n<p>Expres\u00f3 que Coahuila est\u00e1 blindado gracias a la visi\u00f3n de Estado y a nuestras instituciones de Seguridad P\u00fablica, a nuestros polic\u00edas, por eso se debe fortalecer la gratitud como un valor&nbsp; necesario en la sociedad.<\/p>\n\n\n\n<p>Asimismo, estableci\u00f3 que el Gobierno del Estado seguir\u00e1 con la capacitaci\u00f3n, equipamiento y preparaci\u00f3n permanente de sus elementos de SP: \u201cPorque Coahuila no quiere aqu\u00ed a esos criminales que perpetraron este cobarde acto\u201d.<\/p>\n\n\n\n<p>\u201cSeguiremos trabajando en favor de la seguridad, respondiendo como se debe. Siempre apegados al marco legal, al Derecho, de manera coordinada, eficiente, disciplinada y rigurosa para que estos hechos no se vuelvan a repetir\u201d.<\/p>\n\n\n\n<p>\u201cEstamos aqu\u00ed para rendir honor a Carlos y a quienes se enfrentaron, junto con \u00e9l, a repeler este ataque cobarde, y que hoy se debaten entre la vida y muerte.<\/p>\n\n\n\n<p>\u201cValoramos su lealtad para cumplir su deber, y agradecemos infinitamente que siempre est\u00e9n dispuestos a arriesgar su vida por las y los coahuilenses. Una vez m\u00e1s queda demostrado que se puede amar a Coahuila sin ser polic\u00eda, pero no se puede ser polic\u00eda sin amar profundamente a Coahuila\u201d, subray\u00f3 Villarreal P\u00e9rez.<\/p>\n","protected":false},"excerpt":{"rendered":"<p>\u00b7\u00a0\u00a0\u00a0\u00a0\u00a0\u00a0Su sacrificio no ser\u00e1 en vano; reafirma determinaci\u00f3n de blindar Coahuila. \u00b7&nbsp;&nbsp;&nbsp;&nbsp;&nbsp;&nbsp;Emotiva despedida al oficial ca\u00eddo en el cumplimiento del deber. Saltillo, Coahuila de Zaragoza; a 4 de Noviembre de 2021.- El gobernador Miguel \u00c1ngel Riquelme Sol\u00eds encabez\u00f3 el homenaje p\u00f3stumo que el pueblo y el Gobierno de Coahuila rindi\u00f3 al oficial de la Polic\u00eda Estatal Carlos Enrique Sol\u00eds Pe\u00f1a, que el pasado martes perdi\u00f3 la vida en el cumplimiento&#8230;<\/p>\n","protected":false},"author":1,"featured_media":5411,"comment_status":"closed","ping_status":"closed","sticky":false,"template":"","format":"standard","meta":{"footnotes":""},"categories":[5,15,24],"tags":[],"class_list":["post-5410","post","type-post","status-publish","format-standard","has-post-thumbnail","hentry","category-coahuila","category-gobierno-de-coahuila","category-seguridad","wpcat-5-id","wpcat-15-id","wpcat-24-id"],"_links":{"self":[{"href":"https:\/\/www.aquilaguna.com\/index.php\/wp-json\/wp\/v2\/posts\/5410","targetHints":{"allow":["GET"]}}],"collection":[{"href":"https:\/\/www.aquilaguna.com\/index.php\/wp-json\/wp\/v2\/posts"}],"about":[{"href":"https:\/\/www.aquilaguna.com\/index.php\/wp-json\/wp\/v2\/types\/post"}],"author":[{"embeddable":true,"href":"https:\/\/www.aquilaguna.com\/index.php\/wp-json\/wp\/v2\/users\/1"}],"replies":[{"embeddable":true,"href":"https:\/\/www.aquilaguna.com\/index.php\/wp-json\/wp\/v2\/comments?post=5410"}],"version-history":[{"count":1,"href":"https:\/\/www.aquilaguna.com\/index.php\/wp-json\/wp\/v2\/posts\/5410\/revisions"}],"predecessor-version":[{"id":5412,"href":"https:\/\/www.aquilaguna.com\/index.php\/wp-json\/wp\/v2\/posts\/5410\/revisions\/5412"}],"wp:featuredmedia":[{"embeddable":true,"href":"https:\/\/www.aquilaguna.com\/index.php\/wp-json\/wp\/v2\/media\/5411"}],"wp:attachment":[{"href":"https:\/\/www.aquilaguna.com\/index.php\/wp-json\/wp\/v2\/media?parent=5410"}],"wp:term":[{"taxonomy":"category","embeddable":true,"href":"https:\/\/www.aquilaguna.com\/index.php\/wp-json\/wp\/v2\/categories?post=5410"},{"taxonomy":"post_tag","embeddable":true,"href":"https:\/\/www.aquilaguna.com\/index.php\/wp-json\/wp\/v2\/tags?post=5410"}],"curies":[{"name":"wp","href":"https:\/\/api.w.org\/{rel}","templated":true}]}}