{"id":5421,"date":"2021-11-05T17:37:49","date_gmt":"2021-11-05T23:37:49","guid":{"rendered":"https:\/\/www.aquilaguna.com\/?p=5421"},"modified":"2021-11-05T17:37:50","modified_gmt":"2021-11-05T23:37:50","slug":"imparte-rector-de-la-uadec-la-conferencia-retos-para-la-educacion-en-la-post-pandemia-por-covid-19-durante-el-iv-congreso-de-ciencias-sociales","status":"publish","type":"post","link":"https:\/\/www.aquilaguna.com\/index.php\/2021\/11\/05\/imparte-rector-de-la-uadec-la-conferencia-retos-para-la-educacion-en-la-post-pandemia-por-covid-19-durante-el-iv-congreso-de-ciencias-sociales\/","title":{"rendered":"Imparte Rector de la UAdeC la Conferencia \u201cRetos para la Educaci\u00f3n en la Post-pandemia por Covid-19\u201d Durante el IV Congreso de Ciencias Sociales."},"content":{"rendered":"\n<p>SALTILLO, Coahuila. 05 de octubre de 2021.- Este viernes como parte de las<br>actividades del IV Congreso de Ciencias Sociales \u201cRetos para las Ciencias<br>Sociales en la Post-Pandemia por Covid-19\u201d, que organiza la Dependencia de<br>Educaci\u00f3n Superior de Ciencias Sociales (DES), el rector de la Universidad<br>Aut\u00f3noma de Coahuila, Salvador Hern\u00e1ndez V\u00e9lez, imparti\u00f3 la conferencia \u201cRetos<br>para la Educaci\u00f3n en la Post-pandemia por Covid-19\u201d.<\/p>\n\n\n\n<p>Hern\u00e1ndez V\u00e9lez, se\u00f1al\u00f3 que el mundo se est\u00e1 enfrentando a la pandemia a<br>causa de la incorrecta relaci\u00f3n que tiene el ser humano con la naturaleza, ya que<br>se est\u00e1 invadiendo el h\u00e1bitat de la flora y la fauna, as\u00ed como de los<br>microorganismos, por lo que recalc\u00f3 es importante no sobrepasar los l\u00edmites.<br>Con la llegada del Coronavirus, coment\u00f3 se presentan diversos retos para la<br>educaci\u00f3n, entre ellos: el c\u00f3mo seguir avanzando en el proceso de ense\u00f1anza-<br>aprendizaje y de construcci\u00f3n social y emocional, definir que materias seguir\u00e1n<br>imparti\u00e9ndose de manera presencial y cu\u00e1les no y c\u00f3mo crecer para que m\u00e1s<br>personas tengan acceso a la educaci\u00f3n, es decir incrementar la matricula<br>aprovechando los medios digitales.<\/p>\n\n\n\n<p>En cuanto al tema del incremento de matr\u00edcula, resalt\u00f3 es importante trabajar en<br>ello, ya que en M\u00e9xico de cada 10 j\u00f3venes solo el 3.8 al graduarse de la<br>educaci\u00f3n media superior ingresan a profesional.<\/p>\n\n\n\n<p>As\u00ed mismo, explic\u00f3 que m\u00e1s del 50 por ciento de los estudiantes de la Universidad<br>ingresaron durante la pandemia y no han tenido la oportunidad de convivir con sus<br>compa\u00f1eros y docentes de manera presencial, por lo que destac\u00f3 que los salones<br>no son solo el espacio donde se lleva a cabo el proceso ense\u00f1anza-aprendizaje,<br>sino que tambi\u00e9n es ah\u00ed donde los alumnos tienen un crecimiento emocional y<br>social, lo que les permite formar lazos con sus pares.<\/p>\n\n\n\n<p>Por otro lado, coment\u00f3 que no puede existir una sola estrategia en la distribuci\u00f3n<br>de materias presenciales y virtuales, ya que cada escuela y facultad es distinta en<br>sus necesidades y los planteles deben definir el plan estrat\u00e9gico y la manera m\u00e1s<br>efectiva de organizaci\u00f3n para impartir clases.<\/p>\n\n\n\n<p>Con la llegada de la pandemia, coment\u00f3 que la Universidad tuvo que actuar de<br>manera r\u00e1pida, ya que se deb\u00eda salvaguardar la integridad de los alumnos y<br>docentes, por lo que se implementaron las clases en l\u00ednea a trav\u00e9s de la plataforma Microsoft Teams y se inici\u00f3 la aplicaci\u00f3n del examen de admisi\u00f3n en l\u00ednea con la empresa Exbach.<\/p>\n\n\n\n<p>Adem\u00e1s, de llevar a cabo sesiones de consejo de manera virtual y establecer las<br>elecciones en l\u00ednea para elegir a las autoridades en la Universidad, ya que no se<br>pod\u00edan frenar los procesos, por lo que de mayo de 2020 a la fecha se han llevado<br>a cabo m\u00e1s de 200 elecciones en esta modalidad.<\/p>\n\n\n\n<p>El rector de la UAdeC, se\u00f1al\u00f3 que se debe transitar hacia el mundo digital y<br>trabajar en el tema de la conectividad, agregando que ante lo que se vive<br>actualmente no se debe ser individualista, por lo que hay que tomar en cuenta a<br>los dem\u00e1s y transformar los valores y visiones.<\/p>\n","protected":false},"excerpt":{"rendered":"<p>SALTILLO, Coahuila. 05 de octubre de 2021.- Este viernes como parte de lasactividades del IV Congreso de Ciencias Sociales \u201cRetos para las CienciasSociales en la Post-Pandemia por Covid-19\u201d, que organiza la Dependencia deEducaci\u00f3n Superior de Ciencias Sociales (DES), el rector de la UniversidadAut\u00f3noma de Coahuila, Salvador Hern\u00e1ndez V\u00e9lez, imparti\u00f3 la conferencia \u201cRetospara la Educaci\u00f3n en la Post-pandemia por Covid-19\u201d. Hern\u00e1ndez V\u00e9lez, se\u00f1al\u00f3 que el mundo se est\u00e1 enfrentando a la&#8230;<\/p>\n","protected":false},"author":1,"featured_media":5422,"comment_status":"closed","ping_status":"closed","sticky":false,"template":"","format":"standard","meta":{"footnotes":""},"categories":[2],"tags":[],"class_list":["post-5421","post","type-post","status-publish","format-standard","has-post-thumbnail","hentry","category-uadec","wpcat-2-id"],"_links":{"self":[{"href":"https:\/\/www.aquilaguna.com\/index.php\/wp-json\/wp\/v2\/posts\/5421","targetHints":{"allow":["GET"]}}],"collection":[{"href":"https:\/\/www.aquilaguna.com\/index.php\/wp-json\/wp\/v2\/posts"}],"about":[{"href":"https:\/\/www.aquilaguna.com\/index.php\/wp-json\/wp\/v2\/types\/post"}],"author":[{"embeddable":true,"href":"https:\/\/www.aquilaguna.com\/index.php\/wp-json\/wp\/v2\/users\/1"}],"replies":[{"embeddable":true,"href":"https:\/\/www.aquilaguna.com\/index.php\/wp-json\/wp\/v2\/comments?post=5421"}],"version-history":[{"count":1,"href":"https:\/\/www.aquilaguna.com\/index.php\/wp-json\/wp\/v2\/posts\/5421\/revisions"}],"predecessor-version":[{"id":5423,"href":"https:\/\/www.aquilaguna.com\/index.php\/wp-json\/wp\/v2\/posts\/5421\/revisions\/5423"}],"wp:featuredmedia":[{"embeddable":true,"href":"https:\/\/www.aquilaguna.com\/index.php\/wp-json\/wp\/v2\/media\/5422"}],"wp:attachment":[{"href":"https:\/\/www.aquilaguna.com\/index.php\/wp-json\/wp\/v2\/media?parent=5421"}],"wp:term":[{"taxonomy":"category","embeddable":true,"href":"https:\/\/www.aquilaguna.com\/index.php\/wp-json\/wp\/v2\/categories?post=5421"},{"taxonomy":"post_tag","embeddable":true,"href":"https:\/\/www.aquilaguna.com\/index.php\/wp-json\/wp\/v2\/tags?post=5421"}],"curies":[{"name":"wp","href":"https:\/\/api.w.org\/{rel}","templated":true}]}}