{"id":5451,"date":"2021-11-07T20:35:10","date_gmt":"2021-11-08T02:35:10","guid":{"rendered":"https:\/\/www.aquilaguna.com\/?p=5451"},"modified":"2021-11-07T20:35:10","modified_gmt":"2021-11-08T02:35:10","slug":"aqui-laguna-79","status":"publish","type":"post","link":"https:\/\/www.aquilaguna.com\/index.php\/2021\/11\/07\/aqui-laguna-79\/","title":{"rendered":"Aqu\u00ed Laguna."},"content":{"rendered":"\n<p>\u00a1Se les cuecen las habas!\u00a0 No solo al priismo nacional, para que se lance la convocatoria de la muy pospuesta Asamblea\u00a0 Nacional\u00a0 del Partido\u00a0 Revolucionario Institucional, que ha venido siendo pospuesta a partir del 2019,\u00a0 asunto que\u00a0 parece, desalienta\u00a0 su dirigente Alejandro\u00a0 C\u00e1rdenas, vaya\u00a0 Usted a saber cuales son\u00a0 las\u00a0 razones que anidan tal tardanza, misma que se\u00f1alan\u00a0 desde diversos\u00a0 puntos del\u00a0 territorio\u00a0 su militancia, que\u00a0 est\u00e1 dispuesta a emprender las tareas de iniciar la propuesta o proyecto de pa\u00eds que el PRI\u00a0 ofrecer\u00e1\u00a0 en su plataforma electoral, ante las pr\u00f3ximas contiendas en puerta, diverso, diferente\u00a0 al que MORENA,\u00a0 su principal\u00a0 oponente, que resucit\u00f3 con \u00e9xito cual nueva versi\u00f3n del Nacionalismo Revolucionario en otras d\u00e9cadas\u00a0 y en el que sustentara la hegemon\u00eda pol\u00edtica en este pa\u00eds.<\/p>\n\n\n\n<p>En Coahuila, cuando los primeros calores\u00a0 que genera la imparable sucesi\u00f3n gubernamental que alcanzar\u00e1 su cuota m\u00e1xima en los meses del a\u00f1o en puerta, tambi\u00e9n, se les cuecen las habas a los grupos que ven en la conducci\u00f3n del PRI estatal a cargo del Ingeniero Rodrigo Fuentes Avila\u00a0 para percibir e interpretar las se\u00f1ales que\u00a0 les indiquen\u00a0 hacia que personaje le tocar\u00e1 la sucesi\u00f3n del dirigente que en los momentos mas dif\u00edciles del priismo coahuilense logr\u00f3 llevar el \u00a0 barco\u00a0 a su cargo, a buen puerto y\u00a0 casi\u00a0 borrar del mapa de los triunfos electorales al resto de los organismos partidistas en contienda, entre ellos\u00a0 a MORENA, calificado como una de las fuerzas mas complejas, con todo y su desorden\u00a0 y falta de institucionalidad de sus miembros y hasta dirigentes, \u00a0 por su diversidad, por su composici\u00f3n\u00a0 a vencer.<\/p>\n\n\n\n<p>Pero nada es para siempre, y aunque el 2023 se ve aun lejano no lo es tanto, pues el 2022 en puerta ser\u00e1 consumido en \u00a0 al interior de las fuerzas pol\u00edticas en la construcci\u00f3n de sus candidatos, su candidato,  en especial a quien resulte\u00a0 candidato al Gobierno de Coahuila, que en el caso\u00a0 del partido tricolor est\u00e1\u00a0 algo  avanzado con Manolo\u00a0 Jim\u00e9nez Salinas a la cabeza, de no surgir las malas hierbas que abierta o subrepticiamente presenten oposici\u00f3n, como ya lo estaban\u00a0 surgiendo amparadas solo por la\u00a0 ilusi\u00f3n. Obvio es que\u00a0 elegir sucesor del actual dirigente estatal priista no es ni ser\u00e1 tarea f\u00e1cil, el list\u00f3n que mantiene Rigo\u00a0 esta bastante alto y las condiciones\u00a0 en las que se desarrolle la elecci\u00f3n del 2023\u00a0 son\u00a0 impredecibles&#8230;<\/p>\n\n\n\n<p>Y en Torre\u00f3n\u00a0 la sucesi\u00f3n en marcha a cargo del Licenciado Rom\u00e1n Alberto Cepeda Gonz\u00e1lez \u00a0 dar\u00e1 color,\u00a0 \u00a0 dicen, a partir del 15 de\u00a0 noviembre\u00a0 en curso, cuando su equipo de trabajo, a integrar\u00a0 dicen tambi\u00e9n, tendr\u00e1 la encomienda de\u00a0 iniciar el la organizaci\u00f3n de su toma de protesta, el pr\u00f3ximo uno de enero, pues el plan es que \u00a0\u00e9ste acto, muestre adem\u00e1s del vigor de los nuevos tiempos a iniciar,\u00a0 de organizaci\u00f3n, de saber hacer veremos y diremos, por mas y que los actos de protocolo\u00a0 sean\u00a0 lucidores, pero no son de hecho lo mas importante, no son la sustancia, sino el plan de trabajo en el que se empate,\u00a0 las promesas\u00a0 de campa\u00f1a, mas que con los compromisos no escritos que se\u00a0 producen en cada elecci\u00f3n. Rom\u00e1n Alberto prometi\u00f3\u00a0 un plan de trabajo\u00a0 basado en cuatro ejes rectores -Seguridad y Orden, Bienestar para todos, Competividad y Fortaleza Econ\u00f3mica y un Gobierno Participativo e Incluyente-, y un\u00a0 eje transversal de proyectos estrat\u00e9gicos &#8220;para recuperar \u00a0 el rumbo de Torre\u00f3n&#8221;, todo ello\u00a0 \u00a0 y ante el panorama que nos dise\u00f1a d\u00eda a d\u00eda la pandemia de Covid-19, \u00a0 el dise\u00f1o de una estrategia integral para la salud y atenci\u00f3n de esta\u00a0 condici\u00f3n, que al d\u00eda de hoy, hace sumar al pa\u00eds\u00a0 la catastr\u00f3fica suma oficial \u00a0 de\u00a0 289,674 decesos, mas lo que se sumen y no se nos\u00a0 confundan\u00a0 avisa, con la Influenza, que tambi\u00e9n genera muertes,\u00a0 en especial si no nos hemos vacunado en contra de la misma y cuyo ant\u00edgeno est\u00e1 ya en Coahuila a disposici\u00f3n de los interesados en contar con un escudo a mas para conservar la salud en estos d\u00edas&#8230;<\/p>\n\n\n\n<p>Y entre los\u00a0 abundantes mentideros pol\u00edticos, se habla ya de que\u00a0 el Ingeniero Lauro Villarreal Navarro, quien fungiera como Contralor\u00a0 Municipal en la administraci\u00f3n que presidi\u00f3 el Licenciado Eduardo Olmos Castro se perfila como muy seguro titular de Simas-Torre\u00f3n, la empresa paramunicipal que se asegura\u00a0 arrastra ya\u00a0 dif\u00edcil situaci\u00f3n en el orden t\u00e9cnico y financiero\u00a0 que deber\u00e1 sortear \u00a0 bajo las condiciones econ\u00f3micas y pol\u00edticas que se deriven de la operaci\u00f3n en territorio municipal del Proyecto Agua Saludable para La Laguna al igual que en otros cuatro municipios laguneros de Coahuila,\u00a0 cuya conducci\u00f3n, no del agua, sino del proyecto\u00a0 est\u00e1 a cargo ya del Licenciado en Econom\u00eda Gabriel L\u00f3pez Hern\u00e1ndez, cuya presencia\u00a0 en la regi\u00f3n,\u00a0 sigue\u00a0 hasta hoy siendo fantasmal\u00a0 con todo y que cuenta con la bendici\u00f3n de AMLO.<\/p>\n\n\n\n<p>Otro que se menciona como\u00a0 futuro miembros de la\u00a0 pr\u00f3xima administraci\u00f3n municipal\u00a0 es Luis Morales,\u00a0 ex reportero y titular de comunicaci\u00f3n social del cuerpo polic\u00edaco a cargo del Teniente Adelaido Flores,\u00a0 y en\u00a0 estos d\u00edas, exitoso\u00a0 titular de Verificaci\u00f3n\u00a0 de la Recaudaci\u00f3n de Rentas con asiento en\u00a0 esta ciudad&#8230;<\/p>\n\n\n\n<p>Y vaya que cien a\u00f1os, son mucho, pero mucho tiempo desde la perspectiva de una vida humana, no as\u00ed para las instituciones, en este caso, diremos que el pr\u00f3ximo mes de febrero\u00a0 el Peri\u00f3dico El Siglo de Torre\u00f3n alcanza\u00a0 su centenaria vigencia cotidiana en la vida de los laguneros y\u00a0 dicen se dispone a festejar tal importante tramo de vida, dicen tambi\u00e9n que lo har\u00e1 bajo la Direcci\u00f3n o subdirecci\u00f3n editorial seg\u00fan es el caso, de\u00a0 aun inc\u00f3gnito personaje\u00a0 de los Medios, quiz\u00e1s &#8220;importad&#8221; de otros ubicados si no en Estados, si en la capital del pa\u00eds, que garantice\u00a0 terminar su tr\u00e1nsito de medio impreso a edici\u00f3n digital\u00a0 de manera preponderante, pues hay que decirlo, desde la extinci\u00f3n del se\u00f1or Antonio de Juambelz \u00a0 patriarca de esa instituci\u00f3n period\u00edstica,\u00a0 seleccionar, \u00a0permanecer y dar continuidad a tal proceso\u00a0 no ha resultado f\u00e1cil, de ah\u00ed que se anticipe que el actual subdirector editorial Johan\u00a0 Uribe Jim\u00e9nez\u00a0 solo estar\u00e1 al frente de tal oficina hasta el d\u00eda 15 del presente&#8230;<\/p>\n\n\n\n<p>Que ser\u00e1 el Secretario General del Comit\u00e9 Estatal del Partido Acci\u00f3n Nacional el\u00a0 licenciado\u00a0 Gerardo Aguado G\u00f3mez,\u00a0 acompa\u00f1ando en calidad de presidenta a la monclovense\u00a0 Elisa Maldonado, cual f\u00f3rmula de unidad\u00a0 acordada por las manos que mecen tal cuna\u00a0 y una vez que la dupla de Guillermo Anaya y Jes\u00fas de Le\u00f3n Tello, materialmente acabaron con\u00a0 tal organismo partidista, de tal naufragio solo\u00a0 el ex diputado Aguado \u00a0 y Ang\u00e9lica Campos sobrevivieron y v\u00e9alos ah\u00ed, representando a los blanquiazules laguneros. Vamos a ver como les va. Por estas tierras tales sucesos pasan con mas pena que gloria\u2026<\/p>\n\n\n\n<p>Notable la ausencia de la Secreataria de Turismo en el Estado, licenciada Azucena Ramos , en el acompa\u00f1amiento, siquiera \u00a0 en los esfuerzos que realizan los empresarios que forman parte de la \u00a0 llamada &#8220;cadena de valor&#8221;\u00a0 de ese sector\u00a0 para colocar a este tierra en el punto de\u00a0 mira, de destino\u00a0 del turismo\u00a0 y de visitantes que empiezan a recuperar la movilidad en el pa\u00eds,\u00a0 y con ello \u00a0&#8220;resucitando&#8221; la vapuleada actividad de este ramo de la econom\u00eda. De ah\u00ed que solitos,\u00a0 CANIRAC y la OCV,\u00a0 reanuden el Festival de la Paella,\u00a0 que\u00a0 hab\u00eda quedado en suspenso a ra\u00edz de la pandemia. No hay que ser, \u00a0 en estos tiempos cualquier esfuerzo por sumar\u00a0 en la reactivaci\u00f3n econ\u00f3mica es importante. Por ello\u00a0 la licenciada Ramos de perdido deber\u00eda autorizar a la subsecretaria Maria Eugenia Villarrreal, asistir a tales\u00a0 actos informativos en su representaci\u00f3n&#8230;<\/p>\n\n\n\n<p>Cuando un amigo se va, dicen, queda un espacio vac\u00edo y en mi caso,\u00a0 la rabia, la impotencia ante\u00a0 las inescrutables decisiones\u00a0 de Dios. No por ello,\u00a0 el recuerdo de los momentos vividos\u00a0 en algunos tramos compartidos\u00a0 en juveniles tramos de nuestras\u00a0 vidas, siempre recordaremos al amigo\u00a0 Higinio Gonz\u00e1lez Calderon, su alegr\u00eda, su fortaleza, su\u00a0 fuerte y\u00a0 gen\u00e9tica vocaci\u00f3n de maestro y de\u00a0 amigo. Hoy descansa\u00a0 en Paz&#8230;<\/p>\n\n\n\n<p>Y la pandemia no cede,\u00a0 de ah\u00ed que cuidando nuestra vida, cuidamos tambi\u00e9n la de los dem\u00e1s\u2026\u00a0\u00a0\u00a0<\/p>\n","protected":false},"excerpt":{"rendered":"<p>\u00a1Se les cuecen las habas!\u00a0 No solo al priismo nacional, para que se lance la convocatoria de la muy pospuesta Asamblea\u00a0 Nacional\u00a0 del Partido\u00a0 Revolucionario Institucional, que ha venido siendo pospuesta a partir del 2019,\u00a0 asunto que\u00a0 parece, desalienta\u00a0 su dirigente Alejandro\u00a0 C\u00e1rdenas, vaya\u00a0 Usted a saber cuales son\u00a0 las\u00a0 razones que anidan tal tardanza, misma que se\u00f1alan\u00a0 desde diversos\u00a0 puntos del\u00a0 territorio\u00a0 su militancia, que\u00a0 est\u00e1 dispuesta a emprender&#8230;<\/p>\n","protected":false},"author":2,"featured_media":0,"comment_status":"closed","ping_status":"","sticky":false,"template":"","format":"standard","meta":{"footnotes":""},"categories":[8],"tags":[],"class_list":["post-5451","post","type-post","status-publish","format-standard","hentry","category-aqui-laguna","wpcat-8-id"],"_links":{"self":[{"href":"https:\/\/www.aquilaguna.com\/index.php\/wp-json\/wp\/v2\/posts\/5451","targetHints":{"allow":["GET"]}}],"collection":[{"href":"https:\/\/www.aquilaguna.com\/index.php\/wp-json\/wp\/v2\/posts"}],"about":[{"href":"https:\/\/www.aquilaguna.com\/index.php\/wp-json\/wp\/v2\/types\/post"}],"author":[{"embeddable":true,"href":"https:\/\/www.aquilaguna.com\/index.php\/wp-json\/wp\/v2\/users\/2"}],"replies":[{"embeddable":true,"href":"https:\/\/www.aquilaguna.com\/index.php\/wp-json\/wp\/v2\/comments?post=5451"}],"version-history":[{"count":1,"href":"https:\/\/www.aquilaguna.com\/index.php\/wp-json\/wp\/v2\/posts\/5451\/revisions"}],"predecessor-version":[{"id":5452,"href":"https:\/\/www.aquilaguna.com\/index.php\/wp-json\/wp\/v2\/posts\/5451\/revisions\/5452"}],"wp:attachment":[{"href":"https:\/\/www.aquilaguna.com\/index.php\/wp-json\/wp\/v2\/media?parent=5451"}],"wp:term":[{"taxonomy":"category","embeddable":true,"href":"https:\/\/www.aquilaguna.com\/index.php\/wp-json\/wp\/v2\/categories?post=5451"},{"taxonomy":"post_tag","embeddable":true,"href":"https:\/\/www.aquilaguna.com\/index.php\/wp-json\/wp\/v2\/tags?post=5451"}],"curies":[{"name":"wp","href":"https:\/\/api.w.org\/{rel}","templated":true}]}}