{"id":5500,"date":"2021-11-09T18:58:20","date_gmt":"2021-11-10T00:58:20","guid":{"rendered":"https:\/\/www.aquilaguna.com\/?p=5500"},"modified":"2021-11-09T18:58:20","modified_gmt":"2021-11-10T00:58:20","slug":"invita-mars-a-coahuilenses-a-participar-en-el-buen-fin","status":"publish","type":"post","link":"https:\/\/www.aquilaguna.com\/index.php\/2021\/11\/09\/invita-mars-a-coahuilenses-a-participar-en-el-buen-fin\/","title":{"rendered":"INVITA MARS A COAHUILENSES A PARTICIPAR EN EL BUEN FIN."},"content":{"rendered":"\n<p>\u00b7\u00a0\u00a0\u00a0\u00a0\u00a0\u00a0<strong><em>Preside gobernador Miguel Riquelme reuni\u00f3n del Subcomit\u00e9 T\u00e9cnico Regional Covid-19 Laguna.<\/em><\/strong><\/p>\n\n\n\n<p>\u00b7\u00a0\u00a0\u00a0\u00a0\u00a0\u00a0<strong><em>Anuncia que ma\u00f1ana estar\u00e1 en Nuevo Le\u00f3n ratificando la \u2018Operaci\u00f3n Noreste\u2019 de seguridad.<\/em><\/strong><\/p>\n\n\n\n<p>Torre\u00f3n, Coahuila de Zaragoza; a 9 de Noviembre de 2021.- En la septuag\u00e9sima segunda reuni\u00f3n de Subcomit\u00e9 T\u00e9cnico Regional Covid-19, el gobernador Miguel \u00c1ngel Riquelme Sol\u00eds se pronunci\u00f3 a favor de que durante el Buen Fin se beneficie a quienes soportaron en sus negocios durante la pandemia.<\/p>\n\n\n\n<p>El Mandatario estatal inform\u00f3 que ayer acudi\u00f3 a la reapertura de los puentes internacionales en el norte de la entidad, y que tienen que ver con la econom\u00eda de los coahuilenses.<\/p>\n\n\n\n<p>\u201cSon parte de nuestro flujo econ\u00f3mico y sobre todo dentro de las capacidades que tiene Coahuila; esperemos que este fin de semana se incremente lo que inici\u00f3 ayer\u201d, dijo.<\/p>\n\n\n\n<p>De igual manera, Riquelme Sol\u00eds expres\u00f3 que desde ayer se sumaron 480 escuelas a las clases presenciales, y que adem\u00e1s inicia el Buen Fin.En ese sentido, reiter\u00f3 que le interesa que en esta \u00e9poca se pueda beneficiar a quienes soportaron en sus negocios durante la pandemia, y de nueva cuenta convoc\u00f3 a la unidad para seguir tomando decisiones en conjunto, \u201cporque nos ha ido bien\u201d.<\/p>\n\n\n\n<p>Miguel Riquelme se\u00f1al\u00f3 que se espera una derrama econ\u00f3mica de mil millones de pesos para esta regi\u00f3n, seg\u00fan comparti\u00f3 la C\u00e1mara Nacional de Comercio de Torre\u00f3n al mandatario estatal y este Subcomit\u00e9, como efecto de esta campa\u00f1a comercial.\u00a0El Gobernador de Coahuila anunci\u00f3 que ma\u00f1ana estar\u00e1 en Nuevo Le\u00f3n para ratificar la \u201cOperaci\u00f3n Noreste\u201d de seguridad, y que contin\u00faen las acciones coordinadas con el Ej\u00e9rcito Mexicano y la Guardia Nacional que han impactado favorablemente a Coahuila.<\/p>\n\n\n\n<p>Nuevo Le\u00f3n, Tamaulipas y Coahuila, mandos militares y fiscal\u00edas de las tres entidades estar\u00e1n reunidos para trabajar en conjunto y de manera organizada bajo este esquema.<\/p>\n\n\n\n<p><strong>ACUERDOS.<\/strong><\/p>\n\n\n\n<p>Durante esta reuni\u00f3n se lleg\u00f3 a los siguientes acuerdos:<\/p>\n\n\n\n<p>+ Se autoriz\u00f3 al Club Santos Laguna el partido contra Atl\u00e9tico San Luis el s\u00e1bado 20 o domingo 21 de noviembre, en horario por definir, con las mismas condiciones en que se han venido desarrollando, es decir, al 80 por ciento de su capacidad.<\/p>\n\n\n\n<p>+ Se autoriz\u00f3 a la Temporada Invernal Mexicana 2021, donde participan los Algodoneros de la Uni\u00f3n Laguna, los partidos frente a: Saraperos de Saltillo el 9, 14 y 27 de noviembre; Sultanes de Monterrey el 11 de noviembre, y Acereros de Monclova el d\u00eda 16. Con aforo al 70 por ciento.<\/p>\n\n\n\n<p>+ La Coordinaci\u00f3n de Comunicaci\u00f3n e Imagen Institucional del Gobierno del Estado realizar\u00e1 y difundir\u00e1 recomendaciones a la poblaci\u00f3n sobre c\u00f3mo cuidarse ante la temporada invernal.<\/p>\n\n\n\n<p>+ Se autoriza la venta de las tienditas en las escuelas.+ Reanudan actividades f\u00edsicas y eventos c\u00edvicos en las escuelas. En ambos casos previa capacitaci\u00f3n de personal operativo y revisi\u00f3n de protocolos en pruebas pilotos que se est\u00e1n efectuando.<\/p>\n\n\n\n<p><strong>VACUNACI\u00d3N EN LA LAGUNA.<\/strong><\/p>\n\n\n\n<p>Fernando Sim\u00f3n Guti\u00e9rrez P\u00e9rez, titular de la Coordinaci\u00f3n de Comunicaci\u00f3n e Imagen Institucional del Estado\u00a0\u00a0y Coordinador de esta mesa, inform\u00f3 que del 3 al 6 de noviembre fueron aplicadas 9 mil 112 dosis de los biol\u00f3gicos AztraZeneca y Pfizer en el Bosque Urbano y en Centros de Rehabilitaci\u00f3n.<\/p>\n\n\n\n<p>Por su parte, Roberto Bernal G\u00f3mez, Secretario de Salud del Estado, coment\u00f3 que en Coahuila hasta el momento se han aplicado 1 mill\u00f3n 852 mil 129 primeras dosis, y con esquemas completos ya van 1 mill\u00f3n 678 mil 324 personas inoculadas.<\/p>\n\n\n\n<p>Reiter\u00f3 que las vacunas siguen manteniendo una alta efectividad en cuanto a protecci\u00f3n de enfermedad severa, hospitalizaci\u00f3n y muerte.<\/p>\n\n\n\n<p><strong>ACCIONES PARA PREVENCI\u00d3N Y CONTROL DE COVID.<\/strong><\/p>\n\n\n\n<p>Luis Morales Cort\u00e9s, Coordinador del Control de Padrones de la Secretar\u00eda de Finanzas, inform\u00f3 que se llev\u00f3 a cabo el Operativo en los Panteones durante la semana pasada; se inspeccion\u00f3 al Museo Regional para la presentaci\u00f3n de un libro, y tambi\u00e9n de la inspecci\u00f3n de prueba piloto de la Cooperativa de la Escuela Primaria Anexa a la Normal, y se cumpl\u00edan las medidas.Con respecto al Operativo Cero Tolerancia, a m\u00e1s de un a\u00f1o que se puso en marcha, explic\u00f3 que se recibieron 10 reportes de eventos sociales sin medidas sanitarias.<\/p>\n\n\n\n<p>Adem\u00e1s, expres\u00f3: \u201cEstamos haciendo una revisi\u00f3n minuciosa al Mercadito Navide\u00f1o y se les entreg\u00f3 un documento para darle m\u00e1s sustento a las indicaciones, la finalidad es que haya un equilibrio entre la reactivaci\u00f3n econ\u00f3mica y la salud\u201d, dijo.<\/p>\n\n\n\n<p>En esta reuni\u00f3n del Subcomit\u00e9 T\u00e9cnico asistieron, adem\u00e1s, Patricia Grado Falc\u00f3n, Alcaldesa de San Pedro de las Colonias, y Horacio Pi\u00f1a \u00c1vila, Alcalde de Matamoros, as\u00ed como representantes de los Ayuntamientos de Torre\u00f3n, Francisco I. Madero y Viesca.<\/p>\n\n\n\n<p>Representantes de hospitales p\u00fablicos y privados, del \u00e1rea empresarial, comercial de c\u00e1maras que tienen qu\u00e9 ver con dichos ramos; de clubes y equipos profesionales deportivos y de las \u00e1reas de seguridad, como del Mando Especial de La Laguna y de la XI Regi\u00f3n Militar.<\/p>\n","protected":false},"excerpt":{"rendered":"<p>\u00b7\u00a0\u00a0\u00a0\u00a0\u00a0\u00a0Preside gobernador Miguel Riquelme reuni\u00f3n del Subcomit\u00e9 T\u00e9cnico Regional Covid-19 Laguna. \u00b7\u00a0\u00a0\u00a0\u00a0\u00a0\u00a0Anuncia que ma\u00f1ana estar\u00e1 en Nuevo Le\u00f3n ratificando la \u2018Operaci\u00f3n Noreste\u2019 de seguridad. Torre\u00f3n, Coahuila de Zaragoza; a 9 de Noviembre de 2021.- En la septuag\u00e9sima segunda reuni\u00f3n de Subcomit\u00e9 T\u00e9cnico Regional Covid-19, el gobernador Miguel \u00c1ngel Riquelme Sol\u00eds se pronunci\u00f3 a favor de que durante el Buen Fin se beneficie a quienes soportaron en sus negocios durante la&#8230;<\/p>\n","protected":false},"author":1,"featured_media":5501,"comment_status":"closed","ping_status":"closed","sticky":false,"template":"","format":"standard","meta":{"footnotes":""},"categories":[5,29,15],"tags":[],"class_list":["post-5500","post","type-post","status-publish","format-standard","has-post-thumbnail","hentry","category-coahuila","category-economia","category-gobierno-de-coahuila","wpcat-5-id","wpcat-29-id","wpcat-15-id"],"_links":{"self":[{"href":"https:\/\/www.aquilaguna.com\/index.php\/wp-json\/wp\/v2\/posts\/5500","targetHints":{"allow":["GET"]}}],"collection":[{"href":"https:\/\/www.aquilaguna.com\/index.php\/wp-json\/wp\/v2\/posts"}],"about":[{"href":"https:\/\/www.aquilaguna.com\/index.php\/wp-json\/wp\/v2\/types\/post"}],"author":[{"embeddable":true,"href":"https:\/\/www.aquilaguna.com\/index.php\/wp-json\/wp\/v2\/users\/1"}],"replies":[{"embeddable":true,"href":"https:\/\/www.aquilaguna.com\/index.php\/wp-json\/wp\/v2\/comments?post=5500"}],"version-history":[{"count":1,"href":"https:\/\/www.aquilaguna.com\/index.php\/wp-json\/wp\/v2\/posts\/5500\/revisions"}],"predecessor-version":[{"id":5502,"href":"https:\/\/www.aquilaguna.com\/index.php\/wp-json\/wp\/v2\/posts\/5500\/revisions\/5502"}],"wp:featuredmedia":[{"embeddable":true,"href":"https:\/\/www.aquilaguna.com\/index.php\/wp-json\/wp\/v2\/media\/5501"}],"wp:attachment":[{"href":"https:\/\/www.aquilaguna.com\/index.php\/wp-json\/wp\/v2\/media?parent=5500"}],"wp:term":[{"taxonomy":"category","embeddable":true,"href":"https:\/\/www.aquilaguna.com\/index.php\/wp-json\/wp\/v2\/categories?post=5500"},{"taxonomy":"post_tag","embeddable":true,"href":"https:\/\/www.aquilaguna.com\/index.php\/wp-json\/wp\/v2\/tags?post=5500"}],"curies":[{"name":"wp","href":"https:\/\/api.w.org\/{rel}","templated":true}]}}