{"id":5511,"date":"2021-11-09T19:24:23","date_gmt":"2021-11-10T01:24:23","guid":{"rendered":"https:\/\/www.aquilaguna.com\/?p=5511"},"modified":"2021-11-09T19:24:24","modified_gmt":"2021-11-10T01:24:24","slug":"toman-protesta-academias-de-profesores-de-la-uadec-unidad-saltillo","status":"publish","type":"post","link":"https:\/\/www.aquilaguna.com\/index.php\/2021\/11\/09\/toman-protesta-academias-de-profesores-de-la-uadec-unidad-saltillo\/","title":{"rendered":"Toman Protesta Academias de Profesores de la UAdeC Unidad Saltillo."},"content":{"rendered":"\n<p>SALTILLO, Coahuila. 9 de noviembre de 2021.- En cumplimiento a lo establecido<br>en el art\u00edculo 14 del Estatuto Universitario de la Universidad Aut\u00f3noma de<br>Coahuila, este martes, el rector Salvador Hern\u00e1ndez V\u00e9lez tom\u00f3 protesta a los<br>nuevos integrantes de las Academias de Profesores de la Unidad Saltillo para el<br>periodo 2021-2023.<\/p>\n\n\n\n<p>Las Academias de Profesores en la m\u00e1xima casa de estudios, tienen como misi\u00f3n<br>buscar de manera permanente la pertinencia y continuidad de los programas y<br>planes de estudio de las diferentes \u00e1reas del conocimiento, as\u00ed como promover y<br>participar en aquellos eventos acad\u00e9micos tendientes a mejorar el desempe\u00f1o<br>docente por medio de la capacitaci\u00f3n y actualizaci\u00f3n en las t\u00e9cnicas pedag\u00f3gicas<br>en las disciplinas correspondientes.<\/p>\n\n\n\n<p>Durante la ceremonia llevada a cabo en el auditorio Jes\u00fas Ochoa Ruesga de la<br>Unidad Camporredondo, el Rector mencion\u00f3 que, las Academias son<br>fundamentales para el debate del proceso de aprendizaje en las diversas<br>Escuelas, Facultades e Institutos de la UAdeC, desde los distintos campos<br>disciplinares.<\/p>\n\n\n\n<p>\u201cEsta iniciativa que se impulsa en la Unidad Saltillo, da muestra del compromiso<br>que se tiene con uno de los objetivos primordiales de la Universidad, que es<br>brindar educaci\u00f3n para formar profesionistas de calidad y ejemplares ciudadanos,<br>sin embargo, a\u00fan falta mucho por trabajar, debemos continuar privilegiando la<br>academia sobre la pol\u00edtica y la gesti\u00f3n universitaria\u201d, expres\u00f3 Hern\u00e1ndez V\u00e9lez.<\/p>\n\n\n\n<p>En ese sentido, el rector Salvador Hern\u00e1ndez felicit\u00f3 a los nuevos integrantes de<br>las Academias de las diversas \u00e1reas del conocimiento y los exhort\u00f3 a trabajar para<br>generar planes de acci\u00f3n acordes al Nuevo Modelo Educativo de la UAdeC, que<br>beneficien a los universitarios y en especial, a la comunidad estudiantil.<\/p>\n\n\n\n<p>Por su parte, el coordinador de la Unidad Saltillo, Julio Saucedo Zul, inform\u00f3 que<br>desde el 2019, a\u00f1o en que se constituyeron las Academias de Profesores en la<br>US, se han generado m\u00e1s de 30 proyectos interdisciplinarios y diversos eventos<br>acad\u00e9micos, adem\u00e1s de coadyuvar en el aumento de profesionistas egresados.<\/p>\n\n\n\n<p>La Academia de Matem\u00e1ticas e Inform\u00e1tica tiene como presidente a Elsa Edith<br>Rivera Rosales, como vicepresidente, Nadia Yadira Mart\u00ednez Mart\u00ednez, secretaria,<br>Diana Hern\u00e1ndez Rivera, vocal nivel medio superior, Brenda Yvonne Bustos Salazar, vocal nivel superior, Rebeca Hern\u00e1ndez Fonseca y como vocal de posgrado, Jes\u00fas Alejandro Caludio Rizo.<\/p>\n\n\n\n<p>La Academia de Comunicaci\u00f3n est\u00e1 conformada por la presidente, Beatriz Adriana<br>Flores L\u00f3pez, vicepresidente, Tamara Isabel Terrazas Medina, secretaria, Juana<br>Mar\u00eda Mart\u00ednez C\u00e1rdenas, vocal nivel medio superior, Mar\u00eda Magdalena P\u00e9rez<br>Cepeda, vocal nivel superior, Raquel Torres Guti\u00e9rrez y como vocal de posgrado,<br>A\u00edda Graciela Hern\u00e1ndez Ch\u00e1vez.<\/p>\n\n\n\n<p>Como presidente de la Academia de Humanidades, Juan Carlos Far\u00edas<br>Bracamontes, vicepresidente, Marta Nieves Espericueta Medina, secretaria, Mar\u00eda<br>del Consuelo Salinas Aguirre, vocal nivel medio superior, Perla Ludivina S\u00e1nchez<br>Sol\u00eds, vocal nivel superior, Lilia S\u00e1nchez Rivera y como vocal de posgrado, Juan<br>Jos\u00e9 Mendoza Rodr\u00edguez.<\/p>\n\n\n\n<p>Mientras que, de la Academia de Ciencias Sociales tomaron protesta como<br>presidente, Laura Saray Ju\u00e1rez Armend\u00e1riz, vicepresidente, Marta Nieves<br>Espericueta Medina, secretario, C\u00e9sar Felipe de la Rosa Dur\u00f3n, vocal nivel medio<br>superior, Mar\u00eda Amparito Malacara Saucedo, vocal nivel superior, Elizabeth Ana<br>Aguilar Garc\u00e9s y como vocal de posgrado, Blanca Diamantina L\u00f3pez Rangel.<\/p>\n\n\n\n<p>La Academia de Ciencias Naturales tiene como presidente a Ana Laura Flores<br>Prado, vicepresidente, Beatriz Adriana Mart\u00ednez Irivas, secretaria, Nancy Ver\u00f3nica<br>P\u00e9rez Aguilar, vocal nivel medio superior, Laura Isabel Quiroz Charles, vocal nivel<br>superior, Tirso Emmanuel Flores Gu\u00eda y como vocal de posgrado, Elda Patricia<br>Segura Ceniceros.<\/p>\n\n\n\n<p>Por otro lado, se otorgaron reconocimientos a los integrantes de las mesas<br>directivas salientes de cada academia, quienes se desempe\u00f1aron en el periodo<br>correspondiente de 2019 hasta octubre del presente a\u00f1o.<\/p>\n","protected":false},"excerpt":{"rendered":"<p>SALTILLO, Coahuila. 9 de noviembre de 2021.- En cumplimiento a lo establecidoen el art\u00edculo 14 del Estatuto Universitario de la Universidad Aut\u00f3noma deCoahuila, este martes, el rector Salvador Hern\u00e1ndez V\u00e9lez tom\u00f3 protesta a losnuevos integrantes de las Academias de Profesores de la Unidad Saltillo para elperiodo 2021-2023. Las Academias de Profesores en la m\u00e1xima casa de estudios, tienen como misi\u00f3nbuscar de manera permanente la pertinencia y continuidad de los programas&#8230;<\/p>\n","protected":false},"author":1,"featured_media":5512,"comment_status":"closed","ping_status":"closed","sticky":false,"template":"","format":"standard","meta":{"footnotes":""},"categories":[2],"tags":[],"class_list":["post-5511","post","type-post","status-publish","format-standard","has-post-thumbnail","hentry","category-uadec","wpcat-2-id"],"_links":{"self":[{"href":"https:\/\/www.aquilaguna.com\/index.php\/wp-json\/wp\/v2\/posts\/5511","targetHints":{"allow":["GET"]}}],"collection":[{"href":"https:\/\/www.aquilaguna.com\/index.php\/wp-json\/wp\/v2\/posts"}],"about":[{"href":"https:\/\/www.aquilaguna.com\/index.php\/wp-json\/wp\/v2\/types\/post"}],"author":[{"embeddable":true,"href":"https:\/\/www.aquilaguna.com\/index.php\/wp-json\/wp\/v2\/users\/1"}],"replies":[{"embeddable":true,"href":"https:\/\/www.aquilaguna.com\/index.php\/wp-json\/wp\/v2\/comments?post=5511"}],"version-history":[{"count":1,"href":"https:\/\/www.aquilaguna.com\/index.php\/wp-json\/wp\/v2\/posts\/5511\/revisions"}],"predecessor-version":[{"id":5513,"href":"https:\/\/www.aquilaguna.com\/index.php\/wp-json\/wp\/v2\/posts\/5511\/revisions\/5513"}],"wp:featuredmedia":[{"embeddable":true,"href":"https:\/\/www.aquilaguna.com\/index.php\/wp-json\/wp\/v2\/media\/5512"}],"wp:attachment":[{"href":"https:\/\/www.aquilaguna.com\/index.php\/wp-json\/wp\/v2\/media?parent=5511"}],"wp:term":[{"taxonomy":"category","embeddable":true,"href":"https:\/\/www.aquilaguna.com\/index.php\/wp-json\/wp\/v2\/categories?post=5511"},{"taxonomy":"post_tag","embeddable":true,"href":"https:\/\/www.aquilaguna.com\/index.php\/wp-json\/wp\/v2\/tags?post=5511"}],"curies":[{"name":"wp","href":"https:\/\/api.w.org\/{rel}","templated":true}]}}