{"id":5521,"date":"2021-11-09T19:35:21","date_gmt":"2021-11-10T01:35:21","guid":{"rendered":"https:\/\/www.aquilaguna.com\/?p=5521"},"modified":"2021-11-09T19:35:21","modified_gmt":"2021-11-10T01:35:21","slug":"iniciaron-actividades-de-el-buen-fin","status":"publish","type":"post","link":"https:\/\/www.aquilaguna.com\/index.php\/2021\/11\/09\/iniciaron-actividades-de-el-buen-fin\/","title":{"rendered":"Iniciaron actividades de &#8220;El Buen Fin&#8221;."},"content":{"rendered":"\n<p>Torre\u00f3n, Coahuila.- \u00a0 Con un recorrido acompa\u00f1ado de elementos de seguridad p\u00fablica, comerciantes y dirigentes del comercio organizado en \u00e9sta poblaci\u00f3n, esta media tarde, se iniciaron las actividades previas a \u00a0 la\u00a0 ya\u00a0 tradicional\u00a0 temporada de &#8220;El Buen Fin&#8221;\u00a0 en\u00a0 \u00a0 tiendas departamentales, supers, cadenas\u00a0 de tiendas de auto servicio para evidenciar la unidad\u00a0 que \u00a0 los tres \u00f3rdenes de gobierno estar\u00e1n participando en ello, a trav\u00e9s de implementaci\u00f3n de medidas que\u00a0 garanticen \u00a0 que tal estrategia se realice en forma segura, tanto para los comerciantes como para el publico que acuda a esta convocatoria.<\/p>\n\n\n\n<p>Lo anterior fue dado a conocer por el Licenciado Mariano Serna Mu\u00f1oz, l\u00edder \u00a0 de la CANACO local,\u00a0 agregando que ser\u00e1 \u00e9ste martes, a las 11:00 horas \u00a0se har\u00e1 similar\u00a0 recorrido, pero en \u00e9sta ocasi\u00f3n acompa\u00f1ados de las autoridades civiles encabezadas por el alcalde, autoridades de la PROFECO, \u00a0 del Director de Plazas y Mercados,\u00a0 para garantizar\u00a0 que el comercio formal \u00a0 y el consumidor tengan una participaci\u00f3n segura.<\/p>\n\n\n\n<p>La expectativa de ventas fijada para &#8220;El Buen Fin&#8221; de este a\u00f1o, alcanza la suma de mil millones de pesos\u00a0 en la zona lagunera de Coahuila, recordando que tal acci\u00f3n no fue posible alcanzarla\u00a0 el a\u00f1o anterior,\u00a0 con todo y que tuvo una la temporada de ofertas\u00a0 una\u00a0 duraci\u00f3n de 15 d\u00edas, contra\u00a0 solo cinco autorizadas para este a\u00f1o.<\/p>\n\n\n\n<p>&#8220;Vamos a tener\u00a0 una fiesta\u00a0 importante de ofertas\u00a0 de mercanc\u00edas, de bienes y servicios\u00a0 a muy buenos precios&#8221;,\u00a0 asegurando que, &#8220;a los descuentos de estos por los propios comerciantes, se agregar\u00e1n las que se deriven de los descuentos que hacen sus proveedores sus precios en esta campa\u00f1a de ah\u00ed que\u00a0 vaya a\u00a0 a haber super ofertas&#8221;.\u00a0<\/p>\n\n\n\n<p>Recomend\u00f3 el dirigente que los consumidores revisen con cuidado sus\u00a0 finanzas personales para que realicen compras de lo que realmente necesitan, que cuiden sus cr\u00e9ditos y \u00a0 adquieran bienes duraderos para que hagan adquisiciones\u00a0 que no\u00a0 se hacen cotidianamente y con ello se beneficie realmente su econom\u00eda personal y familiar.<\/p>\n\n\n\n<p>Indic\u00f3 que &#8220;El Buen Fin&#8221;, estar\u00e1 arrancando en algunos comercios a partir del primer minuto del martes\u00a0 10 de noviembre, \u00a0 con ofertas presenciales, en l\u00ednea, teniendo adem\u00e1s, mucho cuidado con que p\u00e1ginas\u00a0 se conectan, para que lo hagan con seguridad con todo\u00a0 que las ventas presenciales siguen siendo mayores que las de la ya creciente adquisici\u00f3n\u00a0 por medios digitales, esper\u00e1ndolos ya en sus comercios con mucho gusto.<\/p>\n","protected":false},"excerpt":{"rendered":"<p>Torre\u00f3n, Coahuila.- \u00a0 Con un recorrido acompa\u00f1ado de elementos de seguridad p\u00fablica, comerciantes y dirigentes del comercio organizado en \u00e9sta poblaci\u00f3n, esta media tarde, se iniciaron las actividades previas a \u00a0 la\u00a0 ya\u00a0 tradicional\u00a0 temporada de &#8220;El Buen Fin&#8221;\u00a0 en\u00a0 \u00a0 tiendas departamentales, supers, cadenas\u00a0 de tiendas de auto servicio para evidenciar la unidad\u00a0 que \u00a0 los tres \u00f3rdenes de gobierno estar\u00e1n participando en ello, a trav\u00e9s de implementaci\u00f3n de&#8230;<\/p>\n","protected":false},"author":2,"featured_media":0,"comment_status":"closed","ping_status":"","sticky":false,"template":"","format":"standard","meta":{"footnotes":""},"categories":[5,29,28,7],"tags":[],"class_list":["post-5521","post","type-post","status-publish","format-standard","hentry","category-coahuila","category-economia","category-la-laguna","category-torreon","wpcat-5-id","wpcat-29-id","wpcat-28-id","wpcat-7-id"],"_links":{"self":[{"href":"https:\/\/www.aquilaguna.com\/index.php\/wp-json\/wp\/v2\/posts\/5521","targetHints":{"allow":["GET"]}}],"collection":[{"href":"https:\/\/www.aquilaguna.com\/index.php\/wp-json\/wp\/v2\/posts"}],"about":[{"href":"https:\/\/www.aquilaguna.com\/index.php\/wp-json\/wp\/v2\/types\/post"}],"author":[{"embeddable":true,"href":"https:\/\/www.aquilaguna.com\/index.php\/wp-json\/wp\/v2\/users\/2"}],"replies":[{"embeddable":true,"href":"https:\/\/www.aquilaguna.com\/index.php\/wp-json\/wp\/v2\/comments?post=5521"}],"version-history":[{"count":1,"href":"https:\/\/www.aquilaguna.com\/index.php\/wp-json\/wp\/v2\/posts\/5521\/revisions"}],"predecessor-version":[{"id":5522,"href":"https:\/\/www.aquilaguna.com\/index.php\/wp-json\/wp\/v2\/posts\/5521\/revisions\/5522"}],"wp:attachment":[{"href":"https:\/\/www.aquilaguna.com\/index.php\/wp-json\/wp\/v2\/media?parent=5521"}],"wp:term":[{"taxonomy":"category","embeddable":true,"href":"https:\/\/www.aquilaguna.com\/index.php\/wp-json\/wp\/v2\/categories?post=5521"},{"taxonomy":"post_tag","embeddable":true,"href":"https:\/\/www.aquilaguna.com\/index.php\/wp-json\/wp\/v2\/tags?post=5521"}],"curies":[{"name":"wp","href":"https:\/\/api.w.org\/{rel}","templated":true}]}}