{"id":5523,"date":"2021-11-09T19:49:26","date_gmt":"2021-11-10T01:49:26","guid":{"rendered":"https:\/\/www.aquilaguna.com\/?p=5523"},"modified":"2021-11-09T19:49:26","modified_gmt":"2021-11-10T01:49:26","slug":"gobernador-de-coahuila-considera-que-reactivacion-economica-en-el-estado-va-muy-bien","status":"publish","type":"post","link":"https:\/\/www.aquilaguna.com\/index.php\/2021\/11\/09\/gobernador-de-coahuila-considera-que-reactivacion-economica-en-el-estado-va-muy-bien\/","title":{"rendered":"Gobernador de Coahuila considera que reactivaci\u00f3n econ\u00f3mica en el Estado va muy bien."},"content":{"rendered":"\n<p>Torre\u00f3n, Coahuila.- El Gobernador Miguel Angel Riquelme Solis\u00a0 considera que la reactivaci\u00f3n econ\u00f3mica que se alcanza a la fecha\u00a0 en las cinco regiones \u00a0 existentes en\u00a0 Coahuila, &#8220;va muy bien&#8221;, si bien reconoce que, &#8220;es en la zonas \u00a0centro y la carbon\u00edfera\u00a0 \u00a0 quedan un tanto rezagadas, si bien no\u00a0 en\u00a0 la p\u00e9rdida de empleos&#8221;.<\/p>\n\n\n\n<p>Afirma\u00a0 que, &#8220;la Regi\u00f3n Norte y la Sureste est\u00e1n muy bien, toda vez que el nivel de exportaci\u00f3n que tiene Piedras Negras y Acu\u00f1a, ha aumentado e incluso se mantuvo en la pandemia&#8221;.<\/p>\n\n\n\n<p>&#8220;La llegada de nuevas empresas, o aumento del volumen de importaci\u00f3n ha puesto a la regi\u00f3n\u00a0norte, en un estatus muy considerable dentro de la aportaci\u00f3n\u00a0al PIB estatal y con ello al PIB nacional&#8221;.<\/p>\n\n\n\n<p>Creo, afirm\u00f3, &#8220;que aqu\u00ed,\u00a0 de las regiones\u00a0 rezagadas,\u00a0 tiene mas que ver con la vocaci\u00f3n,\u00a0 en su parte acerera y\u00a0 la\u00a0 de explotaci\u00f3n del\u00a0 carb\u00f3n como actividades predominantes y que de alguna forma se han visto afectadas en los \u00faltimos meses, sea por la adquisici\u00f3n de carb\u00f3n por parte de la Comisi\u00f3n Federal de Electricidad, sea tambi\u00e9n por la pretendida reforma a la Industria El\u00e9ctrica, sea tambi\u00e9n por lo problema de AHMSA, cuestiones que han afectado hacia el interior de esas dos regiones y a las econom\u00edas de las familias que dependen de este\u00a0 tipo de producci\u00f3n&#8221;.<\/p>\n\n\n\n<p>&#8220;Sin embargo, hay \u00e1reas de oportunidad&#8221;, sostiene el Gobernador, &#8220;pues no se\u00a0 han\u00a0 ca\u00eddo los empleos, finalmente\u00a0 la CFE est\u00e1 comprando, provoc\u00f3 doble coyotaje, pero est\u00e1 comprando&#8221;.<\/p>\n\n\n\n<p>&#8220;Es decir, no se logr\u00f3 el objetivo de comprar directo a los productores, a los mas peque\u00f1os, cometieron errores, pero se est\u00e1 comprando&#8221;.<\/p>\n\n\n\n<p>&#8220;Entonces, la econom\u00eda, mal que bien sigue fluyendo ah\u00ed de manera local. AHMSA tiene problemas s\u00ed, pero el precio del acero est\u00e1 como nunca&#8221;.<\/p>\n\n\n\n<p>&#8220;Entonces, eso ha sostenido a los empleos y a la regi\u00f3n, por eso, tampoco estamos en caos en esas dos regiones&#8221;.<\/p>\n\n\n\n<p>&#8220;Si tenemos problema por la falta de flujo en cuesti\u00f3n de que AHMSA tiene pr\u00e1cticamente copada la econom\u00eda\u00a0 de la regi\u00f3n y en cuanto no paga, pues los proveedores quedan muy a la deriva y eso, son cosas que dan altibajos en la econom\u00eda de las dos regiones&#8221;.<\/p>\n\n\n\n<p>Sin embargo, recalc\u00f3, &#8220;no estamos en caos&#8221;.\u00a0<\/p>\n\n\n\n<p>&#8220;Se sigue generando empleo y\u00a0 hay tambi\u00e9n \u00e1reas de oportunidad que vamos a aprovechar muy pronto, por ejemplo, estamos ahorita en v\u00edsperas de terminar los proyectos ejecutivos para poder ya\u00a0 meter al esquema de APP \u00a0 todo el\u00a0 Corredor Econ\u00f3mico\u00a0 del\u00a0 Norte\u00a0 y ello le va a dar\u00a0 una ventaja enorme\u00a0 a la regi\u00f3n centro\u00a0 y a la comarca lagunera, tambi\u00e9n a la norte, pero es la norte, est\u00e1 muy\u00a0 pero muy bien&#8221;.<\/p>\n\n\n\n<p>&#8220;Los niveles de exportaci\u00f3n han subido&#8221;, rese\u00f1\u00f3, &#8220;los cruces tambi\u00e9n y son \u00e1reas que se fortalecen con la exportaci\u00f3n y todo lo que se deriva de ello&#8221;.<\/p>\n\n\n\n<p>&#8220;En la regi\u00f3n Centro y Carbon\u00edfera, a mi lo que me toca hacer, es construir la infraestructura necesaria para los pr\u00f3ximos a\u00f1os y construirla r\u00e1pido&#8221;.<\/p>\n\n\n\n<p>&#8220;Ni aun si nos diera la Federaci\u00f3n a\u00f1o con a\u00f1o para ello, hubi\u00e9ramos terminado el corredor que pretendemos, de alrededor de 1,800 millones de pesos&#8221;.<\/p>\n\n\n\n<p>&#8220;Vamos a ver como lo terminamos\u00a0 antes de que termine mi administraci\u00f3n&#8221;.<\/p>\n\n\n\n<p>Eso, afirm\u00f3, &#8220;deja ya en \u00e1reas de oportunidad a tres regiones, la Laguna, la zona Centro, la Carbon\u00edfera de rebote y la Norte. Creo que eso es lo que me toca hacer a\u00a0 mi, algo de lo que ahora hay satisfacci\u00f3n, es que a mi llegada y anterior del arribo de mi administraci\u00f3n los empleos eran directamente para la Regi\u00f3n Sureste, hoy ya esta compitiendo la Laguna&#8221;.<\/p>\n\n\n\n<p>&#8220;Era una de mis aspiraciones y esta tambi\u00e9n la de los empresarios de la comarca. Si se fijan est\u00e1n tranquilitos todos los Parques,\u00a0 se cuenta con\u00a0 promesas, exploraciones de gentes de otro pa\u00edses que los revisan\u00a0 y hay mucha proyecci\u00f3n de empleo para los pr\u00f3ximo meses&#8221;.<\/p>\n\n\n\n<p>&#8220;La Regi\u00f3n Centro\u00a0 se ha mantenido, pero no ha mejorado, si bien hay una intenci\u00f3n de\u00a0 mejorarla. Creo que las \u00e1reas de oportunidad\u00a0 se van a dar en cuanto se inicie\u00a0 el Corredor Econ\u00f3mico del Norte&#8221;.<\/p>\n\n\n\n<p>Cit\u00f3 para finalizar que, &#8220;la fabricaci\u00f3n de autos el\u00e9ctricos que vendr\u00e1\u00a0 en el 2023, generara \u00e1reas de oportunidad en las cinco regiones&#8221;.<\/p>\n\n\n\n<p>&#8220;Vamos a impulsar para\u00a0 a los empresarios, pues tenemos mano de obra calificada en las cinco regiones, en distancias cortas para generar los clusters que requiere el sector automotriz en la parte el\u00e9ctrica, y van a venir muchas empresas parte de su cadena de valor\u00a0 y hay otro nuevo; el mueblero&#8221;.<\/p>\n\n\n\n<p>&#8220;Se van consolidando\u00a0 estos nuevos clusters\u00a0 y de seguro estas dos regiones se podr\u00e1n nutrir\u00a0 en el futuro\u00a0 si yo, hago lo necesario, es decir, crear la infraestructura que se requiere&#8221;.<\/p>\n\n\n\n<p><strong>PRESUPUESTO.<\/strong><\/p>\n\n\n\n<p>En\u00a0 otro tema, el gobernante declin\u00f3 externar\u00a0 opini\u00f3n\u00a0 alguna\u00a0 en torno a lo que resulte finalmente de la discusi\u00f3n a que\u00a0 ser\u00e1 sometido en su etapa final\u00a0 en la C\u00e1mara de Diputados el Presupuesto de Egresos de la\u00a0 Federaci\u00f3n\u00a0 para el \u00a0 pr\u00f3ximo a\u00f1o de 2022.<\/p>\n\n\n\n<p>Es\u00a0 bueno, dijo, &#8220;que se intente de parte de la oposici\u00f3n modifica\u00a0 el Presupuesto, veremos los resultados y ojal\u00e1 podamos salir al menos favorecidos en alg\u00fan\u00a0 incremento de los Ramos&#8221;.<\/p>\n\n\n\n<p>Esto se ve dif\u00edcil, admiti\u00f3,\u00a0&#8220;pues de entrada est\u00e1n muy inflados los Indicadores que proponen y\u00a0 tambi\u00e9n la captaci\u00f3n federal no da nunca los n\u00fameros que ellos est\u00e1n proponiendo y los que\u00a0 han propuesto&#8221;.\u00a0<\/p>\n\n\n\n<p>Revel\u00f3 enseguida\u00a0que, &#8220;ahorita hay una baja, precisamente por la f\u00f3rmula&#8221;.<\/p>\n","protected":false},"excerpt":{"rendered":"<p>Torre\u00f3n, Coahuila.- El Gobernador Miguel Angel Riquelme Solis\u00a0 considera que la reactivaci\u00f3n econ\u00f3mica que se alcanza a la fecha\u00a0 en las cinco regiones \u00a0 existentes en\u00a0 Coahuila, &#8220;va muy bien&#8221;, si bien reconoce que, &#8220;es en la zonas \u00a0centro y la carbon\u00edfera\u00a0 \u00a0 quedan un tanto rezagadas, si bien no\u00a0 en\u00a0 la p\u00e9rdida de empleos&#8221;. Afirma\u00a0 que, &#8220;la Regi\u00f3n Norte y la Sureste est\u00e1n muy bien, toda vez que el&#8230;<\/p>\n","protected":false},"author":2,"featured_media":0,"comment_status":"closed","ping_status":"","sticky":false,"template":"","format":"standard","meta":{"footnotes":""},"categories":[5,29,15],"tags":[],"class_list":["post-5523","post","type-post","status-publish","format-standard","hentry","category-coahuila","category-economia","category-gobierno-de-coahuila","wpcat-5-id","wpcat-29-id","wpcat-15-id"],"_links":{"self":[{"href":"https:\/\/www.aquilaguna.com\/index.php\/wp-json\/wp\/v2\/posts\/5523","targetHints":{"allow":["GET"]}}],"collection":[{"href":"https:\/\/www.aquilaguna.com\/index.php\/wp-json\/wp\/v2\/posts"}],"about":[{"href":"https:\/\/www.aquilaguna.com\/index.php\/wp-json\/wp\/v2\/types\/post"}],"author":[{"embeddable":true,"href":"https:\/\/www.aquilaguna.com\/index.php\/wp-json\/wp\/v2\/users\/2"}],"replies":[{"embeddable":true,"href":"https:\/\/www.aquilaguna.com\/index.php\/wp-json\/wp\/v2\/comments?post=5523"}],"version-history":[{"count":1,"href":"https:\/\/www.aquilaguna.com\/index.php\/wp-json\/wp\/v2\/posts\/5523\/revisions"}],"predecessor-version":[{"id":5524,"href":"https:\/\/www.aquilaguna.com\/index.php\/wp-json\/wp\/v2\/posts\/5523\/revisions\/5524"}],"wp:attachment":[{"href":"https:\/\/www.aquilaguna.com\/index.php\/wp-json\/wp\/v2\/media?parent=5523"}],"wp:term":[{"taxonomy":"category","embeddable":true,"href":"https:\/\/www.aquilaguna.com\/index.php\/wp-json\/wp\/v2\/categories?post=5523"},{"taxonomy":"post_tag","embeddable":true,"href":"https:\/\/www.aquilaguna.com\/index.php\/wp-json\/wp\/v2\/tags?post=5523"}],"curies":[{"name":"wp","href":"https:\/\/api.w.org\/{rel}","templated":true}]}}