{"id":5602,"date":"2021-11-12T18:22:08","date_gmt":"2021-11-13T00:22:08","guid":{"rendered":"https:\/\/www.aquilaguna.com\/?p=5602"},"modified":"2021-11-12T18:22:08","modified_gmt":"2021-11-13T00:22:08","slug":"conmemoran-con-ceremonia-de-gala-el-75-aniversario-de-la-facultad-de-ciencias-quimicas","status":"publish","type":"post","link":"https:\/\/www.aquilaguna.com\/index.php\/2021\/11\/12\/conmemoran-con-ceremonia-de-gala-el-75-aniversario-de-la-facultad-de-ciencias-quimicas\/","title":{"rendered":"Conmemoran con Ceremonia de Gala el 75 Aniversario de la Facultad de Ciencias Qu\u00edmicas."},"content":{"rendered":"\n<p>SALTILLO, Coahuila. 12 de noviembre de 2021. Este viernes en ceremonia de<br>Gala en el Paraninfo del Ateneo Fuente se conmemor\u00f3 el LXXV Aniversario de la<br>Facultad de Ciencias Qu\u00edmicas de la Universidad Aut\u00f3noma de Coahuila, en<br>donde se entregaron diversos reconocimientos a estudiantes, trabajadores,<br>maestros y ex directores.<\/p>\n\n\n\n<p>En representaci\u00f3n del rector de la m\u00e1xima casa de estudios, asisti\u00f3 Crist\u00f3bal No\u00e9<br>Aguilar Gonz\u00e1lez, director de Investigaci\u00f3n y Posgrado de la UAdeC, el<br>coordinador de la Unidad Saltillo, Julio Saucedo Zul, el director del plantel Gerardo<br>Sosa Santill\u00e1n, y como invitados el director de Vinculaci\u00f3n de Educaci\u00f3n Media<br>Superior de la Secretaria de Educaci\u00f3n, Eduardo Jos\u00e9 Hochman y Daniel<br>Samperio, director del Instituto Municipal de la juventud del Ayuntamiento de<br>Saltillo.<\/p>\n\n\n\n<p>El rector de la UAdeC, Salvador Hern\u00e1ndez V\u00e9lez, envi\u00f3 un mensaje virtual a la<br>comunidad de la Facultad de Ciencias Qu\u00edmicas por su 75 aniversario, reconoci\u00f3<br>el trabajo de docentes, estudiantes, investigadoras e investigadores, personal<br>administrativo, egresadas y egresados, gracias a todos ellos, dijo, la Facultad<br>sigue consolid\u00e1ndose como un plantel de excelencia.<\/p>\n\n\n\n<p>Destac\u00f3 que la FCQ siempre ha sido referente y digno orgullo de la m\u00e1xima casa<br>de estudios, por su calidad y compromiso al destacar a nivel estatal, nacional e<br>internacional, \u201cActualmente la Facultad cuenta con tres programas de nivel<br>licenciatura, cuatro de maestr\u00eda, tres de doctorado, adem\u00e1s de contar con cuatro<br>investigadores reconocidos ante la Academia Nacional de la Ciencia, siendo<br>ejemplo de disciplina y trabajo\u201d, dijo.<\/p>\n\n\n\n<p>El Dr. Gerardo Sosa Santill\u00e1n, director de la Facultad de Ciencias Qu\u00edmicas, dio la<br>bienvenida y destac\u00f3 el trabajo de mucha gente que ha convertido al plantel en lo<br>que actualmente es, expres\u00f3 su reconocimiento a todos los ex directores que se<br>adelantaron en el camino, y fueron pieza fundamental en este gran proyecto como<br>Jos\u00e9 Garc\u00eda Rodr\u00edguez 1946-1949, Jos\u00e9 C\u00e1rdenas Vald\u00e9s 1449 1966, Enrique<br>Reyna Hermosillo 66-68, Miguel Tafich de le\u00f3n 71-73, Jos\u00e9 de Jes\u00fas S\u00e1nchez<br>moreno 1973 y Eugenio Ram\u00edrez Inurrigarro 1974-1978.<\/p>\n\n\n\n<p>\u201cLa humanidad como principio la ciencia como instrumento, es el lema de la<br>Facultad de Ciencias Qu\u00edmicas, que refleja el quehacer de quienes han trabajado y dejado su huella a lo largo de la historia y contribuido al engrandecimiento de la escuela, la ciencia es la mayor empresa colectiva de la humanidad y deben de responder a las necesidades de la sociedad y desaf\u00edos mundiales, esp\u00edritu de<br>trabajo el que nos enorgullece\u201d, dijo el director.<\/p>\n\n\n\n<p>Se\u00f1al\u00f3 que cuentan con 108 docentes, de ellos 94 de tiempo completo, una planta<br>acad\u00e9mica de calidad con el 97 por ciento de nivel de doctorado, atiende a casi mil<br>300 alumnos, que reciben una educaci\u00f3n profesionalizante de calidad, y<br>actividades extracurriculares como cultura, deportes y de extensi\u00f3n.<br>El Dr. Crist\u00f3bal No\u00e9 Aguilar Gonz\u00e1lez, director de Posgrado e Investigaci\u00f3n,<br>felicit\u00f3 a la Facultad que a la fecha la facultad alberga el desarrollo de<br>investigaci\u00f3n y la formaci\u00f3n de profesionista de pregrado y de posgrado en las<br>diversas disciplinas relacionadas con el \u00e1rea qu\u00edmica o biol\u00f3gica, cuenta con<br>cuerpos acad\u00e9micos consolidados, profesores con perfil PRODEP, programas<br>acreditados por su calidad, y participaci\u00f3n de redes nacionales e internacionales,<br>adem\u00e1s de vinculaci\u00f3n con empresas y con el sector social.<\/p>\n\n\n\n<p>Agreg\u00f3 que la Universidad con mucho esfuerzo ha venido fortaleciendo sus<br>actividades sustantivas, y en el aspecto de la investigaci\u00f3n a\u00fan m\u00e1s, pues cobra<br>importante relevancia ya que uno de los centros que cumple con creces esta<br>encomienda gracias a sus docentes, alumnos, trabajadores y al alto compromiso<br>que los caracteriza, en el desarrollo de proyectos y sobre todo en la formaci\u00f3n de<br>sus recursos humanos de calidad en los distintos niveles.<\/p>\n\n\n\n<p>Entregaron el reconocimiento como \u201cProfesor Distinguido 2021\u201d a la Dra. Elda<br>Patricia Segura Ceniceros; el Premio Tritio 2021 a las mejores tesis de<br>Licenciatura, Maestr\u00eda y doctorado presentadas por alumnos de la facultad en<br>2020, entre ellos: la doctora Angeliza Esquivel Castro y a su directora de tesis<br>Antonia Mart\u00ednez Luevanos, de Maestr\u00eda, al MC. Salvador Alexis Salda\u00f1a<br>Mendoza y su director de tesis Dr. Crist\u00f3bal No\u00e9 Aguilar Gonz\u00e1lez y de<br>Licenciatura, a la Ingeniera Qu\u00edmica, Maricela Esmeralda Guzm\u00e1n y a su director<br>de tesis el Dr. Leonardo Sep\u00falveda Torrei.<\/p>\n\n\n\n<p>As\u00ed como por antig\u00fcedad a trabajadores y docentes del plantel, por 10 a\u00f1os de<br>servicios a la Dra. Ruth Elizabeth Belmares Cerda, Dra. Adali Oliva Casta\u00f1eda<br>Facio, MC. Mar\u00eda de Jes\u00fas Garc\u00eda Braham; Jos\u00e9 Ram\u00f3n Medina Delgado; por 15<br>a\u00f1os de servicio a Guadalupe Valdez D\u00e1vila y MC Francisco Gonz\u00e1lez Moreira.<br>Por 20 a\u00f1os Pedro Francisco Hern\u00e1ndez Segovia, MC. Ofelia Sara\u00ed S\u00e1nchez Sol\u00eds<br>y Dra. Lil\u00eda Eugenia Serrato Villegas; por 25 a\u00f1os Laura Ju\u00e1rez Morales, Dr. Juan Carlos Contreras Esquivel, Dra. Mar\u00eda Maura T\u00e9llez Rosas y por 30 a\u00f1os de servicio Francisco Javier Guillermo Moreno, y por 35 a\u00f1os al Dr. Felipe \u00c1valos Belmontes y MC. Patricia Vega S\u00e1nchez.<\/p>\n\n\n\n<p>Asimismo, entregaron reconocimiento a los ex directores de la Facultad de<br>Ciencias Qu\u00edmicas por la aportaci\u00f3n y trabajo durante sus periodos: a Jaime Isa\u00edas<br>Ortiz C\u00e1rdenas 1978-1984, \u00d3scar D\u00e1vila Alvarado 1984-1986; Leticia barajas<br>Berm\u00fadez 1986-1987; N\u00e9stor Oyervides Vald\u00e9s, de 1987-1993; V\u00edctor Hugo<br>Tavares de 1993-1996, Juan Pedro de la Rosa Loera de 1996-1999; Juan Homero<br>Soto Z\u00fa\u00f1iga de 1999-2004; V\u00edctor Madue\u00f1o Guti\u00e9rrez de 2004-2007; Rub\u00e9n<br>Garc\u00eda Braham de 2007 2013, Edith Mada\u00ed Col\u00f3n Corbina de 2013-2014 y<br>Crist\u00f3bal No\u00e9 Aguilar 2014-2018.<\/p>\n\n\n\n<p>El Dr. Luis R\u00edos Shroeder director de 1968 a 1971 y egresado de la segunda<br>generaci\u00f3n, en su mensaje describi\u00f3 el d\u00eda que se convirti\u00f3 estudiante de la<br>Facultad de Ciencias Qu\u00edmicas, que en sus or\u00edgenes estuvo albergada en el<br>Ateneo Fuente, y que el paso del tiempo ha preservado la calidad y el sentimiento<br>humano de quienes egresan de la Escuela para que siga siendo ejemplo y<br>baluarte de la UAdeC, de Coahuila y de M\u00e9xico.<\/p>\n\n\n\n<p>Posteriormente de la ceremonia las autoridades y comunidad acad\u00e9mica y laboral<br>se trasladaron a la explanada de la Facultad para la develaci\u00f3n de la placa alusiva<br>al LXXV Aniversario.<\/p>\n\n\n\n<p>Su fundaci\u00f3n como Escuela de Ciencias Qu\u00edmicas desde el 12 de diciembre de<br>1946, la primera carrera que se imparti\u00f3 fue la de Qu\u00edmico Industrial iniciando en<br>febrero de 1947, la primera generaci\u00f3n de Qu\u00edmicos Industriales la formaron tres<br>alumnos; en 1948 se ofreci\u00f3 la carrera de Qu\u00edmico Farmacobi\u00f3logo, de la que en<br>1952 egreso la primera generaci\u00f3n integrada por seis alumnos; la \u00faltima carrera<br>que se abri\u00f3, a nivel Licenciatura fue Ingenier\u00eda Qu\u00edmica en 1962.<\/p>\n\n\n\n<p>En 1967 con motivo del centenario del Ateneo Fuente, se construye el edificio<br>principal de la Ciencias Qu\u00edmicas, en 1968 contaba con 300 alumnos en las tres<br>carreras, Qu\u00edmico Industrial, Qu\u00edmico Farmac\u00e9utico Bi\u00f3logo e Ingenier\u00eda Qu\u00edmica.<br>En 1981 con la creaci\u00f3n de la Maestr\u00eda en Ciencia y Tecnolog\u00eda de Pol\u00edmeros se<br>eleva su rango de Escuela a Facultad de Ciencias Qu\u00edmicas; actualmente cuenta<br>con siete posgrados en las \u00e1reas de Ciencia y Tecnolog\u00eda Qu\u00edmica, Alimentos,<br>Biotecnolog\u00eda y Materiales.<\/p>\n","protected":false},"excerpt":{"rendered":"<p>SALTILLO, Coahuila. 12 de noviembre de 2021. Este viernes en ceremonia deGala en el Paraninfo del Ateneo Fuente se conmemor\u00f3 el LXXV Aniversario de laFacultad de Ciencias Qu\u00edmicas de la Universidad Aut\u00f3noma de Coahuila, endonde se entregaron diversos reconocimientos a estudiantes, trabajadores,maestros y ex directores. En representaci\u00f3n del rector de la m\u00e1xima casa de estudios, asisti\u00f3 Crist\u00f3bal No\u00e9Aguilar Gonz\u00e1lez, director de Investigaci\u00f3n y Posgrado de la UAdeC, elcoordinador de la&#8230;<\/p>\n","protected":false},"author":1,"featured_media":0,"comment_status":"closed","ping_status":"closed","sticky":false,"template":"","format":"standard","meta":{"footnotes":""},"categories":[2],"tags":[],"class_list":["post-5602","post","type-post","status-publish","format-standard","hentry","category-uadec","wpcat-2-id"],"_links":{"self":[{"href":"https:\/\/www.aquilaguna.com\/index.php\/wp-json\/wp\/v2\/posts\/5602","targetHints":{"allow":["GET"]}}],"collection":[{"href":"https:\/\/www.aquilaguna.com\/index.php\/wp-json\/wp\/v2\/posts"}],"about":[{"href":"https:\/\/www.aquilaguna.com\/index.php\/wp-json\/wp\/v2\/types\/post"}],"author":[{"embeddable":true,"href":"https:\/\/www.aquilaguna.com\/index.php\/wp-json\/wp\/v2\/users\/1"}],"replies":[{"embeddable":true,"href":"https:\/\/www.aquilaguna.com\/index.php\/wp-json\/wp\/v2\/comments?post=5602"}],"version-history":[{"count":1,"href":"https:\/\/www.aquilaguna.com\/index.php\/wp-json\/wp\/v2\/posts\/5602\/revisions"}],"predecessor-version":[{"id":5603,"href":"https:\/\/www.aquilaguna.com\/index.php\/wp-json\/wp\/v2\/posts\/5602\/revisions\/5603"}],"wp:attachment":[{"href":"https:\/\/www.aquilaguna.com\/index.php\/wp-json\/wp\/v2\/media?parent=5602"}],"wp:term":[{"taxonomy":"category","embeddable":true,"href":"https:\/\/www.aquilaguna.com\/index.php\/wp-json\/wp\/v2\/categories?post=5602"},{"taxonomy":"post_tag","embeddable":true,"href":"https:\/\/www.aquilaguna.com\/index.php\/wp-json\/wp\/v2\/tags?post=5602"}],"curies":[{"name":"wp","href":"https:\/\/api.w.org\/{rel}","templated":true}]}}