{"id":5676,"date":"2021-11-18T18:35:30","date_gmt":"2021-11-19T00:35:30","guid":{"rendered":"https:\/\/www.aquilaguna.com\/?p=5676"},"modified":"2021-11-18T18:35:30","modified_gmt":"2021-11-19T00:35:30","slug":"sigue-promocion-comercial-de-la-region-laguna","status":"publish","type":"post","link":"https:\/\/www.aquilaguna.com\/index.php\/2021\/11\/18\/sigue-promocion-comercial-de-la-region-laguna\/","title":{"rendered":"SIGUE PROMOCI\u00d3N COMERCIAL DE LA REGI\u00d3N LAGUNA."},"content":{"rendered":"\n<p>Comarca Lagunera, Dgo.- En el marco de la inauguraci\u00f3n de la Sexta Expo<br>Industria y Negocios Canacintra 2021, el secretario de Desarrollo Econ\u00f3mico en el<br>Estado de Durango (Sedeco), Gustavo Kientzle Baille destac\u00f3 que a trav\u00e9s de<br>eventos como la expo se promociona la actividad comercial y econ\u00f3mica en la<br>regi\u00f3n Laguna de Durango.<\/p>\n\n\n\n<p>El secretario, hizo un reconocimiento a la C\u00e1mara Nacional de la Industria de la<br>Transformaci\u00f3n, a trav\u00e9s de su presidenta Patricia Corro L\u00f3pez, por ser un<br>importante aliado para el desarrollo econ\u00f3mico en el estado de Durango y trabajar<br>junto al gobierno encabezado por Jos\u00e9 Rosas Aispuro Torres, en una sinergia y<br>equipo en el que han hecho frente en materia econ\u00f3mica a la pandemia.<\/p>\n\n\n\n<p>Se\u00f1al\u00f3, que la entidad sigue activ\u00e1ndose econ\u00f3micamente y hace unos d\u00edas el<br>mandatario estatal anunci\u00f3 que Durango alcanz\u00f3 la cifra hist\u00f3rica de los 255 mil<br>671 empleos formales. Lo anterior de acuerdo a datos proporcionados por el<br>Instituto Mexicano del Seguro Social.<\/p>\n\n\n\n<p>En el mes de octubre del presente a\u00f1o se crearon 2,260 nuevas fuentes de<br>empleo, que sumadas a los meses anteriores permitieron alcanzar la generaci\u00f3n<br>de m\u00e1s de 16 mil nuevos empleos en los 10 primeros meses del a\u00f1o.<\/p>\n\n\n\n<p>Dijo, que de acuerdo con datos de la Encuesta Nacional de Ocupaci\u00f3n y Empleo<br>del Inegi, m\u00e1s de 75 mil duranguenses se encuentran trabajando, lo que significa<br>un crecimiento del 5.8%.<\/p>\n\n\n\n<p>Por otra parte Kientzle Baiille, mencion\u00f3, que la Sedeco sigue apoyando a los<br>productores regionales y emprendedores, a trav\u00e9s de mecanismos virtuales que<br>permiten hacer frente a la nueva realidad por la pandemia, como lo son las<br>plataformas: \u201cConsume Durango\u201d e \u201cInvest in Durango\u201d. Ambas van encaminadas<br>a promover los productos y las bondades con las que cuenta la entidad para atraer<br>a nuevos inversionistas, y mantener los que ya existen. La \u00faltima de ellas se<br>encuentra disponible en espa\u00f1ol, ingl\u00e9s, alem\u00e1n, chino, japon\u00e9s, coreano y<br>franc\u00e9s.<\/p>\n\n\n\n<p>Finalmente, coment\u00f3 que junto con el Caxxor Group formalizaron ante la<br>Secretar\u00eda de Infraestructura, Comunicaciones y Transportes su intenci\u00f3n de<br>desarrollar una v\u00eda de ferrocarril desde Durango hasta el Pac\u00edfico, a lo largo del<br>Corredor T-Mec. Se trata de una v\u00eda de 360 kil\u00f3metros cuya finalidad es construir<br>uno de los proyectos estrat\u00e9gicos que abre la nueva ruta comercial con alto<br>impacto econ\u00f3mico para Durango y para la regi\u00f3n Lagunera.<\/p>\n","protected":false},"excerpt":{"rendered":"<p>Comarca Lagunera, Dgo.- En el marco de la inauguraci\u00f3n de la Sexta ExpoIndustria y Negocios Canacintra 2021, el secretario de Desarrollo Econ\u00f3mico en elEstado de Durango (Sedeco), Gustavo Kientzle Baille destac\u00f3 que a trav\u00e9s deeventos como la expo se promociona la actividad comercial y econ\u00f3mica en laregi\u00f3n Laguna de Durango. El secretario, hizo un reconocimiento a la C\u00e1mara Nacional de la Industria de laTransformaci\u00f3n, a trav\u00e9s de su presidenta Patricia&#8230;<\/p>\n","protected":false},"author":1,"featured_media":5677,"comment_status":"closed","ping_status":"closed","sticky":false,"template":"","format":"standard","meta":{"footnotes":""},"categories":[40,29,43,64],"tags":[],"class_list":["post-5676","post","type-post","status-publish","format-standard","has-post-thumbnail","hentry","category-durango","category-economia","category-empleo","category-gobierno-de-durango","wpcat-40-id","wpcat-29-id","wpcat-43-id","wpcat-64-id"],"_links":{"self":[{"href":"https:\/\/www.aquilaguna.com\/index.php\/wp-json\/wp\/v2\/posts\/5676","targetHints":{"allow":["GET"]}}],"collection":[{"href":"https:\/\/www.aquilaguna.com\/index.php\/wp-json\/wp\/v2\/posts"}],"about":[{"href":"https:\/\/www.aquilaguna.com\/index.php\/wp-json\/wp\/v2\/types\/post"}],"author":[{"embeddable":true,"href":"https:\/\/www.aquilaguna.com\/index.php\/wp-json\/wp\/v2\/users\/1"}],"replies":[{"embeddable":true,"href":"https:\/\/www.aquilaguna.com\/index.php\/wp-json\/wp\/v2\/comments?post=5676"}],"version-history":[{"count":1,"href":"https:\/\/www.aquilaguna.com\/index.php\/wp-json\/wp\/v2\/posts\/5676\/revisions"}],"predecessor-version":[{"id":5678,"href":"https:\/\/www.aquilaguna.com\/index.php\/wp-json\/wp\/v2\/posts\/5676\/revisions\/5678"}],"wp:featuredmedia":[{"embeddable":true,"href":"https:\/\/www.aquilaguna.com\/index.php\/wp-json\/wp\/v2\/media\/5677"}],"wp:attachment":[{"href":"https:\/\/www.aquilaguna.com\/index.php\/wp-json\/wp\/v2\/media?parent=5676"}],"wp:term":[{"taxonomy":"category","embeddable":true,"href":"https:\/\/www.aquilaguna.com\/index.php\/wp-json\/wp\/v2\/categories?post=5676"},{"taxonomy":"post_tag","embeddable":true,"href":"https:\/\/www.aquilaguna.com\/index.php\/wp-json\/wp\/v2\/tags?post=5676"}],"curies":[{"name":"wp","href":"https:\/\/api.w.org\/{rel}","templated":true}]}}