{"id":5696,"date":"2021-11-19T18:04:23","date_gmt":"2021-11-20T00:04:23","guid":{"rendered":"https:\/\/www.aquilaguna.com\/?p=5696"},"modified":"2021-11-19T18:04:24","modified_gmt":"2021-11-20T00:04:24","slug":"preside-fiscal-general-toma-de-protesta-de-agentes-de-investigacion-criminal","status":"publish","type":"post","link":"https:\/\/www.aquilaguna.com\/index.php\/2021\/11\/19\/preside-fiscal-general-toma-de-protesta-de-agentes-de-investigacion-criminal\/","title":{"rendered":"PRESIDE FISCAL GENERAL TOMA DE PROTESTA DE AGENTES DE INVESTIGACI\u00d3N CRIMINAL."},"content":{"rendered":"\n<p>Saltillo, Coahuila de Zaragoza; 19 de noviembre de 2021.- Treinta y ocho Agentes<br>de Investigaci\u00f3n Criminal se incorporan este d\u00eda a la fuerza de tarea de la Fiscal\u00eda<br>General del Estado al concluir el curso de formaci\u00f3n inicial y rendir la protesta al<br>cargo.<\/p>\n\n\n\n<p>En ceremonia presidida por el Fiscal General de Coahuila Dr. Gerardo M\u00e1rquez<br>Guevara, se entreg\u00f3 el nombramiento a cada uno de los aspirantes que se<br>convierten a partir de esta fecha en Agentes de Investigaci\u00f3n Criminal.<\/p>\n\n\n\n<p>En su mensaje, el Fiscal General destac\u00f3 a los nuevos polic\u00edas la responsabilidad<br>que asumen al servicio de la poblaci\u00f3n: \u201cUstedes han cerrado estas dos etapas y<br>hoy se les hace entrega de sus nombramientos como Agentes de Investigaci\u00f3n<br>Criminal, este nombramiento lleva consigo el gran compromiso de desempe\u00f1arse<br>como servidor p\u00fablico actuando conforme los principios establecidos en la Ley<br>Org\u00e1nica de la Fiscal\u00eda General del Estado, en ese tenor, deben estar conscientes<br>de la responsabilidad que esto implica y para debida constancia deben rendir la<br>protesta correspondiente, conforme lo marca la Constituci\u00f3n Pol\u00edtica de los<br>Estados Unidos Mexicanos. Hoy en d\u00eda, hablar de seguridad p\u00fablica en sentido<br>amplio, es garantizar el orden p\u00fablico, el ejercicio de los derechos y las libertades<br>de la colectividad, lo cual requiere una coordinaci\u00f3n permanente entre las diversas<br>corporaciones policiales; pero sobre todo, de elementos bien capacitados, que en<br>el ejercicio de sus funciones, se apeguen a los protocolos de actuaci\u00f3n. La pol\u00edtica<br>institucional de la Fiscal\u00eda General del Estado, se traduce a trav\u00e9s del lema<br>\u201cLealtad y Honor al Servicio de Coahuila\u201d.<\/p>\n\n\n\n<p>Durante su intervenci\u00f3n, la maestra Maribel Araceli Rodr\u00edguez Ram\u00edrez, Directora<br>General del Centro de Profesionalizaci\u00f3n, Acreditaci\u00f3n, Certificaci\u00f3n y Carrera,<br>destac\u00f3 el proceso en el que se trabaja para la mejora de los procedimientos de<br>los servicios de procuraci\u00f3n de justicia, principalmente, en el cumplimiento de un<br>conjunto de est\u00e1ndares desarrollados. Los est\u00e1ndares se convierten en directivas<br>escritas para su estricto cumplimiento, a trav\u00e9s de la Comisi\u00f3n de Acreditaci\u00f3n<br>para Agencias de Aplicaci\u00f3n de la Ley (CALEA) organizaci\u00f3n acreditadora,<br>certificadora de procesos y est\u00e1ndares de agencias policiales a nivel internacional.<\/p>\n\n\n\n<p>Una vez que el Fiscal General les tom\u00f3 la protesta, puso a disposici\u00f3n del<br>Comisario Alberto Gabriel Mart\u00ednez L\u00f3pez, Director General de la Agencia de<br>Investigaci\u00f3n Criminal los 38 agentes, quienes se incorporan como Agentes de<br>Investigaci\u00f3n Criminal para fortalecer conforme la estructura en procuraci\u00f3n de<br>justicia, la investigaci\u00f3n cient\u00edfica y la seguridad de Coahuila.<\/p>\n\n\n\n<p>Acompa\u00f1aron al Fiscal General en esta ceremonia, el Comisario Alberto Gabriel<br>Mart\u00ednez L\u00f3pez, Director General de la Agencia de Investigaci\u00f3n Criminal; el<br>Comandante Luis Raymundo Mu\u00f1oz N\u00e1jera, Subdirector Operativo de la Agencia<br>de Investigaci\u00f3n Criminal; la Mtra. Maribel Araceli Rodr\u00edguez Ram\u00edrez, Directora<br>General del Centro de Profesionalizaci\u00f3n, Acreditaci\u00f3n, Certificaci\u00f3n y Carrera; el<br>Comandante Jes\u00fas Octavio Reyes Ram\u00edrez, Subinspector, Coordinador de la<br>Academia de la Polic\u00eda de Investigaci\u00f3n.<\/p>\n","protected":false},"excerpt":{"rendered":"<p>Saltillo, Coahuila de Zaragoza; 19 de noviembre de 2021.- Treinta y ocho Agentesde Investigaci\u00f3n Criminal se incorporan este d\u00eda a la fuerza de tarea de la Fiscal\u00edaGeneral del Estado al concluir el curso de formaci\u00f3n inicial y rendir la protesta alcargo. En ceremonia presidida por el Fiscal General de Coahuila Dr. Gerardo M\u00e1rquezGuevara, se entreg\u00f3 el nombramiento a cada uno de los aspirantes que seconvierten a partir de esta fecha&#8230;<\/p>\n","protected":false},"author":1,"featured_media":5697,"comment_status":"closed","ping_status":"closed","sticky":false,"template":"","format":"standard","meta":{"footnotes":""},"categories":[5,78,15],"tags":[],"class_list":["post-5696","post","type-post","status-publish","format-standard","has-post-thumbnail","hentry","category-coahuila","category-fiscalia","category-gobierno-de-coahuila","wpcat-5-id","wpcat-78-id","wpcat-15-id"],"_links":{"self":[{"href":"https:\/\/www.aquilaguna.com\/index.php\/wp-json\/wp\/v2\/posts\/5696","targetHints":{"allow":["GET"]}}],"collection":[{"href":"https:\/\/www.aquilaguna.com\/index.php\/wp-json\/wp\/v2\/posts"}],"about":[{"href":"https:\/\/www.aquilaguna.com\/index.php\/wp-json\/wp\/v2\/types\/post"}],"author":[{"embeddable":true,"href":"https:\/\/www.aquilaguna.com\/index.php\/wp-json\/wp\/v2\/users\/1"}],"replies":[{"embeddable":true,"href":"https:\/\/www.aquilaguna.com\/index.php\/wp-json\/wp\/v2\/comments?post=5696"}],"version-history":[{"count":1,"href":"https:\/\/www.aquilaguna.com\/index.php\/wp-json\/wp\/v2\/posts\/5696\/revisions"}],"predecessor-version":[{"id":5698,"href":"https:\/\/www.aquilaguna.com\/index.php\/wp-json\/wp\/v2\/posts\/5696\/revisions\/5698"}],"wp:featuredmedia":[{"embeddable":true,"href":"https:\/\/www.aquilaguna.com\/index.php\/wp-json\/wp\/v2\/media\/5697"}],"wp:attachment":[{"href":"https:\/\/www.aquilaguna.com\/index.php\/wp-json\/wp\/v2\/media?parent=5696"}],"wp:term":[{"taxonomy":"category","embeddable":true,"href":"https:\/\/www.aquilaguna.com\/index.php\/wp-json\/wp\/v2\/categories?post=5696"},{"taxonomy":"post_tag","embeddable":true,"href":"https:\/\/www.aquilaguna.com\/index.php\/wp-json\/wp\/v2\/tags?post=5696"}],"curies":[{"name":"wp","href":"https:\/\/api.w.org\/{rel}","templated":true}]}}