{"id":5709,"date":"2021-11-19T18:19:55","date_gmt":"2021-11-20T00:19:55","guid":{"rendered":"https:\/\/www.aquilaguna.com\/?p=5709"},"modified":"2021-11-19T18:19:55","modified_gmt":"2021-11-20T00:19:55","slug":"beneficia-gobierno-de-coahuila-a-1600-estudiantes-laguneros-con-el-programa-became","status":"publish","type":"post","link":"https:\/\/www.aquilaguna.com\/index.php\/2021\/11\/19\/beneficia-gobierno-de-coahuila-a-1600-estudiantes-laguneros-con-el-programa-became\/","title":{"rendered":"BENEFICIA GOBIERNO DE COAHUILA A 1,600 ESTUDIANTES LAGUNEROS CON EL PROGRAMA \u2018B\u00c9CAME\u2019."},"content":{"rendered":"\n<p>Torre\u00f3n, Coahuila de Zaragoza; a 19 de Noviembre de 2021.- Un total de mil 600 estudiantes de Educaci\u00f3n B\u00e1sica de la Regi\u00f3n Laguna recibieron el beneficio del Programa \u201cB\u00e9came\u201d, de parte del Gobierno de Coahuila.<\/p>\n\n\n\n<p>La Coordinadora de Servicios Educativos en La Laguna, Flor Renter\u00eda Medina, coment\u00f3 que este apoyo se trata de una beca de mil pesos, que se entregan en una sola exhibici\u00f3n a ni\u00f1os que tienen buen promedio y son de escasos recursos, principalmente.<\/p>\n\n\n\n<p>&#8220;Es un programa que va a todos aquellos que lo soliciten, son mil pesos en una \u00fanica emisi\u00f3n, por lo que quiero reconocer el esfuerzo del Gobierno del Estado para destinar este recurso a las becas que desde el ciclo escolar pasado se estaban solicitando\u201d, explic\u00f3.<\/p>\n\n\n\n<p>La funcionaria coment\u00f3 que la pandemia retras\u00f3 muchos de estos tr\u00e1mites e incluso los padres de familia pensaban que no iban a llegar, pero se acudi\u00f3 al gobernador Miguel \u00c1ngel Riquelme Sol\u00eds: &#8220;\u00c9l siempre est\u00e1 preocupado y comprometido con los ni\u00f1os que m\u00e1s necesitan, y hoy estamos entregando aqu\u00ed en La Laguna mil 600 becas\u201d.<\/p>\n\n\n\n<p>La entrega se hizo en diversos grupos y d\u00edas para no exponer a los padres de familia, respetando todas las medidas preventivas, en las instalaciones de esta dependencia estatal.<\/p>\n\n\n\n<p>Renter\u00eda Medina reiter\u00f3 que las ni\u00f1as y ni\u00f1os beneficiados tienen buen promedio y necesitan apoyo.<\/p>\n\n\n\n<p>Este programa ha sido bien recibido entre las familias laguneras y cada vez son m\u00e1s las solicitudes que reciben, por lo que esperan el pr\u00f3ximo ciclo contar con este apoyo.<\/p>\n\n\n\n<p>La representante de la Secretar\u00eda de Educaci\u00f3n envi\u00f3 una felicitaci\u00f3n a las y los estudiantes que hoy fueron reconocidos con este aliciente.<\/p>\n\n\n\n<p>\u201cVaya una felicitaci\u00f3n y un reconocimiento a su trabajo, a su compromiso, que a pesar de este contexto tan complicado siguen estudiando y de manera muy responsable cumpliendo con todos sus trabajos\u201d, destac\u00f3.<\/p>\n\n\n\n<p>\u201cDecirles que es muy importante que contin\u00faen as\u00ed, que sepan que siempre el trabajo y el esfuerzo ser\u00e1 recompensado\u201d.<\/p>\n","protected":false},"excerpt":{"rendered":"<p>Torre\u00f3n, Coahuila de Zaragoza; a 19 de Noviembre de 2021.- Un total de mil 600 estudiantes de Educaci\u00f3n B\u00e1sica de la Regi\u00f3n Laguna recibieron el beneficio del Programa \u201cB\u00e9came\u201d, de parte del Gobierno de Coahuila. La Coordinadora de Servicios Educativos en La Laguna, Flor Renter\u00eda Medina, coment\u00f3 que este apoyo se trata de una beca de mil pesos, que se entregan en una sola exhibici\u00f3n a ni\u00f1os que tienen buen&#8230;<\/p>\n","protected":false},"author":1,"featured_media":5710,"comment_status":"closed","ping_status":"closed","sticky":false,"template":"","format":"standard","meta":{"footnotes":""},"categories":[5,9,15],"tags":[],"class_list":["post-5709","post","type-post","status-publish","format-standard","has-post-thumbnail","hentry","category-coahuila","category-educacion","category-gobierno-de-coahuila","wpcat-5-id","wpcat-9-id","wpcat-15-id"],"_links":{"self":[{"href":"https:\/\/www.aquilaguna.com\/index.php\/wp-json\/wp\/v2\/posts\/5709","targetHints":{"allow":["GET"]}}],"collection":[{"href":"https:\/\/www.aquilaguna.com\/index.php\/wp-json\/wp\/v2\/posts"}],"about":[{"href":"https:\/\/www.aquilaguna.com\/index.php\/wp-json\/wp\/v2\/types\/post"}],"author":[{"embeddable":true,"href":"https:\/\/www.aquilaguna.com\/index.php\/wp-json\/wp\/v2\/users\/1"}],"replies":[{"embeddable":true,"href":"https:\/\/www.aquilaguna.com\/index.php\/wp-json\/wp\/v2\/comments?post=5709"}],"version-history":[{"count":1,"href":"https:\/\/www.aquilaguna.com\/index.php\/wp-json\/wp\/v2\/posts\/5709\/revisions"}],"predecessor-version":[{"id":5711,"href":"https:\/\/www.aquilaguna.com\/index.php\/wp-json\/wp\/v2\/posts\/5709\/revisions\/5711"}],"wp:featuredmedia":[{"embeddable":true,"href":"https:\/\/www.aquilaguna.com\/index.php\/wp-json\/wp\/v2\/media\/5710"}],"wp:attachment":[{"href":"https:\/\/www.aquilaguna.com\/index.php\/wp-json\/wp\/v2\/media?parent=5709"}],"wp:term":[{"taxonomy":"category","embeddable":true,"href":"https:\/\/www.aquilaguna.com\/index.php\/wp-json\/wp\/v2\/categories?post=5709"},{"taxonomy":"post_tag","embeddable":true,"href":"https:\/\/www.aquilaguna.com\/index.php\/wp-json\/wp\/v2\/tags?post=5709"}],"curies":[{"name":"wp","href":"https:\/\/api.w.org\/{rel}","templated":true}]}}