{"id":575,"date":"2021-02-26T17:55:28","date_gmt":"2021-02-26T23:55:28","guid":{"rendered":"https:\/\/www.aquilaguna.com\/?p=575"},"modified":"2021-02-26T17:55:28","modified_gmt":"2021-02-26T23:55:28","slug":"programas-estrategicos-en-educacion-superior-posicionaran-a-coahuila-a-nivel-internacional","status":"publish","type":"post","link":"https:\/\/www.aquilaguna.com\/index.php\/2021\/02\/26\/programas-estrategicos-en-educacion-superior-posicionaran-a-coahuila-a-nivel-internacional\/","title":{"rendered":"PROGRAMAS ESTRAT\u00c9GICOS EN  EDUCACI\u00d3N SUPERIOR POSICIONAR\u00c1N A COAHUILA A NIVEL INTERNACIONAL."},"content":{"rendered":"\n<p>Saltillo, Coahuila de Zaragoza; a 26 de Febrero de 2021.- A fin de fortalecer el aprendizaje de alumnos y las competencias docentes de Educaci\u00f3n Superior, y posicionar a Coahuila en los primeros lugares a nivel internacional, la Secretar\u00eda de Educaci\u00f3n del Estado (SE) pondr\u00e1 en marcha tres proyectos estrat\u00e9gicos para el periodo 2021-2022.<\/p>\n\n\n\n<p>La Subsecretar\u00eda de Educaci\u00f3n Media Superior, en coordinaci\u00f3n con la Subdirecci\u00f3n de Proyectos Educativos, realizaron sesiones de trabajo para dise\u00f1ar el lanzamiento de programas estrat\u00e9gicos de educaci\u00f3n superior, que forma parte del proceso de Alineaci\u00f3n Estrat\u00e9gica de la SE, en que tambi\u00e9n participaron institutos tecnol\u00f3gicos descentralizados, universidades tecnol\u00f3gicas y universidades polit\u00e9cnicas de Coahuila.<\/p>\n\n\n\n<p>Laura Aid\u00e9 Constante Vald\u00e9s, subdirectora de Proyectos Educativos de la SE, explic\u00f3 que se realizaron tres reuniones con cada Subsistema para conocer y tener claridad de los conceptos de ejecuci\u00f3n de alto Impacto, y la pr\u00e1ctica de una metodolog\u00eda para la puesta en marcha de los programas estrat\u00e9gicos 2021-2022.<\/p>\n\n\n\n<p>Los programas que iniciar\u00e1n el pr\u00f3ximo ciclo escolar son:<\/p>\n\n\n\n<p>\u00b7&nbsp;&nbsp;&nbsp;&nbsp;&nbsp;&nbsp;Fortalecimiento Docente, enfocado en darle las herramientas y optimizar la labor docente para mejorar el desempe\u00f1o y la funci\u00f3n en las aulas.<\/p>\n\n\n\n<p>\u00b7&nbsp;&nbsp;&nbsp;&nbsp;&nbsp;&nbsp;El programa de Fortalecimiento del Idioma Ingl\u00e9s, dirigido a docentes y alumnos.<\/p>\n\n\n\n<p>\u00b7&nbsp;&nbsp;&nbsp;&nbsp;&nbsp;&nbsp;Programa Hacia la calidad educativa, que est\u00e1 orientado a mejorar los programas educativos para que vayan acorde a lo que se demanda en el campo laboral.<\/p>\n\n\n\n<p>Se inform\u00f3 que desde el pasado mes de septiembre comenzaron las reuniones con los rectores y directores de las 17 universidades invitadas, de donde surgieron ocho propuestas de programas, de las cuales se eligieron las tres que aportar\u00e1n a la visi\u00f3n en Coahuila de posicionar la educaci\u00f3n superior de la entidad en los primeros lugares a&nbsp; nivel internacional para el 2040.<\/p>\n\n\n\n<p>Constante Vald\u00e9s se\u00f1al\u00f3 que adem\u00e1s de una planeaci\u00f3n, se busca dar&nbsp; seguimiento a dichos programas para el logro de los resultados esperados.&nbsp;&nbsp;<\/p>\n","protected":false},"excerpt":{"rendered":"<p>Saltillo, Coahuila de Zaragoza; a 26 de Febrero de 2021.- A fin de fortalecer el aprendizaje de alumnos y las competencias docentes de Educaci\u00f3n Superior, y posicionar a Coahuila en los primeros lugares a nivel internacional, la Secretar\u00eda de Educaci\u00f3n del Estado (SE) pondr\u00e1 en marcha tres proyectos estrat\u00e9gicos para el periodo 2021-2022. La Subsecretar\u00eda de Educaci\u00f3n Media Superior, en coordinaci\u00f3n con la Subdirecci\u00f3n de Proyectos Educativos, realizaron sesiones de&#8230;<\/p>\n","protected":false},"author":1,"featured_media":576,"comment_status":"closed","ping_status":"","sticky":false,"template":"","format":"standard","meta":{"footnotes":""},"categories":[5,9,15],"tags":[],"class_list":["post-575","post","type-post","status-publish","format-standard","has-post-thumbnail","hentry","category-coahuila","category-educacion","category-gobierno-de-coahuila","wpcat-5-id","wpcat-9-id","wpcat-15-id"],"_links":{"self":[{"href":"https:\/\/www.aquilaguna.com\/index.php\/wp-json\/wp\/v2\/posts\/575","targetHints":{"allow":["GET"]}}],"collection":[{"href":"https:\/\/www.aquilaguna.com\/index.php\/wp-json\/wp\/v2\/posts"}],"about":[{"href":"https:\/\/www.aquilaguna.com\/index.php\/wp-json\/wp\/v2\/types\/post"}],"author":[{"embeddable":true,"href":"https:\/\/www.aquilaguna.com\/index.php\/wp-json\/wp\/v2\/users\/1"}],"replies":[{"embeddable":true,"href":"https:\/\/www.aquilaguna.com\/index.php\/wp-json\/wp\/v2\/comments?post=575"}],"version-history":[{"count":1,"href":"https:\/\/www.aquilaguna.com\/index.php\/wp-json\/wp\/v2\/posts\/575\/revisions"}],"predecessor-version":[{"id":577,"href":"https:\/\/www.aquilaguna.com\/index.php\/wp-json\/wp\/v2\/posts\/575\/revisions\/577"}],"wp:featuredmedia":[{"embeddable":true,"href":"https:\/\/www.aquilaguna.com\/index.php\/wp-json\/wp\/v2\/media\/576"}],"wp:attachment":[{"href":"https:\/\/www.aquilaguna.com\/index.php\/wp-json\/wp\/v2\/media?parent=575"}],"wp:term":[{"taxonomy":"category","embeddable":true,"href":"https:\/\/www.aquilaguna.com\/index.php\/wp-json\/wp\/v2\/categories?post=575"},{"taxonomy":"post_tag","embeddable":true,"href":"https:\/\/www.aquilaguna.com\/index.php\/wp-json\/wp\/v2\/tags?post=575"}],"curies":[{"name":"wp","href":"https:\/\/api.w.org\/{rel}","templated":true}]}}