{"id":5757,"date":"2021-11-23T18:21:37","date_gmt":"2021-11-24T00:21:37","guid":{"rendered":"https:\/\/www.aquilaguna.com\/?p=5757"},"modified":"2021-11-23T18:21:37","modified_gmt":"2021-11-24T00:21:37","slug":"eroica-regresa-con-camerata-de-coahuila","status":"publish","type":"post","link":"https:\/\/www.aquilaguna.com\/index.php\/2021\/11\/23\/eroica-regresa-con-camerata-de-coahuila\/","title":{"rendered":"\u201cEROICA\u201d REGRESA CON CAMERATA DE COAHUILA."},"content":{"rendered":"\n<p>\u2022 Los boletos se proporcionar\u00e1n este mi\u00e9rcoles 24 de noviembre, en taquillas del<br>Teatro Isauro Mart\u00ednez.<\/p>\n\n\n\n<p>Camerata de Coahuila alista su sexto concierto de la temporada oto\u00f1o invierno 2021,<br>con orquesta completa, bajo la batuta de su fundador y director art\u00edstico el maestro<br>Ram\u00f3n Shade.<\/p>\n\n\n\n<p>En este sexto concierto se ejecutan las obras Obertura a Coriolano, Op.62 y Sinfon\u00eda no.<br>3 en Mi Bemol Mayor, Op.55 \u201cEroica\u201d del compositor alem\u00e1n Ludwig van Beethoven, est\u00e1<br>\u00faltima considerada por muchos como el amanecer del romanticismo musical.<\/p>\n\n\n\n<p>Beethoven compuso la obertura para el Coriolano de Collin en 1807, utilizando el oscuro<br>do menor como tonalidad b\u00e1sica de la pieza, sin duda con la intenci\u00f3n de enfatizar los<br>rasgos tr\u00e1gicos del legendario h\u00e9roe romano. La obertura fue estrenada en marzo de<br>1807 en un concierto en el que tambi\u00e9n se interpretaron la Cuarta sinfon\u00eda y el Cuarto<br>concierto para piano de Beethoven. Este concierto tuvo lugar en la casa del pr\u00edncipe<br>Lobkowitz, quien fue el dedicatario de algunas obras de Beethoven, como las sinfon\u00edas<br>Nos. 3, 5 y 6, los seis cuartetos del Op. 18 y el cuarteto Op. 74. La partitura de la obertura<br>Coriolano est\u00e1 dedicada a Collin.<\/p>\n\n\n\n<p>Esta sinfon\u00eda es una de las obras m\u00e1s famosas de Beethoven, que originalmente<br>pensaba dedicarla a Napole\u00f3n Bonaparte. La idea de componer una sinfon\u00eda en honor<br>del \u00abliberador\u00bb de Europa. Beethoven admiraba los ideales de la Revoluci\u00f3n francesa<br>encarnados en la figura de Napole\u00f3n Bonaparte, pero cuando este se auto corona<br>emperador en mayo de 1804, Beethoven se disgust\u00f3 tanto que borr\u00f3 el nombre de<br>Bonaparte de la p\u00e1gina del t\u00edtulo.<\/p>\n\n\n\n<p>Beethoven empez\u00f3 a componerla hacia 1802, durante su estancia en Heiligenstadt, y la<br>finaliz\u00f3 entre la primavera de 1803 y mayo de 1804. La primera audici\u00f3n privada se<br>produjo probablemente hacia el mes de agosto de ese mismo a\u00f1o, en casa del pr\u00edncipe<br>Joseph Franz von Lobkowitz, a quien finalmente fue dedicada. La primera ejecuci\u00f3n en<br>p\u00fablico fue dada en el Theater an der Wien de Viena el 7 de abril de 1805 con el<br>compositor a la batuta.<\/p>\n\n\n\n<p>El concierto se realizar\u00e1 este viernes 26 de noviembre en punto de las 20:30 horas, en<br>el Teatro Isauro Mart\u00ednez, con un aforo limitado.<\/p>\n\n\n\n<p>La entrega de boletos se realizar\u00e1 en taquillas del teatro Isauro Mart\u00ednez, este mi\u00e9rcoles<br>24 de noviembre, en punto de las 10:00 horas, estar\u00e1n disponibles 360 boletos, los<br>cuales se proporcionar\u00e1n hasta agotar existencia.<\/p>\n","protected":false},"excerpt":{"rendered":"<p>\u2022 Los boletos se proporcionar\u00e1n este mi\u00e9rcoles 24 de noviembre, en taquillas delTeatro Isauro Mart\u00ednez. Camerata de Coahuila alista su sexto concierto de la temporada oto\u00f1o invierno 2021,con orquesta completa, bajo la batuta de su fundador y director art\u00edstico el maestroRam\u00f3n Shade. En este sexto concierto se ejecutan las obras Obertura a Coriolano, Op.62 y Sinfon\u00eda no.3 en Mi Bemol Mayor, Op.55 \u201cEroica\u201d del compositor alem\u00e1n Ludwig van Beethoven, est\u00e1\u00faltima&#8230;<\/p>\n","protected":false},"author":1,"featured_media":5758,"comment_status":"closed","ping_status":"closed","sticky":false,"template":"","format":"standard","meta":{"footnotes":""},"categories":[5,12,28,7],"tags":[],"class_list":["post-5757","post","type-post","status-publish","format-standard","has-post-thumbnail","hentry","category-coahuila","category-cultura","category-la-laguna","category-torreon","wpcat-5-id","wpcat-12-id","wpcat-28-id","wpcat-7-id"],"_links":{"self":[{"href":"https:\/\/www.aquilaguna.com\/index.php\/wp-json\/wp\/v2\/posts\/5757","targetHints":{"allow":["GET"]}}],"collection":[{"href":"https:\/\/www.aquilaguna.com\/index.php\/wp-json\/wp\/v2\/posts"}],"about":[{"href":"https:\/\/www.aquilaguna.com\/index.php\/wp-json\/wp\/v2\/types\/post"}],"author":[{"embeddable":true,"href":"https:\/\/www.aquilaguna.com\/index.php\/wp-json\/wp\/v2\/users\/1"}],"replies":[{"embeddable":true,"href":"https:\/\/www.aquilaguna.com\/index.php\/wp-json\/wp\/v2\/comments?post=5757"}],"version-history":[{"count":1,"href":"https:\/\/www.aquilaguna.com\/index.php\/wp-json\/wp\/v2\/posts\/5757\/revisions"}],"predecessor-version":[{"id":5759,"href":"https:\/\/www.aquilaguna.com\/index.php\/wp-json\/wp\/v2\/posts\/5757\/revisions\/5759"}],"wp:featuredmedia":[{"embeddable":true,"href":"https:\/\/www.aquilaguna.com\/index.php\/wp-json\/wp\/v2\/media\/5758"}],"wp:attachment":[{"href":"https:\/\/www.aquilaguna.com\/index.php\/wp-json\/wp\/v2\/media?parent=5757"}],"wp:term":[{"taxonomy":"category","embeddable":true,"href":"https:\/\/www.aquilaguna.com\/index.php\/wp-json\/wp\/v2\/categories?post=5757"},{"taxonomy":"post_tag","embeddable":true,"href":"https:\/\/www.aquilaguna.com\/index.php\/wp-json\/wp\/v2\/tags?post=5757"}],"curies":[{"name":"wp","href":"https:\/\/api.w.org\/{rel}","templated":true}]}}