{"id":5781,"date":"2021-11-24T19:43:48","date_gmt":"2021-11-25T01:43:48","guid":{"rendered":"https:\/\/www.aquilaguna.com\/?p=5781"},"modified":"2021-11-24T19:43:49","modified_gmt":"2021-11-25T01:43:49","slug":"presentacion-del-libro-la-revolucion-en-la-laguna-historia-social-del-movimiento-que-conmociono-a-la-region","status":"publish","type":"post","link":"https:\/\/www.aquilaguna.com\/index.php\/2021\/11\/24\/presentacion-del-libro-la-revolucion-en-la-laguna-historia-social-del-movimiento-que-conmociono-a-la-region\/","title":{"rendered":"Presentaci\u00f3n del libro &#8220;La revoluci\u00f3n en La Laguna. Historia social del movimiento que conmocion\u00f3 a la regi\u00f3n&#8221;."},"content":{"rendered":"\n<p>En el mes de la revoluci\u00f3n, el Archivo Municipal invita al p\u00fablico a conocer una nueva publicaci\u00f3n que aborda el tema de la lucha armada y su importancia en nuestra regi\u00f3n, no solo en nuestra ciudad sino en los dem\u00e1s municipios laguneros.<\/p>\n\n\n\n<p>El martes&nbsp;<strong>30 de noviembre<\/strong>&nbsp;se realizar\u00e1 la presentaci\u00f3n del libro&nbsp;<em>La revoluci\u00f3n en La Laguna.<\/em><em>&nbsp;Historia social del movimiento que conmocion\u00f3 a la regi\u00f3n<\/em>&nbsp;escrito por Ilhuicamina Rico Maciel, en punto de las&nbsp;<strong>19:00 horas<\/strong>. Se contar\u00e1 con los comentarios del cronista de Torre\u00f3n Jes\u00fas Sotomayor Garza y del autor.<\/p>\n\n\n\n<p>El presente libro del historiador Ilhuicamina Rico &nbsp;ofrece un panorama general de la revoluci\u00f3n en la regi\u00f3n. A la luz de fuentes hemerogr\u00e1ficas y bibliogr\u00e1ficas, La revoluci\u00f3n en La Laguna ofrece una comprensi\u00f3n m\u00e1s amplia del movimiento armado que cambi\u00f3 el rumbo del pa\u00eds.<\/p>\n\n\n\n<p>De acuerdo con el director del Archivo, Carlos Casta\u00f1\u00f3n, \u201cno s\u00f3lo nos habla de las grandes batallas en Torre\u00f3n, sino de los actores, la gente y sus dificultades, todo dentro del entorno regional. Esa es precisamente la clave de este libro. M\u00e1s que ver las bien estudiadas tomas de Torre\u00f3n, el historiador explica lo que pas\u00f3 a lo largo de los a\u00f1os en las diversas poblaciones laguneras\u201d.<\/p>\n\n\n\n<p>Por su parte, el autor menciona en la introducci\u00f3n a personajes como Pancho Villa, Francisco I. Madero, Benjam\u00edn Argumedo, Calixto Contreras, Orestes Pereyra y otros; y explica:<\/p>\n\n\n\n<p>\u201cA m\u00e1s de 100 a\u00f1os de la Gran Batalla de La Laguna de 1914, presento el siguiente trabajo para recordar a estos hombres que lucharon por justicia. A trav\u00e9s de una selecci\u00f3n de art\u00edculos publicados en peri\u00f3dicos de Torre\u00f3n, as\u00ed como en mi blog&nbsp;<a href=\"http:\/\/batallaseneldesierto-ilhuicamina.blogspot.com\/\" target=\"_blank\" rel=\"noreferrer noopener\">batallaseneldesierto-Ilhuicamina.blogspot.com<\/a>. Tambi\u00e9n algunos art\u00edculos que nunca salieron a la luz, mas he querido incluirlos para complementar esta obra. Todos estos para lograr, despu\u00e9s de una minuciosa investigaci\u00f3n, nueva informaci\u00f3n que nos permita tener un conocimiento amplio de los sucesos ocurridos en la Comarca Lagunera durante la Revoluci\u00f3n\u201d.<\/p>\n\n\n\n<p>El libro estar\u00e1 a la venta en la presentaci\u00f3n y en las oficinas del Archivo ubicadas en Acu\u00f1a 140 sur.&nbsp;<\/p>\n","protected":false},"excerpt":{"rendered":"<p>En el mes de la revoluci\u00f3n, el Archivo Municipal invita al p\u00fablico a conocer una nueva publicaci\u00f3n que aborda el tema de la lucha armada y su importancia en nuestra regi\u00f3n, no solo en nuestra ciudad sino en los dem\u00e1s municipios laguneros. El martes&nbsp;30 de noviembre&nbsp;se realizar\u00e1 la presentaci\u00f3n del libro&nbsp;La revoluci\u00f3n en La Laguna.&nbsp;Historia social del movimiento que conmocion\u00f3 a la regi\u00f3n&nbsp;escrito por Ilhuicamina Rico Maciel, en punto de&#8230;<\/p>\n","protected":false},"author":1,"featured_media":5782,"comment_status":"closed","ping_status":"closed","sticky":false,"template":"","format":"standard","meta":{"footnotes":""},"categories":[5,12,28],"tags":[],"class_list":["post-5781","post","type-post","status-publish","format-standard","has-post-thumbnail","hentry","category-coahuila","category-cultura","category-la-laguna","wpcat-5-id","wpcat-12-id","wpcat-28-id"],"_links":{"self":[{"href":"https:\/\/www.aquilaguna.com\/index.php\/wp-json\/wp\/v2\/posts\/5781","targetHints":{"allow":["GET"]}}],"collection":[{"href":"https:\/\/www.aquilaguna.com\/index.php\/wp-json\/wp\/v2\/posts"}],"about":[{"href":"https:\/\/www.aquilaguna.com\/index.php\/wp-json\/wp\/v2\/types\/post"}],"author":[{"embeddable":true,"href":"https:\/\/www.aquilaguna.com\/index.php\/wp-json\/wp\/v2\/users\/1"}],"replies":[{"embeddable":true,"href":"https:\/\/www.aquilaguna.com\/index.php\/wp-json\/wp\/v2\/comments?post=5781"}],"version-history":[{"count":1,"href":"https:\/\/www.aquilaguna.com\/index.php\/wp-json\/wp\/v2\/posts\/5781\/revisions"}],"predecessor-version":[{"id":5783,"href":"https:\/\/www.aquilaguna.com\/index.php\/wp-json\/wp\/v2\/posts\/5781\/revisions\/5783"}],"wp:featuredmedia":[{"embeddable":true,"href":"https:\/\/www.aquilaguna.com\/index.php\/wp-json\/wp\/v2\/media\/5782"}],"wp:attachment":[{"href":"https:\/\/www.aquilaguna.com\/index.php\/wp-json\/wp\/v2\/media?parent=5781"}],"wp:term":[{"taxonomy":"category","embeddable":true,"href":"https:\/\/www.aquilaguna.com\/index.php\/wp-json\/wp\/v2\/categories?post=5781"},{"taxonomy":"post_tag","embeddable":true,"href":"https:\/\/www.aquilaguna.com\/index.php\/wp-json\/wp\/v2\/tags?post=5781"}],"curies":[{"name":"wp","href":"https:\/\/api.w.org\/{rel}","templated":true}]}}