{"id":5807,"date":"2021-11-24T20:17:50","date_gmt":"2021-11-25T02:17:50","guid":{"rendered":"https:\/\/www.aquilaguna.com\/?p=5807"},"modified":"2021-11-24T20:18:26","modified_gmt":"2021-11-25T02:18:26","slug":"aqui-laguna-83","status":"publish","type":"post","link":"https:\/\/www.aquilaguna.com\/index.php\/2021\/11\/24\/aqui-laguna-83\/","title":{"rendered":"Aqu\u00ed Laguna."},"content":{"rendered":"\n<p>\u00a1El Estado soy yo! \u00a0Los tiempos mexicanos que corren, \u00a0 y luego del &#8220;acuerdazo&#8221;\u00a0 que apareci\u00f3 publicado el lunes de esta semana en el Diario Oficial de la Federaci\u00f3n, que firmado por\u00a0 nuestro Presidente Andr\u00e9s Manuel L\u00f3pez Obrador, trajo a la memoria\u00a0 la fracesita\u00a0 citada, atribu\u00edda al aut\u00f3crata\u00a0 franc\u00e9s por antonomasia \u00a0 con la que se inicia el presente texto, que bien data all\u00e1, por el \u00a0 Siglo XVIII, por parte de\u00a0 Luis XIV quien fuera Rey\u00a0 de Francia \u00a0 que gobern\u00f3 en\u00a0 la\u00a0 cumbre del per\u00edodo absolutista en la historia de ese pa\u00eds. Toda\u00a0 proporci\u00f3n guardada obvio, con los tiempos\u00a0 y r\u00e9gimen nuestros\u00a0 pero que en el fondo\u00a0 tal disposici\u00f3n\u00a0 exhibe el talante que anima\u00a0 la gesti\u00f3n del titular del Ejecutivo de M\u00e9xico,\u00a0 para\u00a0 blindar con\u00a0 silencio, con total opacidad \u00a0 acceso ciudadano a la informaci\u00f3n sobre tal o cual obra, su proyecto, ejecuci\u00f3n, recursos destinados, etc.,\u00a0 contratistas asignados\u00a0 que eran, incluso en el satanizado per\u00edodo neoliberal, posibles para todos los mexicanos,\u00a0 bajo el argumento, discrecional\u00a0, en ejercicio de las facultades metalegales que\u00a0 envuelven el ejercicio del Poder Ejecutivo para \u00a0 sacar de\u00a0 cualquier aparador p\u00fablico las obras de su gobierno que el considera, desde su perspectiva\u00a0 \u00a0 de tal nivel de\u00a0 inter\u00e9s que las equipara\u00a0 como factores de la seguridad nacional y de inter\u00e9s publico. Nada mas, nada menos.<\/p>\n\n\n\n<p>Y a la luz de sus impactos tal disposici\u00f3n, \u00e9stas nuevas atribuciones&nbsp; auto asignadas a trav\u00e9s del&nbsp; &#8220;acuerdazo&#8221; &nbsp; y que le da al gobierno federal un margen a partir de cinco d\u00edas y hasta un a\u00f1o, tal cobertura de silencio a la obra que sea de su inter\u00e9s mantenerla en el misterio&nbsp; y que&nbsp; &nbsp; trasladada a la pr\u00e1ctica, constituye finalmente&nbsp; una&nbsp; limitaci\u00f3n a derechos ciudadanos, como es el caso del&nbsp; Amparo &nbsp; -o&nbsp; acci\u00f3n de inconstitucionalidad-,&nbsp; uno de los escasos elementos jur\u00eddicos que la Constituci\u00f3n otorga a los ciudadanos, para frenar, oponerse incluso a cualquier&nbsp; hecho que considere exceso o abuso de poder del Estado, as\u00ed sea que el raz\u00f3n reconocida por el Ejecutivo Federal para &nbsp; imponer esta disposici\u00f3n de blindaje, sea el de evitar, evadir&nbsp; las engorras rutas&nbsp; que la burocracia &nbsp; &nbsp; genera&nbsp; y que en el este caso, se&nbsp; argumenta, retrasa, frena la realizaci\u00f3n expedita de los proyectos de obra p\u00fablica que es del inter\u00e9s del Presidente. Y bueno, para empezar ah\u00ed tiene Usted ya al INE &nbsp; dispuesto a recurrir&nbsp; al Juicio de Amparo&nbsp; por el Poder Judicial &nbsp; revise tal acuerdazo&#8230;<\/p>\n\n\n\n<p>Y aterrizando, diremos que \u00e9sta&nbsp; disposici\u00f3n aparece ir dirigida al ejercicio del &#8220;Proyecto Agua Saludable para la Laguna&#8221;, el \u00fanico proyecto del Gobierno Federal que tiene como destino&nbsp; a los laguneros, proyecto cuyo objetivo&nbsp; sin duda, nadie objeta, y que no es otro que atender a fondo&nbsp; el hist\u00f3rico problema de la contaminaci\u00f3n&nbsp; por ars\u00e9nico&nbsp; de sus aguas. Nadie en su sano juicio puede oponerse a tal objetivo que tantas y tantas vidas cuesta, de ah\u00ed que el presidente AMLO debe dejar retorica atr\u00e1s y se\u00f1alar&nbsp; quienes concretamente, con nombre y apellido son los laguneros que se&nbsp; oponen &nbsp; a tal proyecto,&nbsp; pero no solo lanza&nbsp; argumentos&nbsp; dignos de alg\u00fan predicador, con lo que se enrarece, sobre todo cuando ya AMLO en escenario p\u00fablico se allan\u00f3 para&nbsp; el inicio de las obras del proyecto mencionado,&nbsp; una vez que Francisco P\u00e9rez Gasga&nbsp; y su grupo de ambientalistas declinaron&nbsp; seguir adelante con un juicio de Amparo que iba en camino de resultarles positivo, solo que a AMLO no se le inform\u00f3&nbsp; o no quiso reconocer, que al d\u00eda que&nbsp; p\u00fablicamente&nbsp; se dijo allanado&nbsp; &nbsp; y&nbsp; dio banderazo para el inicio del &#8220;Proyecto de Agua Saludable&#8221;, hab\u00edan ya en marcha otros dos nuevos juicios de Amparo&nbsp; por parte de grupos campesinos &nbsp; de &nbsp; ejidos ubicados al inicio del tramo del R\u00edo Nazas, a partir de la Presa L\u00e1zaro C\u00e1rdenas y que reclaman, conforme a Derecho, se les respeten los terrenos ah\u00ed ubicados y&nbsp; utilizados como \u00e1reas de estiaje, adem\u00e1s de que reclaman y con justa raz\u00f3n, la indemnizaci\u00f3n que desde 1947 les adeuda el Gobierno Federal por concepto de expropiaci\u00f3n de tierras ejidales de su propiedad y que no ha sido liquidada&nbsp;y por eso, anda por ah\u00ed &#8220;socialziando&#8221; aun entre los campesinos&nbsp; en pie de guerra, acompa\u00f1ado del director de la CONAGUA as\u00ed como del embajador pleinpotenciario Gabriel L\u00f3pez Hern\u00e1ndez, para tratar de &nbsp; que los campesinos en rebeld\u00eda declinen del ejercicio de lo que consideran sus derechos.<\/p>\n\n\n\n<p>Y diremos que a ninguna ley se le dar\u00e1 car\u00e1cter retroactivo, veremos si \u00e9ste principio de Derecho&nbsp; que garantiza la Constituci\u00f3n tambi\u00e9n&nbsp; vaya a ser objeto de alg\u00fan nuevo &#8220;acuerdazo o decretazo&#8221;, seg\u00fan sea el caso&#8230;<\/p>\n\n\n\n<p>Y en las v\u00edsperas, de que Coahuila&nbsp; conozca&nbsp; los resultados que arroja&nbsp; la administraci\u00f3n del Ingeniero Miguel Angel Riquelme Solis, y que tendr\u00e1 lugar el pr\u00f3ximo d\u00eda 30 del presente,&nbsp; en la sede del Congreso&nbsp; ubicado en la ciudad capital del Estado y para el cual solo est\u00e1n siendo requeridos 190&nbsp; invitados, obvio &nbsp; figurando entre los principales, es decir, ocupar\u00e1n las primeras filas del apretado&nbsp; cupo del recinto legislativo, ser\u00e1n los diputados federales y los locales,&nbsp; los lideres empresariales y principales &nbsp; funcionarios y titulares de los poderes Judicial y el propio Legislativo que figura en esta ocasi\u00f3n como anfitri\u00f3n.<\/p>\n\n\n\n<p>Diremos que de los resultados&nbsp; los coahuilenses han&nbsp; venido siendo informados casi semanalmente,&nbsp; y desde aqu\u00ed, de Torre\u00f3n donde&nbsp; tras&nbsp; celebrar semanalmente la Reuni\u00f3n del&nbsp; Subcomit\u00e9 de Salud de la regi\u00f3n lagunera, instrumento que devino en los hechos en factor de gobernabilidad a lo largo de las&nbsp; complejas condiciones que impuso la pandemia&nbsp; en los temas que han devenido &nbsp; el principal inter\u00e9s del&nbsp; su gobierno en materia de salud, educaci\u00f3n y reactivaci\u00f3n econ\u00f3mica, seg\u00fan agenda que fija, qui\u00e9rase o no&nbsp; el proceso que sigue caprichosamente la pandemia del Covid-19, y adem\u00e1s como novedad, de cara al inicio del V&nbsp; a\u00f1o de gesti\u00f3n, que contendr\u00e1&nbsp; sin duda &nbsp; el plan de obra p\u00fablica, tema que si bien no se ha dejado en ayunas, tendr\u00e1 que fortalecerse para superar los retos &nbsp; que requiere&nbsp; en materia de conectividad el Estado, y&nbsp; sobre todo, como y conque se habr\u00e1 de enfrentar ante la sequ\u00eda presupuestal impuesta, sin descuidar otro tema&nbsp; prioritario como lo es el de la seguridad p\u00fablica, ante la descomposici\u00f3n que se advierte en Estados vecinos en esta materia&#8230;<\/p>\n\n\n\n<p>Y en Torre\u00f3n,&nbsp; finalmente el Gobierno del Estado hizo entrega a los laguneros del Parque Ecol\u00f3gico y Tur\u00edstico&nbsp; del Cerro de las Noas, construcci\u00f3n&nbsp; que entrega al sitio, el plus que &nbsp; era&nbsp; indispensable&nbsp; para alcanzar las metas&nbsp; esperadas&nbsp; con&nbsp; un centro de atracci\u00f3n de visitantes y turistas en torno al santuario del Criisto&nbsp; Rey. Seg\u00fan se pudo advertir en la ceremonia de inauguraci\u00f3n que concentr\u00f3 nutrido grupo de asistentes e invitados a la ceremonia celebrada exprofeso,&nbsp; que la Iglesia Cat\u00f3lica y sus representantes, han entrado al aro, y en coordinaci\u00f3n con las autoridades trabajan ya en relativa armon\u00eda, luego de vencerse las resistencias que se generaran tras la muerte del sacerdote Jos\u00e9 Rodriguez Tenorio,&nbsp; creador y alma de tal sitio.<\/p>\n\n\n\n<p>Incluso diremos que&nbsp; el alcalde Jorge Zerme\u00f1o Infante&nbsp; en su intervenci\u00f3n no regateo reconocimiento alguno al esfuerzo del Gobierno del Estado por concretar &nbsp; el proyecto integral para dar a Torre\u00f3n elementos e infraestructura que incluye al propio Telef\u00e9rico, iniciado precisamente cuando Riquelme Solis&nbsp; fungiera como alcalde de la Perla de la Laguna&#8230;<\/p>\n\n\n\n<p>Y &nbsp; con la pena,&nbsp; pero ya&nbsp; nos enteramos&nbsp; como nuestro charrito nylon Pablo Montero, anda&nbsp; por all\u00e1 en Venezuela&nbsp; agasajando nada menos que a Nicol\u00e1s Maduro en sus redes sociales&#8230;<\/p>\n\n\n\n<p>Y&nbsp; hoy Coahuila retorn\u00f3 al sem\u00e1foro amarillo, debido al aumento de&nbsp; sus \u00edndices de hospitalizaci\u00f3n por Covid-19. Aunque por ahora no hay alarma, no debe de&nbsp; dejarse de considerar que&nbsp;en Europa ya se encuentran&nbsp; en el inicio de una Cuarta Ola&nbsp; de \u00e9sta inacabable pandemia de&nbsp; Covid-19, de ah\u00ed que a reforzar &nbsp; toda medida de prevenci\u00f3n que hasta ahora hab\u00edan venido &nbsp; dando&nbsp; resultados &nbsp; para &nbsp; &nbsp; la contenci\u00f3n local del virus. Cuid\u00e9monos pues mas que nunca&#8230;<\/p>\n","protected":false},"excerpt":{"rendered":"<p>\u00a1El Estado soy yo! \u00a0Los tiempos mexicanos que corren, \u00a0 y luego del &#8220;acuerdazo&#8221;\u00a0 que apareci\u00f3 publicado el lunes de esta semana en el Diario Oficial de la Federaci\u00f3n, que firmado por\u00a0 nuestro Presidente Andr\u00e9s Manuel L\u00f3pez Obrador, trajo a la memoria\u00a0 la fracesita\u00a0 citada, atribu\u00edda al aut\u00f3crata\u00a0 franc\u00e9s por antonomasia \u00a0 con la que se inicia el presente texto, que bien data all\u00e1, por el \u00a0 Siglo XVIII, por&#8230;<\/p>\n","protected":false},"author":2,"featured_media":0,"comment_status":"closed","ping_status":"","sticky":false,"template":"","format":"standard","meta":{"footnotes":""},"categories":[8],"tags":[],"class_list":["post-5807","post","type-post","status-publish","format-standard","hentry","category-aqui-laguna","wpcat-8-id"],"_links":{"self":[{"href":"https:\/\/www.aquilaguna.com\/index.php\/wp-json\/wp\/v2\/posts\/5807","targetHints":{"allow":["GET"]}}],"collection":[{"href":"https:\/\/www.aquilaguna.com\/index.php\/wp-json\/wp\/v2\/posts"}],"about":[{"href":"https:\/\/www.aquilaguna.com\/index.php\/wp-json\/wp\/v2\/types\/post"}],"author":[{"embeddable":true,"href":"https:\/\/www.aquilaguna.com\/index.php\/wp-json\/wp\/v2\/users\/2"}],"replies":[{"embeddable":true,"href":"https:\/\/www.aquilaguna.com\/index.php\/wp-json\/wp\/v2\/comments?post=5807"}],"version-history":[{"count":2,"href":"https:\/\/www.aquilaguna.com\/index.php\/wp-json\/wp\/v2\/posts\/5807\/revisions"}],"predecessor-version":[{"id":5809,"href":"https:\/\/www.aquilaguna.com\/index.php\/wp-json\/wp\/v2\/posts\/5807\/revisions\/5809"}],"wp:attachment":[{"href":"https:\/\/www.aquilaguna.com\/index.php\/wp-json\/wp\/v2\/media?parent=5807"}],"wp:term":[{"taxonomy":"category","embeddable":true,"href":"https:\/\/www.aquilaguna.com\/index.php\/wp-json\/wp\/v2\/categories?post=5807"},{"taxonomy":"post_tag","embeddable":true,"href":"https:\/\/www.aquilaguna.com\/index.php\/wp-json\/wp\/v2\/tags?post=5807"}],"curies":[{"name":"wp","href":"https:\/\/api.w.org\/{rel}","templated":true}]}}