{"id":5814,"date":"2021-11-25T17:25:06","date_gmt":"2021-11-25T23:25:06","guid":{"rendered":"https:\/\/www.aquilaguna.com\/?p=5814"},"modified":"2021-11-25T17:25:07","modified_gmt":"2021-11-25T23:25:07","slug":"alcalde-acude-a-inauguracion-de-nueva-planta-tratadora-del-grupo-lala","status":"publish","type":"post","link":"https:\/\/www.aquilaguna.com\/index.php\/2021\/11\/25\/alcalde-acude-a-inauguracion-de-nueva-planta-tratadora-del-grupo-lala\/","title":{"rendered":"Alcalde acude a inauguraci\u00f3n de nueva planta tratadora del Grupo Lala."},"content":{"rendered":"\n<p>Para reconocer una actitud responsable con el medio ambiente, hoy el alcalde de Torre\u00f3n, Jorge Zerme\u00f1o Infante, acudi\u00f3 a la inauguraci\u00f3n de la planta tratadora de aguas residuales dentro del complejo de Grupo Lala, en la Ciudad Industrial.<\/p>\n\n\n\n<p>El mun\u00edcipe se\u00f1al\u00f3 que vivimos en una regi\u00f3n semides\u00e9rtica donde hay que cuidar el agua y reutilizarla lo mejor posible, as\u00ed el Municipio ya cuenta con una planta tratadora cuyo producto se vende a industrias del rumbo de Mieleras y otras colonias tienen ya sus propias plantas, lo que se traduce en una buena pr\u00e1ctica que poco a poco se convierte en cuidado y la cultura del agua en la regi\u00f3n.<\/p>\n\n\n\n<p>Con los excedentes de este proceso de reutilizaci\u00f3n de l\u00edquidos se planea brindar apoyo a colonias como Vi\u00f1edos y El Fresno, para usarlos en el riego de \u00e1reas verdes, as\u00ed se buscar\u00e1 el acercamiento con el Sistema Municipal de Agua y Saneamiento (Simas), para que la ciudad pueda aprovechar este recurso que es de gran calidad debido a su tratamiento.&nbsp; Finalmente el alcalde realiz\u00f3 un recorrido por las nuevas instalaciones.<\/p>\n\n\n\n<p>Tambi\u00e9n estuvieron presentes por Grupo Lala Antonio Hern\u00e1ndez Astorga, vicepresidente de Manufactura y Atenci\u00f3n a Socios, Yesid Arriaga Ornelas, director de Manufacturas Derivados, as\u00ed como Juan Jos\u00e9 G\u00f3mez Hern\u00e1ndez, gerente general de SIMAS Torre\u00f3n.<\/p>\n","protected":false},"excerpt":{"rendered":"<p>Para reconocer una actitud responsable con el medio ambiente, hoy el alcalde de Torre\u00f3n, Jorge Zerme\u00f1o Infante, acudi\u00f3 a la inauguraci\u00f3n de la planta tratadora de aguas residuales dentro del complejo de Grupo Lala, en la Ciudad Industrial. El mun\u00edcipe se\u00f1al\u00f3 que vivimos en una regi\u00f3n semides\u00e9rtica donde hay que cuidar el agua y reutilizarla lo mejor posible, as\u00ed el Municipio ya cuenta con una planta tratadora cuyo producto se&#8230;<\/p>\n","protected":false},"author":1,"featured_media":5815,"comment_status":"closed","ping_status":"closed","sticky":false,"template":"","format":"standard","meta":{"footnotes":""},"categories":[5,28,7],"tags":[],"class_list":["post-5814","post","type-post","status-publish","format-standard","has-post-thumbnail","hentry","category-coahuila","category-la-laguna","category-torreon","wpcat-5-id","wpcat-28-id","wpcat-7-id"],"_links":{"self":[{"href":"https:\/\/www.aquilaguna.com\/index.php\/wp-json\/wp\/v2\/posts\/5814","targetHints":{"allow":["GET"]}}],"collection":[{"href":"https:\/\/www.aquilaguna.com\/index.php\/wp-json\/wp\/v2\/posts"}],"about":[{"href":"https:\/\/www.aquilaguna.com\/index.php\/wp-json\/wp\/v2\/types\/post"}],"author":[{"embeddable":true,"href":"https:\/\/www.aquilaguna.com\/index.php\/wp-json\/wp\/v2\/users\/1"}],"replies":[{"embeddable":true,"href":"https:\/\/www.aquilaguna.com\/index.php\/wp-json\/wp\/v2\/comments?post=5814"}],"version-history":[{"count":1,"href":"https:\/\/www.aquilaguna.com\/index.php\/wp-json\/wp\/v2\/posts\/5814\/revisions"}],"predecessor-version":[{"id":5816,"href":"https:\/\/www.aquilaguna.com\/index.php\/wp-json\/wp\/v2\/posts\/5814\/revisions\/5816"}],"wp:featuredmedia":[{"embeddable":true,"href":"https:\/\/www.aquilaguna.com\/index.php\/wp-json\/wp\/v2\/media\/5815"}],"wp:attachment":[{"href":"https:\/\/www.aquilaguna.com\/index.php\/wp-json\/wp\/v2\/media?parent=5814"}],"wp:term":[{"taxonomy":"category","embeddable":true,"href":"https:\/\/www.aquilaguna.com\/index.php\/wp-json\/wp\/v2\/categories?post=5814"},{"taxonomy":"post_tag","embeddable":true,"href":"https:\/\/www.aquilaguna.com\/index.php\/wp-json\/wp\/v2\/tags?post=5814"}],"curies":[{"name":"wp","href":"https:\/\/api.w.org\/{rel}","templated":true}]}}