{"id":5825,"date":"2021-11-25T17:31:25","date_gmt":"2021-11-25T23:31:25","guid":{"rendered":"https:\/\/www.aquilaguna.com\/?p=5825"},"modified":"2021-11-25T17:31:25","modified_gmt":"2021-11-25T23:31:25","slug":"firma-fcc-convenio-de-colaboracion-con-cej-coparmex-coahuila-sureste","status":"publish","type":"post","link":"https:\/\/www.aquilaguna.com\/index.php\/2021\/11\/25\/firma-fcc-convenio-de-colaboracion-con-cej-coparmex-coahuila-sureste\/","title":{"rendered":"Firma FCC Convenio de Colaboraci\u00f3n con CEJ Coparmex Coahuila Sureste."},"content":{"rendered":"\n<p>SALTILLO, Coahuila. 25 de noviembre de 2021.- Para brindar herramientas en<br>materia de emprendimiento a su comunidad estudiantil e impulsar acciones que<br>fomenten el liderazgo, la Facultad de Ciencias de la Comunicaci\u00f3n de la<br>Universidad Aut\u00f3noma de Coahuila, este jueves, firm\u00f3 un convenio de<br>colaboraci\u00f3n con la Comisi\u00f3n Empresarial de J\u00f3venes de COPARMEX Coahuila<br>Sureste.<\/p>\n\n\n\n<p>El documento fue signado por el coordinador general de Innovaci\u00f3n y Vinculaci\u00f3n<br>Productiva de la UAdeC, Octavio Pimentel Mart\u00ednez, la directora de la FCC,<br>Gabriela de la Pe\u00f1a Astorga, el director del Centro Empresarial Coahuila Sureste,<br>Miguel Monroy Robles y el presidente de la Comisi\u00f3n Empresarial de J\u00f3venes<br>COPARMEX Coahuila Sureste, Jes\u00fas Esa\u00fal Garc\u00eda Cervantes.<\/p>\n\n\n\n<p>En su mensaje, el coordinador general de Innovaci\u00f3n y Vinculaci\u00f3n Productiva,<br>Octavio Pimentel Mart\u00ednez, expres\u00f3 que el convenio reafirma el compromiso de la<br>Universidad para fortalecer la formaci\u00f3n de los alumnos, la competitividad y el<br>desarrollo regional, al ser un eje estrat\u00e9gico de enlace entre la comunidad<br>universitaria y los diferentes sectores.<\/p>\n\n\n\n<p>La directora Gabriela de la Pe\u00f1a, celebr\u00f3 la iniciativa, la cual brinda oportunidades<br>de desarrollo profesional a los estudiantes que pondr\u00e1n en pr\u00e1ctica sus<br>competencias comunicativas en las distintas \u00e1reas del Cap\u00edtulo de<br>Emprendimiento de la FCC COPARMEX, a la vez que podr\u00e1n adquirir destrezas y<br>habilidades para ser principales promotores del impulso del emprendimiento en la<br>instituci\u00f3n, adem\u00e1s de ayudar a los j\u00f3venes que deseen iniciar con su negocio.<\/p>\n\n\n\n<p>Por su parte, el director del Centro Empresarial Coahuila Sureste, Miguel Monroy<br>Robles, destac\u00f3 el inter\u00e9s de la m\u00e1xima casa de estudios para establecer lazos<br>entre ambas instituciones, los cuales coadyuvan en la formaci\u00f3n integral de los<br>estudiantes, asimismo, coment\u00f3 que el tema de la Educaci\u00f3n es de relevancia<br>para los Consejos Empresariales, ya que, a trav\u00e9s de ella, se puede influir en el<br>desarrollo y competitividad del pa\u00eds.<\/p>\n\n\n\n<p>Las autoridades tomaron protesta a los estudiantes que conformar\u00e1n el Cap\u00edtulo<br>de Emprendimiento de la FCC COPARMEX: en el rubro de Responsabilidad<br>Social, Brissey Pati\u00f1o, en Participaci\u00f3n Social, Lizeth Galv\u00e1n, en Relaciones<br>Internacionales, Abryl Adame, en Comunicaci\u00f3n, Andrea Nogales, en Creatividad<br>Emprendedora, M\u00f3nica Valdez, en Relaciones P\u00fablicas, Brenda Esquivel y en<br>Coordinaci\u00f3n General, Marco Ju\u00e1rez.<\/p>\n\n\n\n<p>De igual forma, como parte de las actividades se imparti\u00f3 la conferencia \u201c\u00bfQu\u00e9 es<br>la COPARMEX?\u201d a cargo del presidente de la Comisi\u00f3n Empresarial de J\u00f3venes<br>Coahuila Sureste, Jes\u00fas Esa\u00fal Garc\u00eda Cervantes, quien coment\u00f3 que, la Red de<br>Cap\u00edtulos Universitarios de la organizaci\u00f3n, busca promover el emprendimiento de<br>las empresas creadas por la poblaci\u00f3n joven de la regi\u00f3n.<\/p>\n\n\n\n<p>La Comisi\u00f3n Empresarial de J\u00f3venes de COPARMEX Coahuila Sureste se<br>mantiene activa con distintas actividades, que van desde la organizaci\u00f3n de<br>talleres, paneles, exposiciones, y firmas de convenio, as\u00ed como el desarrollo de<br>herramientas indispensables para la creaci\u00f3n de nuevos proyectos de<br>emprendimiento.<\/p>\n","protected":false},"excerpt":{"rendered":"<p>SALTILLO, Coahuila. 25 de noviembre de 2021.- Para brindar herramientas enmateria de emprendimiento a su comunidad estudiantil e impulsar acciones quefomenten el liderazgo, la Facultad de Ciencias de la Comunicaci\u00f3n de laUniversidad Aut\u00f3noma de Coahuila, este jueves, firm\u00f3 un convenio decolaboraci\u00f3n con la Comisi\u00f3n Empresarial de J\u00f3venes de COPARMEX CoahuilaSureste. El documento fue signado por el coordinador general de Innovaci\u00f3n y Vinculaci\u00f3nProductiva de la UAdeC, Octavio Pimentel Mart\u00ednez, la directora&#8230;<\/p>\n","protected":false},"author":1,"featured_media":5826,"comment_status":"closed","ping_status":"closed","sticky":false,"template":"","format":"standard","meta":{"footnotes":""},"categories":[2],"tags":[],"class_list":["post-5825","post","type-post","status-publish","format-standard","has-post-thumbnail","hentry","category-uadec","wpcat-2-id"],"_links":{"self":[{"href":"https:\/\/www.aquilaguna.com\/index.php\/wp-json\/wp\/v2\/posts\/5825","targetHints":{"allow":["GET"]}}],"collection":[{"href":"https:\/\/www.aquilaguna.com\/index.php\/wp-json\/wp\/v2\/posts"}],"about":[{"href":"https:\/\/www.aquilaguna.com\/index.php\/wp-json\/wp\/v2\/types\/post"}],"author":[{"embeddable":true,"href":"https:\/\/www.aquilaguna.com\/index.php\/wp-json\/wp\/v2\/users\/1"}],"replies":[{"embeddable":true,"href":"https:\/\/www.aquilaguna.com\/index.php\/wp-json\/wp\/v2\/comments?post=5825"}],"version-history":[{"count":1,"href":"https:\/\/www.aquilaguna.com\/index.php\/wp-json\/wp\/v2\/posts\/5825\/revisions"}],"predecessor-version":[{"id":5827,"href":"https:\/\/www.aquilaguna.com\/index.php\/wp-json\/wp\/v2\/posts\/5825\/revisions\/5827"}],"wp:featuredmedia":[{"embeddable":true,"href":"https:\/\/www.aquilaguna.com\/index.php\/wp-json\/wp\/v2\/media\/5826"}],"wp:attachment":[{"href":"https:\/\/www.aquilaguna.com\/index.php\/wp-json\/wp\/v2\/media?parent=5825"}],"wp:term":[{"taxonomy":"category","embeddable":true,"href":"https:\/\/www.aquilaguna.com\/index.php\/wp-json\/wp\/v2\/categories?post=5825"},{"taxonomy":"post_tag","embeddable":true,"href":"https:\/\/www.aquilaguna.com\/index.php\/wp-json\/wp\/v2\/tags?post=5825"}],"curies":[{"name":"wp","href":"https:\/\/api.w.org\/{rel}","templated":true}]}}