{"id":5836,"date":"2021-11-25T23:32:39","date_gmt":"2021-11-26T05:32:39","guid":{"rendered":"https:\/\/www.aquilaguna.com\/?p=5836"},"modified":"2021-11-25T23:32:39","modified_gmt":"2021-11-26T05:32:39","slug":"mujeres-victimas-de-violencia-de-genero-cuentan-con-apoyo-del-gobierno-del-estado-de-coahuila","status":"publish","type":"post","link":"https:\/\/www.aquilaguna.com\/index.php\/2021\/11\/25\/mujeres-victimas-de-violencia-de-genero-cuentan-con-apoyo-del-gobierno-del-estado-de-coahuila\/","title":{"rendered":"Mujeres v\u00edctimas de violencia de g\u00e9nero cuentan con apoyo del Gobierno del Estado de Coahuila."},"content":{"rendered":"\n<p>Torre\u00f3n, Coahuila.- Afirma la Licenciada Martha Rodr\u00edguez Romero, Directora General del Centro  de\u00a0 Justicia\u00a0 y Empoderamiento\u00a0 de la Mujer,\u00a0 que en Coahuila, &#8220;las mujeres v\u00edctimas de violencia de g\u00e9nero,\u00a0 cuentan con\u00a0 acceso y acompa\u00f1amiento en sus demandas de justicia, de\u00a0 manera gratuita y expedita, que proporciona el Gobierno\u00a0 Estatal,\u00a0 por ello, las mujeres\u00a0 coahuilenses v\u00edctimas de violencia no est\u00e1n solas,\u00a0 cuentan con\u00a0 \u00a0 los servicios \u00a0 profesionales\u00a0 \u00a0 y herramientas jur\u00eddicas\u00a0 creadas exprofeso, vigentes cotidianamente a pesar de las conocidas restricciones presupuestarias vigentes&#8221;.\u00a0\u00a0\u00a0\u00a0<\/p>\n\n\n\n<p>Abordada \u00a0 con motivo este d\u00eda de la conmemoraci\u00f3n del Dia Internacional de la Lucha Contra la Violencia de g\u00e9nero, que se lleva a cabo desde la perspectiva de diversas posiciones de los grupos feministas que participan en esta acci\u00f3n, estim\u00f3 que en materia de avance en ello\u00a0 Coahuila,\u00a0 ha sido pionero.<\/p>\n\n\n\n<p>Argument\u00f3 la funcionaria \u00a0que, &#8220;Coahuila es referente nacional en materia de trabajo en pro de la erradicaci\u00f3n de la violencia, fen\u00f3meno que abarca \u00a0 m\u00faltiples\u00a0 aristas, y que van desde su\u00a0 \u00a0 prevenci\u00f3n hasta el tratamiento que se le da a las mujeres, ni\u00f1os y ni\u00f1as \u00a0que\u00a0 la viven&#8221;.<\/p>\n\n\n\n<p>Analiz\u00f3\u00a0que el concepto de violencia se registra hist\u00f3ricamente desde hace muchos a\u00f1os, a nivel mundial, no solo en M\u00e9xico, pero acept\u00f3 que, &#8220;en efecto, la\u00a0 violencia\u00a0 es cultural, que ha sido socializado\u00a0 dentro\u00a0 de los roles de g\u00e9nero que se nos fueron asignando\u00a0 a cada uno de los sexos,\u00a0 y en el que la mujer se desenvolvi\u00f3 en\u00a0 desventaja&#8221;.\u00a0<\/p>\n\n\n\n<p>&#8220;Esto quiere decir que al d\u00eda de hoy, seguimos viviendo dentro del patriarcado, por mas avances que haya y que la mujer lo\u00a0 haya logrado, al fomentarse una cultura\u00a0 de denuncia,\u00a0 y que la mujer \u00a0 tiene hoy\u00a0 herramientas que\u00a0 son gratuitas y que tiene acceso al empoderamiento a trav\u00e9s del tema psicol\u00f3gico, educativo, cultural, social, laboral, etc&#8221;.\u00a0<\/p>\n\n\n\n<p>Con todo y ello, dice la funcionaria, &#8220;cambiar el patr\u00f3n cultural existente en \u00e9ste tema, es\u00a0 claro, muy dif\u00edcil, pero no imposible. S\u00ed se puede cambiar&#8221;.<\/p>\n\n\n\n<p>&#8220;Pero,\u00a0 para ello, tiene requiere \u00a0 ir de la\u00a0 mano\u00a0 \u00a0 sociedad y gobierno, tanto con pol\u00edticas p\u00fablicas acertadas, como con la socializaci\u00f3n correspondiente\u00a0 de la ciudadan\u00eda de querer erradicar la violencia&#8221;.<\/p>\n\n\n\n<p>Preguntada su opini\u00f3n sobre las expresiones radicales de lucha de grupos feministas contra \u00e9ste\u00a0 fen\u00f3meno de la violencia de g\u00e9nero, como lo que se han venido registrando en \u00e9sta ciudad y otras del pa\u00eds\u00a0 por \u00e9ste tema, afirm\u00f3 que, &#8220;esto tiene que ver con un tema de dolor, de rabia&#8221;.<\/p>\n\n\n\n<p>Explic\u00f3 que, &#8220;dentro del Feminismo, hay muchas corrientes, la radicalizadas, las semi-radicalizadas, \u00a0 de feminismos centrados en la igualdad, el feminismo capitalista, etc., hay varias formas pues&#8221;.<\/p>\n\n\n\n<p>&#8220;Si hablamos del feminismo radicalizado, \u00e9ste\u00a0 tiene\u00a0que ver con una lucha basada en el dolor que sienten y lo externan de\u00a0 manera violenta, con gritos, rayando paredes para poder\u00a0 ser visualizadas, pues eso&#8221;, afirm\u00f3, &#8220;es lo que ellas buscan&#8221;.<\/p>\n\n\n\n<p>Preguntada sobre\u00a0 su opini\u00f3n en \u00e9sta materia de avance por erradicar la violencia contra la mujer, la\u00a0 licenciada Rodr\u00edguez Romero,\u00a0 afirm\u00f3 que, &#8220;yo creo que Coahuila a ra\u00edz de crear y aplicar las pol\u00edticas p\u00fablicas que en \u00e9ste tema\u00a0 despliegan, por ejemplo en la mejora de leyes que regulan y dan acceso a\u00a0 la mujer a una vida libre de violencia, incluye\u00a0 \u00a0 el \u00e1rea legislativa y que nosotros a trav\u00e9s de los cinco Centros de Justicia y Empoderamiento\u00a0 de la Mujer \u00a0 manejamos, \u00a0 ya que en ning\u00fan Estado de la Rep\u00fablica cuentan\u00a0 con ello, como es el caso de nuestras entidad con\u00a0 el funcionamiento de cinco centros de\u00a0\u00e9ste tipo, y el Gobierno del Estado est\u00e1 por entregar otro mas&#8221;.<\/p>\n\n\n\n<p>Adem\u00e1s, afirm\u00f3, &#8220;todos estos Centros de\u00a0Justicia est\u00e1n certificados por CONAVIN, pues para poder tener un modelo de atenci\u00f3n como el que Coahuila tiene se requiere de muchos recursos y de mucha especializaci\u00f3n y profesionalizaci\u00f3n, tanto del personal como de las \u00e1reas donde se\u00a0 va a tratar esta problem\u00e1tica&#8221;.<\/p>\n\n\n\n<p>&#8220;Por eso mismo, dice los Centros de Justicia y Empoderamiento tienen un Modelo \u00danico, de manera integral se da la atenci\u00f3n para que las mujeres que ah\u00ed acuden no tengan que andar peregrinando de una dependencia a otra, sufriendo revictimizaci\u00f3n&#8221;.<\/p>\n\n\n\n<p>&#8220;El tema de estos centros, es ese, b\u00e1sicamente con dos objetivos, que la mujer tenga acceso a la justicia y su acceso al empoderamiento&#8221;.<\/p>\n\n\n\n<p>Dio a conoce luego que en el centro que opera para las mujeres de la Laguna, en materia de servicios prestados a lo largo del presente a\u00f1o, asegur\u00f3 que,\u00a0 &#8220;ha superado ya a los prestados a lo largo del 2019  y que suman\u00a0 12,000 atenciones, tanto a usuarios mujeres\u00a0y ni\u00f1os&#8221;.<\/p>\n\n\n\n<p>Reconoci\u00f3 que, &#8220;lo ideal ser\u00eda que\u00a0 no existieran estos centros, lo que indicar\u00eda que la batalla contra la violencia de g\u00e9nero\u00a0 ha sido ganada, pero no es as\u00ed, la lucha por ello sigue, es tarea tit\u00e1nica\u00a0 nos falta\u00a0 mucho&#8221;.<\/p>\n\n\n\n<p>Inform\u00f3 luego que, &#8220;Coahuila cuenta con el \u00fanico modelo en el Poder Judicial para poder llevar los juicios especializados a trav\u00e9s de\u00a0 Juzgados \u00eddem, creados este a\u00f1o en el mes de enero para poder asegurar a las mujeres que son v\u00edctimas de violencia, desde \u00a0 el primer momento,\u00a0 el tema de separaci\u00f3n de cuerpos, pues muchas est\u00e1n viviendo con sus agresores,\u00a0 la inmediata resoluci\u00f3n del tema de alimentos y\u00a0 de la custodia\u00a0 en el caso de menores&#8221;.<\/p>\n\n\n\n<p>De inicio, indic\u00f3,\u00a0 &#8220;es tarea de un juez, pues la tarea de los Juzgados\u00a0 Especializados es poder llevar la causa penal y familiar en un solo proceso, pues antes eran juicios\u00a0 separados, lo\u00a0 que era sumamente\u00a0 complicado&#8221;.<\/p>\n\n\n\n<p>&#8220;La idea hoy es, aplicar tales procedimientos\u00a0 en uno solo, para que la mujer\u00a0 pueda\u00a0 obtener\u00a0 justicia de la manera mas expedita posible&#8221;.\u00a0<\/p>\n\n\n\n<p>Preguntada\u00a0 su evaluaci\u00f3n\u00a0 sobre los trabajos realizados bajo su Direcci\u00f3n en el Centro a su cargo como Directora General del Centro de Justicia y Empoderamiento de la Mujer, la licenciada Rodr\u00edguez Romero,\u00a0 reconoci\u00f3 que, &#8220;el Gobernador\u00a0 Miguel\u00a0 Angel Riquelme Solis ha sido un hombre muy preocupado y ocupado\u00a0 en el tema por erradicar la violencia de genero\u00a0 y por eso mismo, no ha regateado recurso\u00a0 presupuestario alguno para ello, a pesar\u00a0 de que\u00a0 en\u00a0 la Federaci\u00f3n est\u00e1 mas que complicado\u00a0 tal tema&#8221;,<\/p>\n\n\n\n<p>&#8220;En Coahuila los Centros de Justicia y Empoderamiento\u00a0 siguen operando al cien\u00a0 y\u00a0 se est\u00e1n abriendo\u00a0 m\u00f3dulos en aquellos\u00a0 poblaciones\u00a0 que no cuentan con\u00a0 uno de estos, con el objetivo de que ninguna mujer que requiera de su acompa\u00f1amiento carezca de este y con ello pueda acceder a la justicia que\u00a0 busca y requiere&#8221;.<\/p>\n","protected":false},"excerpt":{"rendered":"<p>Torre\u00f3n, Coahuila.- Afirma la Licenciada Martha Rodr\u00edguez Romero, Directora General del Centro de\u00a0 Justicia\u00a0 y Empoderamiento\u00a0 de la Mujer,\u00a0 que en Coahuila, &#8220;las mujeres v\u00edctimas de violencia de g\u00e9nero,\u00a0 cuentan con\u00a0 acceso y acompa\u00f1amiento en sus demandas de justicia, de\u00a0 manera gratuita y expedita, que proporciona el Gobierno\u00a0 Estatal,\u00a0 por ello, las mujeres\u00a0 coahuilenses v\u00edctimas de violencia no est\u00e1n solas,\u00a0 cuentan con\u00a0 \u00a0 los servicios \u00a0 profesionales\u00a0 \u00a0 y herramientas&#8230;<\/p>\n","protected":false},"author":2,"featured_media":0,"comment_status":"closed","ping_status":"","sticky":false,"template":"","format":"standard","meta":{"footnotes":""},"categories":[5,48,15,24],"tags":[],"class_list":["post-5836","post","type-post","status-publish","format-standard","hentry","category-coahuila","category-genero","category-gobierno-de-coahuila","category-seguridad","wpcat-5-id","wpcat-48-id","wpcat-15-id","wpcat-24-id"],"_links":{"self":[{"href":"https:\/\/www.aquilaguna.com\/index.php\/wp-json\/wp\/v2\/posts\/5836","targetHints":{"allow":["GET"]}}],"collection":[{"href":"https:\/\/www.aquilaguna.com\/index.php\/wp-json\/wp\/v2\/posts"}],"about":[{"href":"https:\/\/www.aquilaguna.com\/index.php\/wp-json\/wp\/v2\/types\/post"}],"author":[{"embeddable":true,"href":"https:\/\/www.aquilaguna.com\/index.php\/wp-json\/wp\/v2\/users\/2"}],"replies":[{"embeddable":true,"href":"https:\/\/www.aquilaguna.com\/index.php\/wp-json\/wp\/v2\/comments?post=5836"}],"version-history":[{"count":1,"href":"https:\/\/www.aquilaguna.com\/index.php\/wp-json\/wp\/v2\/posts\/5836\/revisions"}],"predecessor-version":[{"id":5837,"href":"https:\/\/www.aquilaguna.com\/index.php\/wp-json\/wp\/v2\/posts\/5836\/revisions\/5837"}],"wp:attachment":[{"href":"https:\/\/www.aquilaguna.com\/index.php\/wp-json\/wp\/v2\/media?parent=5836"}],"wp:term":[{"taxonomy":"category","embeddable":true,"href":"https:\/\/www.aquilaguna.com\/index.php\/wp-json\/wp\/v2\/categories?post=5836"},{"taxonomy":"post_tag","embeddable":true,"href":"https:\/\/www.aquilaguna.com\/index.php\/wp-json\/wp\/v2\/tags?post=5836"}],"curies":[{"name":"wp","href":"https:\/\/api.w.org\/{rel}","templated":true}]}}