{"id":5856,"date":"2021-11-27T10:57:49","date_gmt":"2021-11-27T16:57:49","guid":{"rendered":"https:\/\/www.aquilaguna.com\/?p=5856"},"modified":"2021-11-27T10:57:49","modified_gmt":"2021-11-27T16:57:49","slug":"el-trafico-de-armas","status":"publish","type":"post","link":"https:\/\/www.aquilaguna.com\/index.php\/2021\/11\/27\/el-trafico-de-armas\/","title":{"rendered":"EL TR\u00c1FICO DE ARMAS."},"content":{"rendered":"\n<p><strong>Por Fernando Rangel de Le\u00f3n<\/strong><\/p>\n\n\n\n<p>Dice la Constituci\u00f3n: \u201cLos habitantes de los Estados Unidos Mexicanos, tienen<br>derecho a poseer armas en su domicilio, para su seguridad y leg\u00edtima defensa, con excepci\u00f3n<br>de las prohibidas por la Ley Federal y las reservadas para el uso exclusivo del Ej\u00e9rcito,<br>Armada, Fuerza A\u00e9rea y Guardia Nacional. La ley federal determinar\u00e1 los casos, condiciones,<br>requisitos y lugares en que se podr\u00e1 autorizar a los habitantes la portaci\u00f3n de armas\u201d.<\/p>\n\n\n\n<p>Sin embargo los grupos de personas que les da por cometer hechos penales, se<br>hacen de armas de fuego para delinquir; aunque sean de las prohibidas por la ley y de las de<br>uso exclusivo de las fuerzas armadas de M\u00e9xico; las que consiguen con demasiada facilidad<br>en el \u201cmercado negro\u201d de armas de fuego, que se abastece tambi\u00e9n con suma facilidad del<br>contrabando de Estados Unidos, principalmente; pa\u00eds en el que todo mundo puede comprar<br>toda clase de armas, hasta las m\u00e1s sofisticadas.<\/p>\n\n\n\n<p>La compra de armas en la Uni\u00f3n Americana, es muy alta porque las adquiere<br>cualquiera, tanto para su uso personal como para traficar con ellas; pues esta il\u00edcita actividad<br>les redit\u00faa ping\u00fces ganancias, sobre todo las que se meten de contrabando a M\u00e9xico, pa\u00eds al<br>que tienen inundado de armas de todo calibre; y con las que la delincuencia organizada<br>enfrenta a las mismas fuerzas armadas del pa\u00eds, algunas veces con \u00e9xito; las que ante su<br>poder\u00edo han tenido que ceder, como en el caso de Ovidio hijo de \u201cEl Chapo\u201d Guzm\u00e1n, en<br>Culiac\u00e1n, Sin., en 2020, que prefirieron dejarlo en libertad para no causar muchas muertes de<br>inocentes de la poblaci\u00f3n civil.<\/p>\n\n\n\n<p>Por eso el Presidente de M\u00e9xico, Licenciado Andr\u00e9s Manuel L\u00f3pez Obrador, en su<br>intervenci\u00f3n en el Consejo de Seguridad de la ONU, el pasado 9 de noviembre, sostuvo que<br>nuestro pa\u00eds tiene la tarea de colocar en la agenda internacional temas urgentes, como el<br>combate al tr\u00e1fico de armas y la corrupci\u00f3n, para mantener la paz y la seguridad mundiales.<br>El tema del combate al tr\u00e1fico de armas ya lo hab\u00eda adelantado el secretario de<br>Relaciones Exteriores, Marcelo Ebrard Casaub\u00f3n, en la demanda civil que present\u00f3 el pasado<br>4 de agosto, un d\u00eda despu\u00e9s del segundo aniversario del tiroteo de Walmart, en el Paso,<\/p>\n\n\n\n<p>Texas, que caus\u00f3 la muerte de varios mexicanos, en una Corte Federal de Boston,<br>Massachusettes, en contra de fabricantes de arma de fuego, por el comercio negligente e<br>il\u00edcito de armas; pues les reclaman que no solamente deben de vender lo que fabrican, sino<br>que son responsables del destino y uso de las armas, para prevenir el tr\u00e1fico de armas;<br>reclam\u00e1ndoles adem\u00e1s que deben de indemnizar a M\u00e9xico, por todo el da\u00f1o que sus armas le<br>han causado.<\/p>\n\n\n\n<p>La respuesta a la demanda no se hizo esperar; 11 armadoras est\u00e1n pidiendo a dicha<br>corte, que la deseche; argumentando que esa corte de Boston, no tiene jurisdicci\u00f3n sobre las<br>armadoras, que no son responsables de la venta de armas de fuego a terceros y que no<br>tienen control sobre el tr\u00e1fico de armas.<\/p>\n\n\n\n<p>La opini\u00f3n p\u00fablica de M\u00e9xico, contra el tr\u00e1fico de armas, debe de hacerse o\u00edr en<br>Estados Unidos, para que acaben con \u00e9l; pues una de las principales causas de la violencia<br>que azota a nuestro pa\u00eds es el tr\u00e1fico de armas que se fabrican en nuestro vecino y amigo del<br>norte.<\/p>\n","protected":false},"excerpt":{"rendered":"<p>Por Fernando Rangel de Le\u00f3n Dice la Constituci\u00f3n: \u201cLos habitantes de los Estados Unidos Mexicanos, tienenderecho a poseer armas en su domicilio, para su seguridad y leg\u00edtima defensa, con excepci\u00f3nde las prohibidas por la Ley Federal y las reservadas para el uso exclusivo del Ej\u00e9rcito,Armada, Fuerza A\u00e9rea y Guardia Nacional. La ley federal determinar\u00e1 los casos, condiciones,requisitos y lugares en que se podr\u00e1 autorizar a los habitantes la portaci\u00f3n de&#8230;<\/p>\n","protected":false},"author":1,"featured_media":0,"comment_status":"closed","ping_status":"closed","sticky":false,"template":"","format":"standard","meta":{"footnotes":""},"categories":[6],"tags":[],"class_list":["post-5856","post","type-post","status-publish","format-standard","hentry","category-fernando-rangel","wpcat-6-id"],"_links":{"self":[{"href":"https:\/\/www.aquilaguna.com\/index.php\/wp-json\/wp\/v2\/posts\/5856","targetHints":{"allow":["GET"]}}],"collection":[{"href":"https:\/\/www.aquilaguna.com\/index.php\/wp-json\/wp\/v2\/posts"}],"about":[{"href":"https:\/\/www.aquilaguna.com\/index.php\/wp-json\/wp\/v2\/types\/post"}],"author":[{"embeddable":true,"href":"https:\/\/www.aquilaguna.com\/index.php\/wp-json\/wp\/v2\/users\/1"}],"replies":[{"embeddable":true,"href":"https:\/\/www.aquilaguna.com\/index.php\/wp-json\/wp\/v2\/comments?post=5856"}],"version-history":[{"count":1,"href":"https:\/\/www.aquilaguna.com\/index.php\/wp-json\/wp\/v2\/posts\/5856\/revisions"}],"predecessor-version":[{"id":5857,"href":"https:\/\/www.aquilaguna.com\/index.php\/wp-json\/wp\/v2\/posts\/5856\/revisions\/5857"}],"wp:attachment":[{"href":"https:\/\/www.aquilaguna.com\/index.php\/wp-json\/wp\/v2\/media?parent=5856"}],"wp:term":[{"taxonomy":"category","embeddable":true,"href":"https:\/\/www.aquilaguna.com\/index.php\/wp-json\/wp\/v2\/categories?post=5856"},{"taxonomy":"post_tag","embeddable":true,"href":"https:\/\/www.aquilaguna.com\/index.php\/wp-json\/wp\/v2\/tags?post=5856"}],"curies":[{"name":"wp","href":"https:\/\/api.w.org\/{rel}","templated":true}]}}