{"id":5915,"date":"2021-11-30T18:33:34","date_gmt":"2021-12-01T00:33:34","guid":{"rendered":"https:\/\/www.aquilaguna.com\/?p=5915"},"modified":"2021-11-30T18:33:35","modified_gmt":"2021-12-01T00:33:35","slug":"centros-de-justicia-y-empoderamiento-para-las-mujeres-de-coahuila-inician-16-dias-de-activismo","status":"publish","type":"post","link":"https:\/\/www.aquilaguna.com\/index.php\/2021\/11\/30\/centros-de-justicia-y-empoderamiento-para-las-mujeres-de-coahuila-inician-16-dias-de-activismo\/","title":{"rendered":"CENTROS DE JUSTICIA Y EMPODERAMIENTO PARA LAS MUJERES DE COAHUILA INICIAN 16 D\u00cdAS DE ACTIVISMO."},"content":{"rendered":"\n<p>Saltillo, Coahuila de Zaragoza; a 30 de Noviembre de 2021.- Con el objetivo de llevar a cabo actividades dirigidas a sensibilizar al p\u00fablico respecto del problema que representa la violencia contra las mujeres, el Gobierno del Estado de Coahuila, a trav\u00e9s de los Centros de Justicia y Empoderamiento para las Mujeres (CJEM), dieron inicio a las actividades de los 16 d\u00edas de activismo contra la violencia de g\u00e9nero.<\/p>\n\n\n\n<p>Leticia Charles Uribe, Directora General de los CJEM, dijo que desde hace m\u00e1s de dos d\u00e9cadas la Asamblea General de las Naciones Unidas design\u00f3 el 25 de noviembre como el D\u00eda Internacional de la Eliminaci\u00f3n de la Violencia contra la Mujer.<\/p>\n\n\n\n<p>La ONU invit\u00f3 a gobiernos, organizaciones internacionales y organizaciones no gubernamentales a organizar actividades dirigidas a sensibilizar a la poblaci\u00f3n en temas de violencia contra las mujeres.<\/p>\n\n\n\n<p>En ese contexto, los Centros de Justicia han planeado una serie de actividades que ser\u00e1n desarrolladas por las y los servidores p\u00fablicos de la instituci\u00f3n.<\/p>\n\n\n\n<p>La funcionaria estatal explic\u00f3 que en 2021 el tema se denomina \u201cPinta el mundo de naranja: \u00a1Pongamos fin a la violencia contra las mujeres YA!\u201d, y se realiza con la finalidad de visibilizar y concientizar a la poblaci\u00f3n en el contexto que nos encontramos.<\/p>\n\n\n\n<p>De igual manera, las Coordinaciones Regionales de los Centros de Justicia y Empoderamiento para las Mujeres en Saltillo, Torre\u00f3n, Acu\u00f1a, Matamoros y Frontera le dan seguimiento al convenio signado por el gobernador Miguel \u00c1ngel Riquelme Sol\u00eds con irganismos de la sociedad civil, Iniciativa Privada y universidades para poner fin a la violencia contra las mujeres.<\/p>\n\n\n\n<p>En Saltillo, psic\u00f3logas y abogadas del Centro acudieron a la explanada de la Presidencia Municipal, en la que de manera conjunta con otras instituciones se ofrecieron informaci\u00f3n y atenciones de los servicios que se proporcionan a mujeres en situaci\u00f3n de violencia.<\/p>\n\n\n\n<p>Asimismo, se concluy\u00f3 la terapia para usuarias denominada C\u00edrculos Restaurativos, en los que personal del \u00e1rea de Psicolog\u00eda proporcionaron durante 7 sesiones grupales y 3 individuales herramientas para conocerse como seres humanos, generar lazos de apoyo, de amistad, redes en todos los \u00e1mbitos y, sobre todo, que se sientan escuchadas y valoradas.<\/p>\n\n\n\n<p>Charles Uribe se\u00f1al\u00f3 que adem\u00e1s en cada Centro se estar\u00e1n desarrollando diversas pr\u00e1cticas con motivo de los 16 d\u00edas de activismo hasta el 10 de diciembre, a fin de contribuir a las acciones que lleva a cabo el titular del Ejecutivo en pro de una sociedad en la que las mujeres y ni\u00f1as tengan una vida libre de violencia.<\/p>\n","protected":false},"excerpt":{"rendered":"<p>Saltillo, Coahuila de Zaragoza; a 30 de Noviembre de 2021.- Con el objetivo de llevar a cabo actividades dirigidas a sensibilizar al p\u00fablico respecto del problema que representa la violencia contra las mujeres, el Gobierno del Estado de Coahuila, a trav\u00e9s de los Centros de Justicia y Empoderamiento para las Mujeres (CJEM), dieron inicio a las actividades de los 16 d\u00edas de activismo contra la violencia de g\u00e9nero. Leticia Charles&#8230;<\/p>\n","protected":false},"author":1,"featured_media":5916,"comment_status":"closed","ping_status":"closed","sticky":false,"template":"","format":"standard","meta":{"footnotes":""},"categories":[5,48,15],"tags":[],"class_list":["post-5915","post","type-post","status-publish","format-standard","has-post-thumbnail","hentry","category-coahuila","category-genero","category-gobierno-de-coahuila","wpcat-5-id","wpcat-48-id","wpcat-15-id"],"_links":{"self":[{"href":"https:\/\/www.aquilaguna.com\/index.php\/wp-json\/wp\/v2\/posts\/5915","targetHints":{"allow":["GET"]}}],"collection":[{"href":"https:\/\/www.aquilaguna.com\/index.php\/wp-json\/wp\/v2\/posts"}],"about":[{"href":"https:\/\/www.aquilaguna.com\/index.php\/wp-json\/wp\/v2\/types\/post"}],"author":[{"embeddable":true,"href":"https:\/\/www.aquilaguna.com\/index.php\/wp-json\/wp\/v2\/users\/1"}],"replies":[{"embeddable":true,"href":"https:\/\/www.aquilaguna.com\/index.php\/wp-json\/wp\/v2\/comments?post=5915"}],"version-history":[{"count":1,"href":"https:\/\/www.aquilaguna.com\/index.php\/wp-json\/wp\/v2\/posts\/5915\/revisions"}],"predecessor-version":[{"id":5917,"href":"https:\/\/www.aquilaguna.com\/index.php\/wp-json\/wp\/v2\/posts\/5915\/revisions\/5917"}],"wp:featuredmedia":[{"embeddable":true,"href":"https:\/\/www.aquilaguna.com\/index.php\/wp-json\/wp\/v2\/media\/5916"}],"wp:attachment":[{"href":"https:\/\/www.aquilaguna.com\/index.php\/wp-json\/wp\/v2\/media?parent=5915"}],"wp:term":[{"taxonomy":"category","embeddable":true,"href":"https:\/\/www.aquilaguna.com\/index.php\/wp-json\/wp\/v2\/categories?post=5915"},{"taxonomy":"post_tag","embeddable":true,"href":"https:\/\/www.aquilaguna.com\/index.php\/wp-json\/wp\/v2\/tags?post=5915"}],"curies":[{"name":"wp","href":"https:\/\/api.w.org\/{rel}","templated":true}]}}