{"id":5935,"date":"2021-12-01T17:58:26","date_gmt":"2021-12-01T23:58:26","guid":{"rendered":"https:\/\/www.aquilaguna.com\/?p=5935"},"modified":"2021-12-01T17:58:27","modified_gmt":"2021-12-01T23:58:27","slug":"conmemoran-dia-mundial-de-la-lucha-contra-el-vih-sida","status":"publish","type":"post","link":"https:\/\/www.aquilaguna.com\/index.php\/2021\/12\/01\/conmemoran-dia-mundial-de-la-lucha-contra-el-vih-sida\/","title":{"rendered":"CONMEMORAN D\u00cdA MUNDIAL DE LA LUCHA CONTRA EL VIH-SIDA."},"content":{"rendered":"\n<p>Comarca Lagunera, Dgo.- Con la finalidad de conmemorar el D\u00eda Internacional<br>de la lucha contra el VIH Sida, la Jurisdicci\u00f3n Sanitaria No. 2 realiza acciones<br>preventivas encaminadas al cuidado de la poblaci\u00f3n en riesgo y la poblaci\u00f3n en<br>general.<\/p>\n\n\n\n<p>La epidemi\u00f3loga Patricia Mej\u00eda Corona, responsable del Programa de Infecciones<br>de Trasmisi\u00f3n Sexual VIH Sida destac\u00f3, que este a\u00f1o la conmemoraci\u00f3n se lleva<br>a cabo bajo el lema: \u201cPoner fin a las desigualdades, poner fin al SIDA, poner fin a<br>las pandemias\u201d y tiene el prop\u00f3sito de fomentar la conciencia entre la ciudadan\u00eda<br>para la prevenci\u00f3n y el tratamiento del VIH SIDA.<\/p>\n\n\n\n<p>A diferencia de a\u00f1os anteriores en los que participaban gran n\u00famero de personas,<br>este a\u00f1o estuvieron presentes \u00fanicamente personal de la Jurisdicci\u00f3n, quienes de<br>manera simb\u00f3lica formaron el lazo rojo caracter\u00edstico por la lucha contra el SIDA.<\/p>\n\n\n\n<p>Mencion\u00f3 que en la regi\u00f3n Laguna de Durango en el a\u00f1o 2021 han detectado 19<br>casos de Virus de Inmunodeficiencia Adquirida, y la Secretar\u00eda de Salud del<br>Estado de Durango a trav\u00e9s de la Jurisdicci\u00f3n Sanitaria No. 2 se une a los<br>esfuerzos mundiales para prevenir nuevas infecciones y apoyar a quienes ya<br>padecen la infecci\u00f3n.<\/p>\n\n\n\n<p>Hizo un llamado a la poblaci\u00f3n en general para que tomen medidas preventivas,<br>sobre todo si cuentan con varias parejas sexuales para que utilicen el<br>preservativo, m\u00e9todo preventivo que tiene una efectividad de aproximadamente el<br>90%, y pueden solicitarlo en la Jurisdicci\u00f3n No. 2 o en su Centro de Salud m\u00e1s<br>cercano.<\/p>\n\n\n\n<p>Destac\u00f3 la importancia de que las personas portadoras o desarrollaron la<br>enfermedad se apeguen a su tratamiento m\u00e9dico, ya que es una enfermedad<br>cr\u00f3nica y quienes llevan completo su tratamiento pueden vivir muchos a\u00f1os y<br>tener una buena calidad de vida.<\/p>\n\n\n\n<p>Por \u00faltimo coment\u00f3, que es de suma importancia la prevenci\u00f3n y la detecci\u00f3n<br>oportuna del VIH SIDA, por lo que recomend\u00f3 a las personas que tienen riesgo y a<br>quienes lo deseen acudan a realizarse la prueba r\u00e1pida, que consiste en un leve<br>piquete en el dedo para obtener una gota de sangre. Las pruebas se realizan en la<br>Jurisdicci\u00f3n Sanitaria No. 2 y los Centros de Salud cercanos.<\/p>\n","protected":false},"excerpt":{"rendered":"<p>Comarca Lagunera, Dgo.- Con la finalidad de conmemorar el D\u00eda Internacionalde la lucha contra el VIH Sida, la Jurisdicci\u00f3n Sanitaria No. 2 realiza accionespreventivas encaminadas al cuidado de la poblaci\u00f3n en riesgo y la poblaci\u00f3n engeneral. La epidemi\u00f3loga Patricia Mej\u00eda Corona, responsable del Programa de Infeccionesde Trasmisi\u00f3n Sexual VIH Sida destac\u00f3, que este a\u00f1o la conmemoraci\u00f3n se llevaa cabo bajo el lema: \u201cPoner fin a las desigualdades, poner fin al&#8230;<\/p>\n","protected":false},"author":1,"featured_media":5936,"comment_status":"closed","ping_status":"closed","sticky":false,"template":"","format":"standard","meta":{"footnotes":""},"categories":[40,64,14],"tags":[],"class_list":["post-5935","post","type-post","status-publish","format-standard","has-post-thumbnail","hentry","category-durango","category-gobierno-de-durango","category-salud","wpcat-40-id","wpcat-64-id","wpcat-14-id"],"_links":{"self":[{"href":"https:\/\/www.aquilaguna.com\/index.php\/wp-json\/wp\/v2\/posts\/5935","targetHints":{"allow":["GET"]}}],"collection":[{"href":"https:\/\/www.aquilaguna.com\/index.php\/wp-json\/wp\/v2\/posts"}],"about":[{"href":"https:\/\/www.aquilaguna.com\/index.php\/wp-json\/wp\/v2\/types\/post"}],"author":[{"embeddable":true,"href":"https:\/\/www.aquilaguna.com\/index.php\/wp-json\/wp\/v2\/users\/1"}],"replies":[{"embeddable":true,"href":"https:\/\/www.aquilaguna.com\/index.php\/wp-json\/wp\/v2\/comments?post=5935"}],"version-history":[{"count":1,"href":"https:\/\/www.aquilaguna.com\/index.php\/wp-json\/wp\/v2\/posts\/5935\/revisions"}],"predecessor-version":[{"id":5937,"href":"https:\/\/www.aquilaguna.com\/index.php\/wp-json\/wp\/v2\/posts\/5935\/revisions\/5937"}],"wp:featuredmedia":[{"embeddable":true,"href":"https:\/\/www.aquilaguna.com\/index.php\/wp-json\/wp\/v2\/media\/5936"}],"wp:attachment":[{"href":"https:\/\/www.aquilaguna.com\/index.php\/wp-json\/wp\/v2\/media?parent=5935"}],"wp:term":[{"taxonomy":"category","embeddable":true,"href":"https:\/\/www.aquilaguna.com\/index.php\/wp-json\/wp\/v2\/categories?post=5935"},{"taxonomy":"post_tag","embeddable":true,"href":"https:\/\/www.aquilaguna.com\/index.php\/wp-json\/wp\/v2\/tags?post=5935"}],"curies":[{"name":"wp","href":"https:\/\/api.w.org\/{rel}","templated":true}]}}