{"id":5974,"date":"2021-12-02T19:04:20","date_gmt":"2021-12-03T01:04:20","guid":{"rendered":"https:\/\/www.aquilaguna.com\/?p=5974"},"modified":"2021-12-02T19:04:20","modified_gmt":"2021-12-03T01:04:20","slug":"celebra-educacion-el-dia-de-las-personas-con-discapacidad-en-coahuila","status":"publish","type":"post","link":"https:\/\/www.aquilaguna.com\/index.php\/2021\/12\/02\/celebra-educacion-el-dia-de-las-personas-con-discapacidad-en-coahuila\/","title":{"rendered":"CELEBRA EDUCACI\u00d3N EL D\u00cdA DE LAS PERSONAS CON DISCAPACIDAD EN COAHUILA."},"content":{"rendered":"\n<p>\u00b7\u00a0\u00a0\u00a0\u00a0\u00a0\u00a0<strong><em>\u00a0Realizar\u00e1n ciclo de conferencias y talleres<\/em><\/strong><\/p>\n\n\n\n<p>Saltillo, Coahuila de Zaragoza; a 2 de Diciembre de 2021.- El viernes 3 de diciembre se celebra el D\u00eda Internacional de las Personas con Discapacidad, en ese marco se festejar\u00e1 con un ciclo de conferencias dirigidas a los docentes de educaci\u00f3n especial del sostenimiento federal, indic\u00f3 Pedro Cisneros Gaona, Director de Educaci\u00f3n Especial Federal de Coahuila, quien hizo una invitaci\u00f3n extensiva para participar.<\/p>\n\n\n\n<p>Los trabajos inician en la Regi\u00f3n Norte con el ciclo de conferencias \u201cCada quien a sus ritmos y a su estilo por una cultura inclusiva\u201d, dirigida a docentes que actualmente se encuentran frente al aula y dan atenci\u00f3n a ni\u00f1as, ni\u00f1os y&nbsp; adolescentes, indic\u00f3 Cisneros Gaona.<\/p>\n\n\n\n<p>La inscripci\u00f3n procede en la direcci\u00f3n de correo electr\u00f3nico&nbsp;&nbsp;<a href=\"mailto:equidad_educativa@seducoahuila.gob.mx\" target=\"_blank\" rel=\"noreferrer noopener\">equidad_educativa@seducoahuila.gob.mx<\/a>&nbsp;o al tel\u00e9fono 844 411 8800, extensi\u00f3n 3157, de las 09:00 a las 16:00 horas, en donde se orientar\u00e1 sobre el contenido de las conferencias, horarios y registro de participantes, esto \u00faltimo para obtener constancia de participaci\u00f3n.<\/p>\n\n\n\n<p>Indic\u00f3 que las actividades se realizar\u00e1n en los municipios de Piedras Negras, Nueva Rosita y Torre\u00f3n.<\/p>\n\n\n\n<p>Los temas a abordar: \u201cDistorsi\u00f3n y Habilidades Socioemocionales para docente\u201d; \u201cDisciplina Positiva. Una perspectiva Neurodid\u00e1ctica. Compromiso \u00c9tico Profesional\u201d; la \u201cVida de la Inclusi\u00f3n\u201d.<\/p>\n\n\n\n<p>Adem\u00e1s, el taller para padres de familia \u201cPensamientos Distorsionados y Reconciliaci\u00f3n para familia\u201d.<\/p>\n\n\n\n<p>Estos impartidos por los especialistas Jorge Aguilar Ram\u00edrez, Denis Charles Chavero, \u00c9dgar Mart\u00ednez Palafox y Cintia Molano Sernas.<\/p>\n\n\n\n<p>Tambi\u00e9n se abordar\u00e1n los t\u00f3picos: Aprendizajes Claves en Ni\u00f1os con Discapacidad o sin Discapacidad y Compromiso \u00c9tico y Profesional.<\/p>\n\n\n\n<p>Adem\u00e1s se ofrecen los talleres OAOA \u201cOtros algoritmos para las operaciones matem\u00e1ticas\u201d, a cargo de Dora Bustos Garc\u00eda; \u201cNeurociencias y Neurodid\u00e1ctica\u201d, que imparte Hilda Cabrera Hern\u00e1ndez, y por \u00faltimo el taller \u201cLa Rueda de los Andamios\u201d, que ofrece \u00c9dgar Mart\u00ednez Palafox.<\/p>\n\n\n\n<p>En Piedras Negras, las actividades ser\u00e1n en la Secundaria T\u00e9cnica 5 \u201cPedro Ferriz Santacruz\u201d. En Nueva Rosita en el Club M\u00e9xico, mientras en Torre\u00f3n en la Universidad Tecnol\u00f3gica de Torre\u00f3n.<\/p>\n\n\n\n<p>Indic\u00f3 que podr\u00e1n participar docentes, supervisores, asesores t\u00e9cnicopedag\u00f3gicos y padres de familia que tengan inter\u00e9s en mejorar el entorno en donde sus hijos se desarrollan, y est\u00e1n conscientes de apoyar la tarea educativa que en Coahuila se realiza en apoyo a los grupos vulnerables de la poblaci\u00f3n.<\/p>\n\n\n\n<p>El Director de Educaci\u00f3n Especial indic\u00f3 que estas actividades forman parte de la recomendaci\u00f3n del gobernador Miguel \u00c1ngel Riquelme Sol\u00eds para que el beneficio de la educaci\u00f3n llegue a todos los sectores de la poblaci\u00f3n, y en la tarea los ni\u00f1os, adolescentes y j\u00f3venes con discapacidad deben sumarse a estos beneficios.<\/p>\n","protected":false},"excerpt":{"rendered":"<p>\u00b7\u00a0\u00a0\u00a0\u00a0\u00a0\u00a0\u00a0Realizar\u00e1n ciclo de conferencias y talleres Saltillo, Coahuila de Zaragoza; a 2 de Diciembre de 2021.- El viernes 3 de diciembre se celebra el D\u00eda Internacional de las Personas con Discapacidad, en ese marco se festejar\u00e1 con un ciclo de conferencias dirigidas a los docentes de educaci\u00f3n especial del sostenimiento federal, indic\u00f3 Pedro Cisneros Gaona, Director de Educaci\u00f3n Especial Federal de Coahuila, quien hizo una invitaci\u00f3n extensiva para participar. Los&#8230;<\/p>\n","protected":false},"author":1,"featured_media":5975,"comment_status":"closed","ping_status":"closed","sticky":false,"template":"","format":"standard","meta":{"footnotes":""},"categories":[5,15],"tags":[],"class_list":["post-5974","post","type-post","status-publish","format-standard","has-post-thumbnail","hentry","category-coahuila","category-gobierno-de-coahuila","wpcat-5-id","wpcat-15-id"],"_links":{"self":[{"href":"https:\/\/www.aquilaguna.com\/index.php\/wp-json\/wp\/v2\/posts\/5974","targetHints":{"allow":["GET"]}}],"collection":[{"href":"https:\/\/www.aquilaguna.com\/index.php\/wp-json\/wp\/v2\/posts"}],"about":[{"href":"https:\/\/www.aquilaguna.com\/index.php\/wp-json\/wp\/v2\/types\/post"}],"author":[{"embeddable":true,"href":"https:\/\/www.aquilaguna.com\/index.php\/wp-json\/wp\/v2\/users\/1"}],"replies":[{"embeddable":true,"href":"https:\/\/www.aquilaguna.com\/index.php\/wp-json\/wp\/v2\/comments?post=5974"}],"version-history":[{"count":1,"href":"https:\/\/www.aquilaguna.com\/index.php\/wp-json\/wp\/v2\/posts\/5974\/revisions"}],"predecessor-version":[{"id":5976,"href":"https:\/\/www.aquilaguna.com\/index.php\/wp-json\/wp\/v2\/posts\/5974\/revisions\/5976"}],"wp:featuredmedia":[{"embeddable":true,"href":"https:\/\/www.aquilaguna.com\/index.php\/wp-json\/wp\/v2\/media\/5975"}],"wp:attachment":[{"href":"https:\/\/www.aquilaguna.com\/index.php\/wp-json\/wp\/v2\/media?parent=5974"}],"wp:term":[{"taxonomy":"category","embeddable":true,"href":"https:\/\/www.aquilaguna.com\/index.php\/wp-json\/wp\/v2\/categories?post=5974"},{"taxonomy":"post_tag","embeddable":true,"href":"https:\/\/www.aquilaguna.com\/index.php\/wp-json\/wp\/v2\/tags?post=5974"}],"curies":[{"name":"wp","href":"https:\/\/api.w.org\/{rel}","templated":true}]}}