{"id":5987,"date":"2021-12-03T19:29:03","date_gmt":"2021-12-04T01:29:03","guid":{"rendered":"https:\/\/www.aquilaguna.com\/?p=5987"},"modified":"2021-12-03T19:29:04","modified_gmt":"2021-12-04T01:29:04","slug":"presentan-la-unidad-especializada-de-atencion-a-ninas-ninos-y-adolescentes-migrantes-en-coahuila","status":"publish","type":"post","link":"https:\/\/www.aquilaguna.com\/index.php\/2021\/12\/03\/presentan-la-unidad-especializada-de-atencion-a-ninas-ninos-y-adolescentes-migrantes-en-coahuila\/","title":{"rendered":"PRESENTAN LA UNIDAD ESPECIALIZADA DE ATENCI\u00d3N A NI\u00d1AS, NI\u00d1OS Y ADOLESCENTES MIGRANTES EN COAHUILA."},"content":{"rendered":"\n<p>Saltillo, Coahuila de Zaragoza; a 2 de Diciembre de 2021.- Este jueves se realiz\u00f3 la tercera sesi\u00f3n ordinaria de la Comisi\u00f3n para la Protecci\u00f3n Integral de Ni\u00f1as, Ni\u00f1os y Adolescentes Migrantes, Solicitantes de Reconocimiento de la Condici\u00f3n de Refugiado y Refugiados, que est\u00e1 integrada por representantes de la PRONNIF, SIPINNA, Secretar\u00eda de Gobierno, la Secretar\u00eda de Inclusi\u00f3n y Desarrollo Social, la Secretar\u00eda de Educaci\u00f3n, Secretar\u00eda de Seguridad P\u00fablica, Secretar\u00eda de Salud, DIF Coahuila, la Comisi\u00f3n Estatal de Derechos Humanos y la Fiscal\u00eda General del Estado.<\/p>\n\n\n\n<p>Adem\u00e1s, se sumaron los invitados permanentes, como los representantes del Congreso del Estado y de la Oficina Local del Instituto Nacional de Migraci\u00f3n, as\u00ed como de la Oficina del Alto Comisionado de las Naciones Unidas para Refugiados (ACNUR), adem\u00e1s de la sociedad civil, representada por la Casa del Migrante de Saltillo.<\/p>\n\n\n\n<p>Durante la sesi\u00f3n se present\u00f3 la Unidad Especializada de Atenci\u00f3n a Ni\u00f1as, Ni\u00f1os y Adolescentes Migrantes en Coahuila, un equipo multidisciplinario que trabajar\u00e1 adscrito a la Procuradur\u00eda para Ni\u00f1os, Ni\u00f1as y la Familia (PRONNIF), que dentro del Procedimiento Administrativo Migratorio velar\u00e1 por el inter\u00e9s superior de la ni\u00f1a, ni\u00f1o o adolescente migrante y presentar\u00e1 al Instituto Nacional de Migraci\u00f3n el Plan de Restituci\u00f3n de Derechos, identificando en cada caso las necesidades de protecci\u00f3n internacional.<\/p>\n\n\n\n<p>\u201cTenemos varios meses trabajando con estos expertos, quienes coordinados con nuestra Procuradur\u00eda de Protecci\u00f3n, con los municipios y la Federaci\u00f3n, atender\u00e1n todos los casos en los que se vean involucrados ni\u00f1as, ni\u00f1os o adolescentes migrantes que se encuentren en territorio coahuilense\u201d, dijo la procuradora Mar\u00eda Leticia S\u00e1nchez Campos.<\/p>\n","protected":false},"excerpt":{"rendered":"<p>Saltillo, Coahuila de Zaragoza; a 2 de Diciembre de 2021.- Este jueves se realiz\u00f3 la tercera sesi\u00f3n ordinaria de la Comisi\u00f3n para la Protecci\u00f3n Integral de Ni\u00f1as, Ni\u00f1os y Adolescentes Migrantes, Solicitantes de Reconocimiento de la Condici\u00f3n de Refugiado y Refugiados, que est\u00e1 integrada por representantes de la PRONNIF, SIPINNA, Secretar\u00eda de Gobierno, la Secretar\u00eda de Inclusi\u00f3n y Desarrollo Social, la Secretar\u00eda de Educaci\u00f3n, Secretar\u00eda de Seguridad P\u00fablica, Secretar\u00eda de&#8230;<\/p>\n","protected":false},"author":1,"featured_media":5988,"comment_status":"closed","ping_status":"closed","sticky":false,"template":"","format":"standard","meta":{"footnotes":""},"categories":[5,15,30],"tags":[],"class_list":["post-5987","post","type-post","status-publish","format-standard","has-post-thumbnail","hentry","category-coahuila","category-gobierno-de-coahuila","category-pronif","wpcat-5-id","wpcat-15-id","wpcat-30-id"],"_links":{"self":[{"href":"https:\/\/www.aquilaguna.com\/index.php\/wp-json\/wp\/v2\/posts\/5987","targetHints":{"allow":["GET"]}}],"collection":[{"href":"https:\/\/www.aquilaguna.com\/index.php\/wp-json\/wp\/v2\/posts"}],"about":[{"href":"https:\/\/www.aquilaguna.com\/index.php\/wp-json\/wp\/v2\/types\/post"}],"author":[{"embeddable":true,"href":"https:\/\/www.aquilaguna.com\/index.php\/wp-json\/wp\/v2\/users\/1"}],"replies":[{"embeddable":true,"href":"https:\/\/www.aquilaguna.com\/index.php\/wp-json\/wp\/v2\/comments?post=5987"}],"version-history":[{"count":1,"href":"https:\/\/www.aquilaguna.com\/index.php\/wp-json\/wp\/v2\/posts\/5987\/revisions"}],"predecessor-version":[{"id":5989,"href":"https:\/\/www.aquilaguna.com\/index.php\/wp-json\/wp\/v2\/posts\/5987\/revisions\/5989"}],"wp:featuredmedia":[{"embeddable":true,"href":"https:\/\/www.aquilaguna.com\/index.php\/wp-json\/wp\/v2\/media\/5988"}],"wp:attachment":[{"href":"https:\/\/www.aquilaguna.com\/index.php\/wp-json\/wp\/v2\/media?parent=5987"}],"wp:term":[{"taxonomy":"category","embeddable":true,"href":"https:\/\/www.aquilaguna.com\/index.php\/wp-json\/wp\/v2\/categories?post=5987"},{"taxonomy":"post_tag","embeddable":true,"href":"https:\/\/www.aquilaguna.com\/index.php\/wp-json\/wp\/v2\/tags?post=5987"}],"curies":[{"name":"wp","href":"https:\/\/api.w.org\/{rel}","templated":true}]}}