{"id":6048,"date":"2021-12-07T18:14:24","date_gmt":"2021-12-08T00:14:24","guid":{"rendered":"https:\/\/www.aquilaguna.com\/?p=6048"},"modified":"2021-12-07T18:14:25","modified_gmt":"2021-12-08T00:14:25","slug":"convocan-a-festival-navideno-durango-2021","status":"publish","type":"post","link":"https:\/\/www.aquilaguna.com\/index.php\/2021\/12\/07\/convocan-a-festival-navideno-durango-2021\/","title":{"rendered":"CONVOCAN A FESTIVAL NAVIDE\u00d1O DURANGO 2021."},"content":{"rendered":"\n<p>Comarca Lagunera, Dgo.- La Secretar\u00eda de Turismo del Estado, en coordinaci\u00f3n<br>con el municipio de Durango convocaron a rueda de prensa para dar a conocer los<br>detalles del Festival Navide\u00f1o Durango 2021, que arranc\u00f3 a partir del 5 de<br>diciembre y concluir\u00e1 el pr\u00f3ximo 6 de enero de 2022.<\/p>\n\n\n\n<p>Elvira Silerio D\u00edaz, subsecretaria de Promoci\u00f3n e Innovaci\u00f3n del gobierno del<br>estado de Durango destac\u00f3 que, a trav\u00e9s de acciones como esta se busca<br>continuar en la activaci\u00f3n econ\u00f3mica del estado, adem\u00e1s de ofrecer a los<br>duranguenses y a los laguneros una opci\u00f3n inigualable para disfrutar de las<br>tradicionales festividades navide\u00f1as en familia.<\/p>\n\n\n\n<p>Dijo, que es un tiempo ideal para disfrutar de Durango y de las actividades que<br>ofrece el \u201cFestival Navide\u00f1o 2021\u201d. Destac\u00f3 que, reforzar\u00e1n las medidas de<br>prevenci\u00f3n contra el Covid-19; controlando aforos, respetando el uso de<br>cubrebocas en todo momento, la sana distancia, el uso de gel antibacterial y todo<br>lo necesario, adem\u00e1s de que en su mayor\u00eda los eventos a realizar son en lugares<br>al aire libre o con ventilaci\u00f3n \u00f3ptima.<\/p>\n\n\n\n<p>Por su parte el director de Promoci\u00f3n Tur\u00edstica del Municipio de Durango,<br>Fernando Mart\u00ednez hizo una invitaci\u00f3n para que se unan a la celebraci\u00f3n, dentro<br>del \u201cFestival Navide\u00f1o Durango 2021\u201d donde habr\u00e1 actividades, ponencias y<br>exhibiciones como: Alumbrado de la navidad, tradicional nacimiento, desfile de<br>luces \u201cEl brillo de la navidad\u201d, Exposici\u00f3n gastron\u00f3mica, Espect\u00e1culo de Drones,<br>Ciclo de cine navide\u00f1o, juegos mec\u00e1nicos, rueda de la fortuna gigante, circo<br>navide\u00f1o, \u00e1rea comercial, \u00e1rea infantil, \u00e1rea de comida, entre muchas otras<br>actividades.<\/p>\n\n\n\n<p>El municipio de Durango se encuentra preparado para recibir la visita de cerca de<br>100 mil personas, originarias de otras ciudades de M\u00e9xico y paisanos que visitan<br>su tierra en estas fechas, para formar parte del \u201cFestival Navide\u00f1o\u201d, el cual<br>promete esparcimiento y sana convivencia en familia.<\/p>\n","protected":false},"excerpt":{"rendered":"<p>Comarca Lagunera, Dgo.- La Secretar\u00eda de Turismo del Estado, en coordinaci\u00f3ncon el municipio de Durango convocaron a rueda de prensa para dar a conocer losdetalles del Festival Navide\u00f1o Durango 2021, que arranc\u00f3 a partir del 5 dediciembre y concluir\u00e1 el pr\u00f3ximo 6 de enero de 2022. Elvira Silerio D\u00edaz, subsecretaria de Promoci\u00f3n e Innovaci\u00f3n del gobierno delestado de Durango destac\u00f3 que, a trav\u00e9s de acciones como esta se buscacontinuar en&#8230;<\/p>\n","protected":false},"author":1,"featured_media":6049,"comment_status":"closed","ping_status":"closed","sticky":false,"template":"","format":"standard","meta":{"footnotes":""},"categories":[40,64],"tags":[],"class_list":["post-6048","post","type-post","status-publish","format-standard","has-post-thumbnail","hentry","category-durango","category-gobierno-de-durango","wpcat-40-id","wpcat-64-id"],"_links":{"self":[{"href":"https:\/\/www.aquilaguna.com\/index.php\/wp-json\/wp\/v2\/posts\/6048","targetHints":{"allow":["GET"]}}],"collection":[{"href":"https:\/\/www.aquilaguna.com\/index.php\/wp-json\/wp\/v2\/posts"}],"about":[{"href":"https:\/\/www.aquilaguna.com\/index.php\/wp-json\/wp\/v2\/types\/post"}],"author":[{"embeddable":true,"href":"https:\/\/www.aquilaguna.com\/index.php\/wp-json\/wp\/v2\/users\/1"}],"replies":[{"embeddable":true,"href":"https:\/\/www.aquilaguna.com\/index.php\/wp-json\/wp\/v2\/comments?post=6048"}],"version-history":[{"count":1,"href":"https:\/\/www.aquilaguna.com\/index.php\/wp-json\/wp\/v2\/posts\/6048\/revisions"}],"predecessor-version":[{"id":6050,"href":"https:\/\/www.aquilaguna.com\/index.php\/wp-json\/wp\/v2\/posts\/6048\/revisions\/6050"}],"wp:featuredmedia":[{"embeddable":true,"href":"https:\/\/www.aquilaguna.com\/index.php\/wp-json\/wp\/v2\/media\/6049"}],"wp:attachment":[{"href":"https:\/\/www.aquilaguna.com\/index.php\/wp-json\/wp\/v2\/media?parent=6048"}],"wp:term":[{"taxonomy":"category","embeddable":true,"href":"https:\/\/www.aquilaguna.com\/index.php\/wp-json\/wp\/v2\/categories?post=6048"},{"taxonomy":"post_tag","embeddable":true,"href":"https:\/\/www.aquilaguna.com\/index.php\/wp-json\/wp\/v2\/tags?post=6048"}],"curies":[{"name":"wp","href":"https:\/\/api.w.org\/{rel}","templated":true}]}}