{"id":6068,"date":"2021-12-08T18:20:39","date_gmt":"2021-12-09T00:20:39","guid":{"rendered":"https:\/\/www.aquilaguna.com\/?p=6068"},"modified":"2021-12-08T18:20:39","modified_gmt":"2021-12-09T00:20:39","slug":"brigada-de-vacunacion-en-los-centros-de-justicia-y-empoderamiento-para-las-mujeres-de-coahuila","status":"publish","type":"post","link":"https:\/\/www.aquilaguna.com\/index.php\/2021\/12\/08\/brigada-de-vacunacion-en-los-centros-de-justicia-y-empoderamiento-para-las-mujeres-de-coahuila\/","title":{"rendered":"BRIGADA DE VACUNACI\u00d3N EN LOS CENTROS DE JUSTICIA Y EMPODERAMIENTO PARA LAS MUJERES DE COAHUILA."},"content":{"rendered":"\n<p>Saltillo, Coahuila de Zaragoza; a 8 de Diciembre de 2021.- Como parte de las acciones de los 16 d\u00edas de Activismo contra la Violencia de G\u00e9nero, y en aras de fomentar la colaboraci\u00f3n interinstitucional, el Centro de Justicia y Empoderamiento para las Mujeres de Coahuila (CJEM), en coordinaci\u00f3n con personal del \u00e1rea de Atenci\u00f3n Preventiva Integral del Instituto Mexicano del Seguro Social, llevaron a cabo una brigada de salud.<\/p>\n\n\n\n<p>Leticia Charles Uribe, Directora General del CJEM, se\u00f1al\u00f3 que dentro de la brigada se llev\u00f3 a cabo la aplicaci\u00f3n de vacunas a usuarias, sus hijas e hijos, as\u00ed como al personal del Centro en Saltillo.<\/p>\n\n\n\n<p>Se\u00f1al\u00f3 que con la finalidad de promover acciones que contribuyan a la salud, se complementaron los esquemas de vacunaci\u00f3n, aplicando la vacuna contra la influenza, la cual debe aplicarse cada a\u00f1o a fin de reducir el riesgo de contraerla y transmitirla.<\/p>\n\n\n\n<p>Cabe mencionar que en esta temporada de invierno es cuando aumenta el riesgo de contraer esta enfermedad.<\/p>\n\n\n\n<p>En la jornada de salud se aplicaron m\u00e1s de 50 vacunas, adem\u00e1s se realizaron tomas de presi\u00f3n y glucosa, para as\u00ed fomentar el autocuidado.<\/p>\n","protected":false},"excerpt":{"rendered":"<p>Saltillo, Coahuila de Zaragoza; a 8 de Diciembre de 2021.- Como parte de las acciones de los 16 d\u00edas de Activismo contra la Violencia de G\u00e9nero, y en aras de fomentar la colaboraci\u00f3n interinstitucional, el Centro de Justicia y Empoderamiento para las Mujeres de Coahuila (CJEM), en coordinaci\u00f3n con personal del \u00e1rea de Atenci\u00f3n Preventiva Integral del Instituto Mexicano del Seguro Social, llevaron a cabo una brigada de salud. Leticia&#8230;<\/p>\n","protected":false},"author":1,"featured_media":6069,"comment_status":"closed","ping_status":"closed","sticky":false,"template":"","format":"standard","meta":{"footnotes":""},"categories":[5,48,15],"tags":[],"class_list":["post-6068","post","type-post","status-publish","format-standard","has-post-thumbnail","hentry","category-coahuila","category-genero","category-gobierno-de-coahuila","wpcat-5-id","wpcat-48-id","wpcat-15-id"],"_links":{"self":[{"href":"https:\/\/www.aquilaguna.com\/index.php\/wp-json\/wp\/v2\/posts\/6068","targetHints":{"allow":["GET"]}}],"collection":[{"href":"https:\/\/www.aquilaguna.com\/index.php\/wp-json\/wp\/v2\/posts"}],"about":[{"href":"https:\/\/www.aquilaguna.com\/index.php\/wp-json\/wp\/v2\/types\/post"}],"author":[{"embeddable":true,"href":"https:\/\/www.aquilaguna.com\/index.php\/wp-json\/wp\/v2\/users\/1"}],"replies":[{"embeddable":true,"href":"https:\/\/www.aquilaguna.com\/index.php\/wp-json\/wp\/v2\/comments?post=6068"}],"version-history":[{"count":1,"href":"https:\/\/www.aquilaguna.com\/index.php\/wp-json\/wp\/v2\/posts\/6068\/revisions"}],"predecessor-version":[{"id":6070,"href":"https:\/\/www.aquilaguna.com\/index.php\/wp-json\/wp\/v2\/posts\/6068\/revisions\/6070"}],"wp:featuredmedia":[{"embeddable":true,"href":"https:\/\/www.aquilaguna.com\/index.php\/wp-json\/wp\/v2\/media\/6069"}],"wp:attachment":[{"href":"https:\/\/www.aquilaguna.com\/index.php\/wp-json\/wp\/v2\/media?parent=6068"}],"wp:term":[{"taxonomy":"category","embeddable":true,"href":"https:\/\/www.aquilaguna.com\/index.php\/wp-json\/wp\/v2\/categories?post=6068"},{"taxonomy":"post_tag","embeddable":true,"href":"https:\/\/www.aquilaguna.com\/index.php\/wp-json\/wp\/v2\/tags?post=6068"}],"curies":[{"name":"wp","href":"https:\/\/api.w.org\/{rel}","templated":true}]}}