{"id":6074,"date":"2021-12-08T18:28:30","date_gmt":"2021-12-09T00:28:30","guid":{"rendered":"https:\/\/www.aquilaguna.com\/?p=6074"},"modified":"2021-12-08T18:28:30","modified_gmt":"2021-12-09T00:28:30","slug":"por-completarse-meta-de-vacunacion-infantil-en-piedras-negras","status":"publish","type":"post","link":"https:\/\/www.aquilaguna.com\/index.php\/2021\/12\/08\/por-completarse-meta-de-vacunacion-infantil-en-piedras-negras\/","title":{"rendered":"POR COMPLETARSE META DE VACUNACI\u00d3N INFANTIL EN PIEDRAS NEGRAS."},"content":{"rendered":"\n<p>\u00b7\u00a0\u00a0\u00a0\u00a0\u00a0\u00a0<strong><em>\u00a0Entre vacunaci\u00f3n transfronteriza a menores de 12 a 14 a\u00f1os y Jornada Nacional de Vacunaci\u00f3n a ni\u00f1as y ni\u00f1os de 15 a 17 a\u00f1os, se busca completar vacunaci\u00f3n a la poblaci\u00f3n infantil censada en 9 mil menores de edad<\/em><\/strong><\/p>\n\n\n\n<p>Saltillo, Coahuila de Zaragoza; a 8 de Diciembre de 2021.- La Secretar\u00eda de Salud del Gobierno de Coahuila, continuando con la Campa\u00f1a de Vacunaci\u00f3n en coordinaci\u00f3n con autoridades de Estados Unidos, da a conocer que en su m\u00e1s reciente campa\u00f1a, que concluy\u00f3 este 7 de diciembre, se completaron 4 mil 80 esquemas de vacuna Pfizer contra Covid-19 a menores de 12 a 17 a\u00f1os de edad en Piedras Negras.<\/p>\n\n\n\n<p>Roberto Bernal G\u00f3mez, Secretario de Salud del Estado, indic\u00f3 que gracias a las gestiones implementadas por el gobernador Miguel \u00c1ngel Riquelme Sol\u00eds, as\u00ed como de la buena relaci\u00f3n existente entre autoridades americanas y el Gobierno de Coahuila, se han podido vacunar contra Covid-19 a menores de edad hijos de trabajadores de empresas fronterizas, as\u00ed como a ni\u00f1as y ni\u00f1os sin Visa.<\/p>\n\n\n\n<p>Inform\u00f3 que a este 7 de diciembre, la campa\u00f1a de vacunaci\u00f3n transfronteriza ha aplicado 4 mil 80 segundas dosis, para tener mismos esquemas completos entre menores de 12 a 17 a\u00f1os de edad en la Jurisdicci\u00f3n Sanitaria 1, de Piedras Negras.<\/p>\n\n\n\n<p>Asimismo, inform\u00f3 que se inicia este 15 de diciembre una jornada m\u00e1s de vacunaci\u00f3n transfronteriza para menores de 12 a 14 a\u00f1os de edad, en la que se aplicar\u00e1n mil primeras dosis de la vacuna Pfizer, y en la que ya se tiene programada su segunda dosis a los 21 d\u00edas de su aplicaci\u00f3n.<\/p>\n\n\n\n<p><strong>CAMPA\u00d1AS SIMULT\u00c1NEAS<\/strong><\/p>\n\n\n\n<p>Iv\u00e1n Alejandro Moscoso Gonz\u00e1lez, Jefe de la Jurisdicci\u00f3n Sanitaria 1, de Piedras Negras, inform\u00f3 que en lo que respecta a la Jornada Nacional de Vacunaci\u00f3n que corresponde a la vacunaci\u00f3n de menores de 15 a 17 a\u00f1os de edad, se tiene un registro de aplicaci\u00f3n de 1992 primeras dosis inoculadas en este municipio fronterizo.<\/p>\n\n\n\n<p>\u201cSimult\u00e1neamente, entre la Jornada Nacional de Vacunaci\u00f3n y la vacunaci\u00f3n transfronteriza, ya vacunamos a una gran cantidad de menores de edad, lo que significa que muy pronto terminaremos con la totalidad de la poblaci\u00f3n infantil registrada en este municipio, que es de cerca de 9 mil ni\u00f1as y ni\u00f1os en el rango de 12 a 17 a\u00f1os, todos con vacunas de la empresa Pfizer\u201d, mencion\u00f3.<\/p>\n\n\n\n<p>Asimismo, asegur\u00f3 que este 8 de diciembre se llevar\u00e1 la Jornada Nacional de Vacunaci\u00f3n con la aplicaci\u00f3n de cerca de 4 mil primeras dosis a menores de 15 a 17 a\u00f1os de edad, aplic\u00e1ndose a ni\u00f1as y ni\u00f1os de los municipios de Allende, Nava y Villa Uni\u00f3n, con igual vacuna de la farmac\u00e9utica Pfizer.<\/p>\n\n\n\n<p>\u201cYa se tiene todo un trabajo coordinado para que tanto los menores de edad, como sus padres o tutores, as\u00ed como el personal involucrado en la aplicaci\u00f3n de estas vacunas, se encuentran protegidos con las medidas de prevenci\u00f3n y control al virus SARS-CoV-2, y que todo transcurra de manera r\u00e1pida y sin contratiempos\u201d, afirm\u00f3 Iv\u00e1n Alejandro Moscoso.<\/p>\n","protected":false},"excerpt":{"rendered":"<p>\u00b7\u00a0\u00a0\u00a0\u00a0\u00a0\u00a0\u00a0Entre vacunaci\u00f3n transfronteriza a menores de 12 a 14 a\u00f1os y Jornada Nacional de Vacunaci\u00f3n a ni\u00f1as y ni\u00f1os de 15 a 17 a\u00f1os, se busca completar vacunaci\u00f3n a la poblaci\u00f3n infantil censada en 9 mil menores de edad Saltillo, Coahuila de Zaragoza; a 8 de Diciembre de 2021.- La Secretar\u00eda de Salud del Gobierno de Coahuila, continuando con la Campa\u00f1a de Vacunaci\u00f3n en coordinaci\u00f3n con autoridades de Estados Unidos,&#8230;<\/p>\n","protected":false},"author":1,"featured_media":6075,"comment_status":"closed","ping_status":"closed","sticky":false,"template":"","format":"standard","meta":{"footnotes":""},"categories":[5,4,15,22],"tags":[],"class_list":["post-6074","post","type-post","status-publish","format-standard","has-post-thumbnail","hentry","category-coahuila","category-covid","category-gobierno-de-coahuila","category-vacunas","wpcat-5-id","wpcat-4-id","wpcat-15-id","wpcat-22-id"],"_links":{"self":[{"href":"https:\/\/www.aquilaguna.com\/index.php\/wp-json\/wp\/v2\/posts\/6074","targetHints":{"allow":["GET"]}}],"collection":[{"href":"https:\/\/www.aquilaguna.com\/index.php\/wp-json\/wp\/v2\/posts"}],"about":[{"href":"https:\/\/www.aquilaguna.com\/index.php\/wp-json\/wp\/v2\/types\/post"}],"author":[{"embeddable":true,"href":"https:\/\/www.aquilaguna.com\/index.php\/wp-json\/wp\/v2\/users\/1"}],"replies":[{"embeddable":true,"href":"https:\/\/www.aquilaguna.com\/index.php\/wp-json\/wp\/v2\/comments?post=6074"}],"version-history":[{"count":1,"href":"https:\/\/www.aquilaguna.com\/index.php\/wp-json\/wp\/v2\/posts\/6074\/revisions"}],"predecessor-version":[{"id":6076,"href":"https:\/\/www.aquilaguna.com\/index.php\/wp-json\/wp\/v2\/posts\/6074\/revisions\/6076"}],"wp:featuredmedia":[{"embeddable":true,"href":"https:\/\/www.aquilaguna.com\/index.php\/wp-json\/wp\/v2\/media\/6075"}],"wp:attachment":[{"href":"https:\/\/www.aquilaguna.com\/index.php\/wp-json\/wp\/v2\/media?parent=6074"}],"wp:term":[{"taxonomy":"category","embeddable":true,"href":"https:\/\/www.aquilaguna.com\/index.php\/wp-json\/wp\/v2\/categories?post=6074"},{"taxonomy":"post_tag","embeddable":true,"href":"https:\/\/www.aquilaguna.com\/index.php\/wp-json\/wp\/v2\/tags?post=6074"}],"curies":[{"name":"wp","href":"https:\/\/api.w.org\/{rel}","templated":true}]}}