{"id":6118,"date":"2021-12-12T19:46:31","date_gmt":"2021-12-13T01:46:31","guid":{"rendered":"https:\/\/www.aquilaguna.com\/?p=6118"},"modified":"2021-12-12T19:46:31","modified_gmt":"2021-12-13T01:46:31","slug":"a-tres-anos-de-este-gobierno-retroceso-en-desigualdad-en-el-pais-y-los-estados-julen-rementeria","status":"publish","type":"post","link":"https:\/\/www.aquilaguna.com\/index.php\/2021\/12\/12\/a-tres-anos-de-este-gobierno-retroceso-en-desigualdad-en-el-pais-y-los-estados-julen-rementeria\/","title":{"rendered":"A TRES A\u00d1OS DE ESTE GOBIERNO, RETROCESO EN DESIGUALDAD EN EL PA\u00cdS Y LOS ESTADOS: JULEN REMENTER\u00cdA."},"content":{"rendered":"\n<p><strong><em>12 de diciembre de 2021<\/em><\/strong><\/p>\n\n\n\n<p><strong>Se requiere generar empleos con inversi\u00f3n y creando confianza, apoyar a las mujeres y combatir la inseguridad<\/strong><\/p>\n\n\n\n<p><strong>Veracruz ocupa el lugar 29 en materia de desigualdad; existen rezagos en salud, educaci\u00f3n y seguridad<\/strong><\/p>\n\n\n\n<p>El coordinador del Grupo Parlamentario del PAN en el Senado, Julen Rementer\u00eda del Puerto, alert\u00f3 sobre el incremento de la desigualdad en nuestro pa\u00eds y reproch\u00f3 que a tres a\u00f1os de este gobierno en lugar de avanzar vamos en retroceso.<\/p>\n\n\n\n<p>\u201cPor m\u00e1s que nos quieran decir que estamos mejor, las fuentes oficiales y, sobre todo, la realidad que viven las familias dicen lo contrario.&nbsp; La forma de combatir la desigualdad no es acabando con los que m\u00e1s tienen, es haciendo que a los m\u00e1s pobres ganen m\u00e1s\u201d, sostuvo.<\/p>\n\n\n\n<p>El senador por Veracruz hizo referencia a dos reportes que muestran la realidad en el pa\u00eds y los estados en temas de desigualdad y desarrollo social: el Reporte de Desigualdad Mundial 2022 y el \u00cdndice de Desarrollo Social 2015-2020, elaborado M\u00e9xico C\u00f3mo Vamos.<\/p>\n\n\n\n<p>Del primero, destac\u00f3 que M\u00e9xico es de los pa\u00edses m\u00e1s desiguales del mundo, ya que el 10 por ciento de los m\u00e1s ricos gana 30 veces m\u00e1s que el 50 por ciento de los m\u00e1s pobres; adem\u00e1s, se indica que en nuestro pa\u00eds la participaci\u00f3n de la mujer en los ingresos laborales est\u00e1 por debajo del promedio de Am\u00e9rica Latina.<\/p>\n\n\n\n<p>En cuanto al segundo, lament\u00f3 que en el \u00faltimo a\u00f1o M\u00e9xico baj\u00f3 dos lugares, ya que pas\u00f3 del 66 al 68 entre 168 pa\u00edses, cuyas principales causas son el deterioro en derechos personales, que no se ha podido resolver el tema de la seguridad y que tiene el peor desempe\u00f1o en acceso a educaci\u00f3n.<\/p>\n\n\n\n<p>Particularmente Veracruz, lament\u00f3 el l\u00edder de la bancada panista, ocupa el lugar 29 entre las 32 entidades del pa\u00eds, pues es el lugar 28 en mortalidad infantil, 30 en mortalidad por enfermedades infecciones, 29 por diabetes y el 29 calidad de la vivienda.<\/p>\n\n\n\n<p>En cuanto a educaci\u00f3n, el estado ocupa los \u00faltimos lugares en matriculaci\u00f3n: 31 en educaci\u00f3n preescolar, 30 en primaria y 28 en secundaria, solo por mencionar algunos indicadores.<\/p>\n\n\n\n<p>\u201c\u00bfQu\u00e9 quiere decir todo lo anterior?, que han pasado 3 a\u00f1os desde que Morena lleg\u00f3 al Gobierno Federal, y en el caso de Veracruz tambi\u00e9n al gobierno estatal, y lejos de haber avance hay un retroceso\u201d, insisti\u00f3.<\/p>\n\n\n\n<p>Para combatir la desigualdad, afirm\u00f3 que se requiere generar empleo creando confianza y con inversi\u00f3n en educaci\u00f3n, salud y seguridad.<\/p>\n\n\n\n<p>\u201cSe hace, adem\u00e1s, impulsando a las mujeres, protegi\u00e9ndolas, d\u00e1ndoles acceso a educaci\u00f3n, oportunidades para emprender, estancias infantiles para que puedan trabajar, salarios m\u00e1s altos. En s\u00edntesis, haciendo todo lo que no han hecho\u201d, apunto.<\/p>\n\n\n\n<p>En ese sentido, enfatiz\u00f3 que desde el Grupo Parlamentario del PAN en el Senado se han presentado iniciativas para mejorar la econom\u00eda familiar y as\u00ed reducir la desigualdad; entre otras, la Iniciativa para aumentar el salario m\u00ednimo por arriba de la canasta alimentaria y no alimentaria de bienes y servicios, y otra para garantizar en la Constituci\u00f3n que el salario sea suficiente para cubrir las necesidades familiares, adem\u00e1s de iniciativas encaminadas a un salario igualitario.<\/p>\n\n\n\n<p>Seguiremos insistiendo en medidas que se traduzcan en el bienestar de las familias y en lograr el bien com\u00fan, remat\u00f3 el senador Julen Rementer\u00eda.<\/p>\n","protected":false},"excerpt":{"rendered":"<p>12 de diciembre de 2021 Se requiere generar empleos con inversi\u00f3n y creando confianza, apoyar a las mujeres y combatir la inseguridad Veracruz ocupa el lugar 29 en materia de desigualdad; existen rezagos en salud, educaci\u00f3n y seguridad El coordinador del Grupo Parlamentario del PAN en el Senado, Julen Rementer\u00eda del Puerto, alert\u00f3 sobre el incremento de la desigualdad en nuestro pa\u00eds y reproch\u00f3 que a tres a\u00f1os de este&#8230;<\/p>\n","protected":false},"author":1,"featured_media":0,"comment_status":"closed","ping_status":"closed","sticky":false,"template":"","format":"standard","meta":{"footnotes":""},"categories":[17,51],"tags":[],"class_list":["post-6118","post","type-post","status-publish","format-standard","hentry","category-pan","category-senado","wpcat-17-id","wpcat-51-id"],"_links":{"self":[{"href":"https:\/\/www.aquilaguna.com\/index.php\/wp-json\/wp\/v2\/posts\/6118","targetHints":{"allow":["GET"]}}],"collection":[{"href":"https:\/\/www.aquilaguna.com\/index.php\/wp-json\/wp\/v2\/posts"}],"about":[{"href":"https:\/\/www.aquilaguna.com\/index.php\/wp-json\/wp\/v2\/types\/post"}],"author":[{"embeddable":true,"href":"https:\/\/www.aquilaguna.com\/index.php\/wp-json\/wp\/v2\/users\/1"}],"replies":[{"embeddable":true,"href":"https:\/\/www.aquilaguna.com\/index.php\/wp-json\/wp\/v2\/comments?post=6118"}],"version-history":[{"count":1,"href":"https:\/\/www.aquilaguna.com\/index.php\/wp-json\/wp\/v2\/posts\/6118\/revisions"}],"predecessor-version":[{"id":6119,"href":"https:\/\/www.aquilaguna.com\/index.php\/wp-json\/wp\/v2\/posts\/6118\/revisions\/6119"}],"wp:attachment":[{"href":"https:\/\/www.aquilaguna.com\/index.php\/wp-json\/wp\/v2\/media?parent=6118"}],"wp:term":[{"taxonomy":"category","embeddable":true,"href":"https:\/\/www.aquilaguna.com\/index.php\/wp-json\/wp\/v2\/categories?post=6118"},{"taxonomy":"post_tag","embeddable":true,"href":"https:\/\/www.aquilaguna.com\/index.php\/wp-json\/wp\/v2\/tags?post=6118"}],"curies":[{"name":"wp","href":"https:\/\/api.w.org\/{rel}","templated":true}]}}