{"id":6136,"date":"2021-12-14T18:08:15","date_gmt":"2021-12-15T00:08:15","guid":{"rendered":"https:\/\/www.aquilaguna.com\/?p=6136"},"modified":"2021-12-14T18:08:15","modified_gmt":"2021-12-15T00:08:15","slug":"ya-disponible-el-abc-de-la-prevencion-del-suicidio","status":"publish","type":"post","link":"https:\/\/www.aquilaguna.com\/index.php\/2021\/12\/14\/ya-disponible-el-abc-de-la-prevencion-del-suicidio\/","title":{"rendered":"YA DISPONIBLE EL \u201cABC DE LA PREVENCI\u00d3N DEL SUICIDIO\u201d ."},"content":{"rendered":"\n<p>Comarca Lagunera, Dgo.- Con el prop\u00f3sito de ofrecer herramientas que<br>promuevan la educaci\u00f3n y sensibilizaci\u00f3n sobre la prevenci\u00f3n del suicidio entre la<br>poblaci\u00f3n, la Secretar\u00eda de Salud del estado de Durango, a trav\u00e9s del Instituto de<br>Salud Mental (ISMED) pone a disposici\u00f3n de padres de familia y docentes la gu\u00eda<br>\u201cABC de la Prevenci\u00f3n del Suicidio\u201d.<\/p>\n\n\n\n<p>La gu\u00eda est\u00e1 dise\u00f1ada para abordar el tema del suicidio desde un punto de vista<br>accesible para las personas, combatiendo la desinformaci\u00f3n. El material cuenta<br>con un dise\u00f1o atractivo, lleno de colores y es de comprensi\u00f3n sencilla.<\/p>\n\n\n\n<p>Entre los temas que aborda el ABC de la Prevenci\u00f3n del Suicidio destacan:<br>Medidas preventivas, mitos comunes sobre el suicidio, factores de riesgo y<br>protectores, l\u00edneas de acci\u00f3n ante personas con dolor emocional, se\u00f1ales de<br>alarma, grupos vulnerables, entre otros.<\/p>\n\n\n\n<p>Dentro de la publicaci\u00f3n del ISMED se incluye un directorio institucional con los<br>distintos lugares p\u00fablicos en la entidad que brindan atenci\u00f3n en salud mental, de<br>esta manera se fomenta la b\u00fasqueda de ayuda profesional y que el lector conozca<br>las unidades a las que puede recurrir en caso de necesitar atenci\u00f3n profesional.<\/p>\n\n\n\n<p>El ISMED trabaja para implementar diversas estrategias que permitan socializar el<br>material de forma impresa, a fin de ponerlo en pr\u00e1ctica con grupos y \u00e1reas<br>prioritarias como docentes, personal de apoyo y padres de familia en diversas<br>actividades de capacitaci\u00f3n, a fin de prevenir el suicidio.<\/p>\n\n\n\n<p>Mientras tanto, las personas interesadas en conocer el material podr\u00e1n obtenerlo<br>de forma digital a trav\u00e9s de la p\u00e1gina oficial del ISMED, en la liga:<br>http:\/\/ismed.salud.durango.gob.mx\/ sin costo alguno<\/p>\n","protected":false},"excerpt":{"rendered":"<p>Comarca Lagunera, Dgo.- Con el prop\u00f3sito de ofrecer herramientas quepromuevan la educaci\u00f3n y sensibilizaci\u00f3n sobre la prevenci\u00f3n del suicidio entre lapoblaci\u00f3n, la Secretar\u00eda de Salud del estado de Durango, a trav\u00e9s del Instituto deSalud Mental (ISMED) pone a disposici\u00f3n de padres de familia y docentes la gu\u00eda\u201cABC de la Prevenci\u00f3n del Suicidio\u201d. La gu\u00eda est\u00e1 dise\u00f1ada para abordar el tema del suicidio desde un punto de vistaaccesible para las personas,&#8230;<\/p>\n","protected":false},"author":1,"featured_media":6137,"comment_status":"closed","ping_status":"closed","sticky":false,"template":"","format":"standard","meta":{"footnotes":""},"categories":[40,64],"tags":[],"class_list":["post-6136","post","type-post","status-publish","format-standard","has-post-thumbnail","hentry","category-durango","category-gobierno-de-durango","wpcat-40-id","wpcat-64-id"],"_links":{"self":[{"href":"https:\/\/www.aquilaguna.com\/index.php\/wp-json\/wp\/v2\/posts\/6136","targetHints":{"allow":["GET"]}}],"collection":[{"href":"https:\/\/www.aquilaguna.com\/index.php\/wp-json\/wp\/v2\/posts"}],"about":[{"href":"https:\/\/www.aquilaguna.com\/index.php\/wp-json\/wp\/v2\/types\/post"}],"author":[{"embeddable":true,"href":"https:\/\/www.aquilaguna.com\/index.php\/wp-json\/wp\/v2\/users\/1"}],"replies":[{"embeddable":true,"href":"https:\/\/www.aquilaguna.com\/index.php\/wp-json\/wp\/v2\/comments?post=6136"}],"version-history":[{"count":1,"href":"https:\/\/www.aquilaguna.com\/index.php\/wp-json\/wp\/v2\/posts\/6136\/revisions"}],"predecessor-version":[{"id":6138,"href":"https:\/\/www.aquilaguna.com\/index.php\/wp-json\/wp\/v2\/posts\/6136\/revisions\/6138"}],"wp:featuredmedia":[{"embeddable":true,"href":"https:\/\/www.aquilaguna.com\/index.php\/wp-json\/wp\/v2\/media\/6137"}],"wp:attachment":[{"href":"https:\/\/www.aquilaguna.com\/index.php\/wp-json\/wp\/v2\/media?parent=6136"}],"wp:term":[{"taxonomy":"category","embeddable":true,"href":"https:\/\/www.aquilaguna.com\/index.php\/wp-json\/wp\/v2\/categories?post=6136"},{"taxonomy":"post_tag","embeddable":true,"href":"https:\/\/www.aquilaguna.com\/index.php\/wp-json\/wp\/v2\/tags?post=6136"}],"curies":[{"name":"wp","href":"https:\/\/api.w.org\/{rel}","templated":true}]}}