{"id":6212,"date":"2021-12-19T21:23:01","date_gmt":"2021-12-20T03:23:01","guid":{"rendered":"https:\/\/www.aquilaguna.com\/?p=6212"},"modified":"2021-12-19T21:23:02","modified_gmt":"2021-12-20T03:23:02","slug":"lleva-marcela-gorgon-mas-apoyos-a-las-personas-con-discapacidad","status":"publish","type":"post","link":"https:\/\/www.aquilaguna.com\/index.php\/2021\/12\/19\/lleva-marcela-gorgon-mas-apoyos-a-las-personas-con-discapacidad\/","title":{"rendered":"LLEVA MARCELA GORG\u00d3N M\u00c1S APOYOS A LAS PERSONAS CON DISCAPACIDAD."},"content":{"rendered":"\n<p>\u00b7\u00a0\u00a0\u00a0\u00a0\u00a0\u00a0\u00a0\u00a0\u00a0<strong><em>+ Se distribuyen 135 sillas de ruedas en todas las regiones de la entidad.<\/em><\/strong><\/p>\n\n\n\n<p>\u00b7&nbsp;&nbsp;&nbsp;&nbsp;&nbsp;&nbsp;&nbsp;&nbsp;&nbsp;<strong><em>+ DIF Coahuila impulsa de forma permanente la inclusi\u00f3n de las personas con discapacidad.<\/em><\/strong><\/p>\n\n\n\n<p>Torre\u00f3n, Coahuila de Zaragoza; a 19 de Diciembre de 2021.- Para dar seguimiento a las acciones del Gobierno del Estado que impulsan la inclusi\u00f3n de las personas con discapacidad, la Presidenta Honoraria del DIF Coahuila, Marcela Gorg\u00f3n, puso en marcha la entrega de 135 sillas de ruedas en todas las regiones de la entidad.<\/p>\n\n\n\n<p>\u201cEn Coahuila, las acciones de apoyo a las personas con discapacidad son una prioridad. Pese a la pandemia no hemos detenido ninguno de nuestros programas y seguiremos llevando a quien lo necesita nuestros servicios con calidad, sumando el apoyo de los Sistemas DIF Municipales y de la sociedad civil\u201d, se\u00f1al\u00f3.<\/p>\n\n\n\n<p>Asegur\u00f3 que esta y otras acciones emprendidas por el gobernador Miguel \u00c1ngel Riquelme Sol\u00eds tienen como premisa mejorar la calidad de vida de la personas, el derecho a la igualdad y la equidad, por ello destac\u00f3 la suma de esfuerzos interinstitucionales para atender con sensibilidad las necesidades de la gente en situaci\u00f3n de desventaja que se acerca al Gobierno.<\/p>\n\n\n\n<p>\u201cNos complace sumar esfuerzos con distintos sectores de Gobierno y sociedad para que los beneficiarios puedan tener acceso a una mayor movilidad y se desplacen con facilidad\u201d, concluy\u00f3.<\/p>\n\n\n\n<p>Coment\u00f3 que en la entrega de las 100 sillas de ruedas especiales y 35 m\u00e1s convencionales, que est\u00e1n llegando a todas las regiones de la entidad, se invierten m\u00e1s de 300 mil pesos en un trabajo conjunto con el DIF Nacional.<\/p>\n\n\n\n<p>En Piedras Negras, acompa\u00f1ada por la diputada local Mar\u00eda Esperanza Chapa, Marcela Gorg\u00f3n entreg\u00f3 10 sillas de ruedas especiales a beneficiarios de la Regi\u00f3n Norte y 2 sillas de ruedas est\u00e1ndar.<\/p>\n\n\n\n<p>En Monclova, el Director General del DIF Coahuila, Roberto C\u00e1rdenas Zavala, acompa\u00f1ado por la presidenta honoraria del DIF Municipal, Pamela Garanzuay de Paredes, entregaron 20 sillas de ruedas especiales a personas con discapacidad motriz que se encuentran en situaci\u00f3n vulnerable.<\/p>\n\n\n\n<p>C\u00e1rdenas Zavala record\u00f3 que a trav\u00e9s de acciones como estas y con programas como UNEDIF, los Centros de Rehabilitaci\u00f3n Integral y la entrega de aparatos funcionales, se cumple el compromiso del gobernador Miguel Riquelme de apoyar a las personas con discapacidad.<\/p>\n\n\n\n<p>Destac\u00f3 que en las Coordinaciones Regionales se contin\u00faa con la distribuci\u00f3n de sillas de ruedas especiales, que sin duda alguna les permitir\u00e1 a los beneficiarios tener mayor autonom\u00eda en su vida diaria y propiciar\u00e1 el desplazamiento a sus lugares de trabajo, salud y esparcimiento.<\/p>\n\n\n\n<p>Finalmente, reconoci\u00f3 el apoyo y compromiso del gobernador Miguel Riquelme y el de Marcela Gorg\u00f3n, de continuar impulsando acciones y apoyos que favorezcan la inclusi\u00f3n y transformen la vida de las personas.<\/p>\n","protected":false},"excerpt":{"rendered":"<p>\u00b7\u00a0\u00a0\u00a0\u00a0\u00a0\u00a0\u00a0\u00a0\u00a0+ Se distribuyen 135 sillas de ruedas en todas las regiones de la entidad. \u00b7&nbsp;&nbsp;&nbsp;&nbsp;&nbsp;&nbsp;&nbsp;&nbsp;&nbsp;+ DIF Coahuila impulsa de forma permanente la inclusi\u00f3n de las personas con discapacidad. Torre\u00f3n, Coahuila de Zaragoza; a 19 de Diciembre de 2021.- Para dar seguimiento a las acciones del Gobierno del Estado que impulsan la inclusi\u00f3n de las personas con discapacidad, la Presidenta Honoraria del DIF Coahuila, Marcela Gorg\u00f3n, puso en marcha la entrega&#8230;<\/p>\n","protected":false},"author":1,"featured_media":0,"comment_status":"closed","ping_status":"closed","sticky":false,"template":"","format":"standard","meta":{"footnotes":""},"categories":[5,26,15],"tags":[],"class_list":["post-6212","post","type-post","status-publish","format-standard","hentry","category-coahuila","category-dif","category-gobierno-de-coahuila","wpcat-5-id","wpcat-26-id","wpcat-15-id"],"_links":{"self":[{"href":"https:\/\/www.aquilaguna.com\/index.php\/wp-json\/wp\/v2\/posts\/6212","targetHints":{"allow":["GET"]}}],"collection":[{"href":"https:\/\/www.aquilaguna.com\/index.php\/wp-json\/wp\/v2\/posts"}],"about":[{"href":"https:\/\/www.aquilaguna.com\/index.php\/wp-json\/wp\/v2\/types\/post"}],"author":[{"embeddable":true,"href":"https:\/\/www.aquilaguna.com\/index.php\/wp-json\/wp\/v2\/users\/1"}],"replies":[{"embeddable":true,"href":"https:\/\/www.aquilaguna.com\/index.php\/wp-json\/wp\/v2\/comments?post=6212"}],"version-history":[{"count":1,"href":"https:\/\/www.aquilaguna.com\/index.php\/wp-json\/wp\/v2\/posts\/6212\/revisions"}],"predecessor-version":[{"id":6213,"href":"https:\/\/www.aquilaguna.com\/index.php\/wp-json\/wp\/v2\/posts\/6212\/revisions\/6213"}],"wp:attachment":[{"href":"https:\/\/www.aquilaguna.com\/index.php\/wp-json\/wp\/v2\/media?parent=6212"}],"wp:term":[{"taxonomy":"category","embeddable":true,"href":"https:\/\/www.aquilaguna.com\/index.php\/wp-json\/wp\/v2\/categories?post=6212"},{"taxonomy":"post_tag","embeddable":true,"href":"https:\/\/www.aquilaguna.com\/index.php\/wp-json\/wp\/v2\/tags?post=6212"}],"curies":[{"name":"wp","href":"https:\/\/api.w.org\/{rel}","templated":true}]}}