{"id":6233,"date":"2021-12-20T18:12:07","date_gmt":"2021-12-21T00:12:07","guid":{"rendered":"https:\/\/www.aquilaguna.com\/?p=6233"},"modified":"2021-12-20T18:12:07","modified_gmt":"2021-12-21T00:12:07","slug":"alianza-federalista-va-afirma-gobernador-de-coahuila","status":"publish","type":"post","link":"https:\/\/www.aquilaguna.com\/index.php\/2021\/12\/20\/alianza-federalista-va-afirma-gobernador-de-coahuila\/","title":{"rendered":"Alianza Federalista va, afirma Gobernador de Coahuila."},"content":{"rendered":"\n<p>Torre\u00f3n, Coahuila.- &#8220;La Alianza Federalista, va. No est\u00e1 en extinci\u00f3n de modo alguno y mucho menos a punto de\u00a0 entierro&#8221;,\u00a0 asegura el Gobernador Miguel\u00a0 Angel Riquelme Solis, quien desvela incluso que, &#8220;se esta en\u00a0 proceso de\u00a0 \u00a0 nueva conformaci\u00f3n\u00a0 una vez que algunos de los\u00a0 gobernadores que\u00a0 la constituyeron\u00a0 en el pasado reciente, han\u00a0 concluido sus\u00a0 sus mandatos, por lo que se esperan decisiones\u00a0 de quienes\u00a0 los han sucedido en tales cargos, al tiempo que se \u00a0 estar\u00e1n invitando a otros mas a un\u00edrseles&#8221;, una vez que considera que la Conferencia Nacional de Gobernadores -Conago- es \u00a0 solo un organismo &#8220;que no sirve para nada&#8221;.\u00a0\u00a0<\/p>\n\n\n\n<p>As\u00ed de claro, el Gobernador\u00a0 respondi\u00f3 a tal tema,\u00a0 luego de hacer recuento de lo obtenido cual saldo de las tareas que desarrollo la Alianza Federalista de la cual Coahuila\u00a0 y \u00e9l mismo es parte y uno de los gobernadores  iniciadores de\u00a0 este organismo\u00a0 que\u00a0 presentara resistencia\u00a0 ante algunas pol\u00edticas publicas emanadas del gobierno federal\u00a0 en materia de seguridad y\u00a0 de inequidad\u00a0 en la asignaci\u00f3n de\u00a0 Participaciones Federales.\u00a0<\/p>\n\n\n\n<p>Revel\u00f3 que, &#8220;nos reunimos por ultima vez los miembros de la Alianza\u00a0 Federalista\u00a0 aqu\u00ed, en la ciudad de Saltillo\u00a0 tuvimos\u00a0 la reuni\u00f3n&#8221;.<\/p>\n\n\n\n<p>&#8220;Acordamos \u00a0 quienes\u00a0 todav\u00eda estamos en ejercicio de nuestras funciones, reunirnos de nueva cuenta y ver c\u00f3mo se replantea la Alianza\u00a0 y c\u00f3mo se invita a otros gobernadores y gobernadoras&#8221;.<\/p>\n\n\n\n<p>&#8220;La realidad, es que creo que los que entraron pues apenas se est\u00e1n acoplando, est\u00e1n viendo\u00a0 la problem\u00e1tica de sus entidades&#8221;.<\/p>\n\n\n\n<p>&#8220;Ya nos reunimos con Samuel el Gobernador de Nuevo Le\u00f3n y quedamos de volvernos a reunir\u00a0 dentro de temas y\u00a0 \u00a0 de agenda com\u00fan que tenemos como Estados vecinos, y quedamos de platicar\u00a0 entre todos&#8221;.<\/p>\n\n\n\n<p>Record\u00f3 que, &#8220;el Gobernador de Guanajuato hizo unas declaraciones\u00a0 que despu\u00e9s escuch\u00e9, y creo que fueron un poquito mal orientadas,o pues dec\u00eda que a la Alianza habr\u00eda que darle\u00a0 sana sepultura&#8221;.<\/p>\n\n\n\n<p>&#8220;Pero no, la realidad\u00a0 es que lo que coment\u00f3, es que habr\u00eda que reunirnos para ver\u00a0 si replanteamos\u00a0 los objetivos de la Alianza, los que quedemos, mas los que invitemos y quieran trabajar con nosotros, o en su\u00a0 defecto habr\u00eda que decir si se le daba ah\u00ed ya terminad la llamada Alianza Federalista&#8221;.<\/p>\n\n\n\n<p>De mi parte, afirm\u00f3, &#8220;yo si quisiera que la Alianza siguiera, he platicado esto con Cabeza de Vaca y el mismo Diego, con Mart\u00edn que aunque se va en el 22\u00a0 ya tienen ellos su proceso electoral&#8221;.<\/p>\n\n\n\n<p>Los temas de la agenda comun, expreso, &#8220;siguen siendo los mismos y los saldos que arroj\u00f3 fueron muy buenos&#8221;.<\/p>\n\n\n\n<p>&#8220;Las experiencias compartidas entre entidades federativas\u00a0 nos pudieron abrir los ojos, de lo que luego el gobierno federal\u00a0 aplica a cada entidad. Y nadie nos comunicamos&#8221;.<\/p>\n\n\n\n<p>&#8220;Ah\u00ed nos dimos cuenta de los presupuestos, c\u00f3mo nos dejaron fuera\u00a0 sin poder\u00a0 hacer absolutamente nada\u00a0 con el Congreso anterior&#8221;.<\/p>\n\n\n\n<p>Ahorita, afirm\u00f3, &#8220;existe un bloque\u00a0 y sigue habiendo un bloque en el Senado, otro mas en el\u00a0 la C\u00e1mara Baja\u00a0 que pues obliga a negociar y tomar acuerdos. Lo que tenemos que ver, de aqu\u00ed en delante es que esas negociaciones\u00a0 sean positivas\u00a0 para las entidades federativas,\u00a0 sobre todo para la nuestra&#8221;.\u00a0<\/p>\n\n\n\n<p>&#8220;Acud\u00ed\u00a0 a la reuni\u00f3n\u00a0 que en materia de seguridad \u00a0 que convocara el Sistema Nacional, y\u00a0 al Sistema Nacional de Protecci\u00f3n Civil, fueron dos Consejos, pero que se mezcl\u00f3 con una reuni\u00f3n de Conago y que al final esa fue la previa de Seguridad&#8221;.<\/p>\n\n\n\n<p>&#8220;Nadie nos queremos quedar fuera de una reuni\u00f3n de seguridad, que es lo que mas le importa a la gente y es lo que mas me importa a mi, en lo personal. Ahi estuvimos&#8221;.<\/p>\n\n\n\n<p>Pero agrega, &#8220;eso no significa que vayamos a estar\u00a0 en la CONAGO, ni tampoco significa que ya nos hayamos\u00a0 sumado\u00a0 tambi\u00e9n. Eso, quedamos de platicarlo&#8221;.<\/p>\n\n\n\n<p>Explico luego\u00a0que, &#8220;al menos en los \u00daltimos a\u00f1os,  en los que a mi me toc\u00f3 vivir como gobernador, la CONAGO,\u00a0 no sirve para nada&#8221;.<\/p>\n\n\n\n<p>&#8220;Si replantean sus funciones, hacen di\u00e1logo, pues ser\u00eda interesante\u00a0 meternos como un bloque de gobernadores, aunque sea mas peque\u00f1o, no porque no queramos, sino porque ya salieron\u00a0 los otros, pero si\u00a0 hay \u00a0 di\u00e1logo, si hay espacio, porque la verdad es que no rinde frutos&#8221;.<\/p>\n\n\n\n<p>&#8220;No hay nada en concreto, pues como que te citan para que hable el que ellos quieren y luego pues ya escuchamos los discursos tan amigables que se dieron ah\u00ed en la reuni\u00f3n, que no es la voz de todos&#8221;.<\/p>\n\n\n\n<p>&#8220;Yo sigo en la misma postura&#8221;, afirm\u00f3 el Gobernador Riquelme Solis, &#8220;y no lo hago en lo oscurito, lo hago p\u00fablicamente. Para mi, Coahuila es primero y no tengo por qu\u00e9 \u00a0 decir que todo esto que esto estamos platicando ahorita, mas todos los lunes que me vean\u00a0 en las distintas regiones lo hemos hecho con recursos del GobIerno del Estado, en su gran mayor\u00eda&#8221;.<\/p>\n\n\n\n<p>Claro, explic\u00f3, &#8220;ellos atienden sus obligaciones que son el IMSS, el\u00a0 ISSSTE, todo lo que tiene que ver con las delegaciones federales, pero no existe\u00a0 algo extraordinario para Coahuila. Nuevamente este presupuesto\u00a0 no trae mas que Agua Saludable para\u00a0 la Laguna, proyecto que estamos apoyando\u00a0 el Gobernador de Durango y este servidor\u00a0 y vamos a seguir trabajando para que se den las cosas&#8221;.<\/p>\n","protected":false},"excerpt":{"rendered":"<p>Torre\u00f3n, Coahuila.- &#8220;La Alianza Federalista, va. No est\u00e1 en extinci\u00f3n de modo alguno y mucho menos a punto de\u00a0 entierro&#8221;,\u00a0 asegura el Gobernador Miguel\u00a0 Angel Riquelme Solis, quien desvela incluso que, &#8220;se esta en\u00a0 proceso de\u00a0 \u00a0 nueva conformaci\u00f3n\u00a0 una vez que algunos de los\u00a0 gobernadores que\u00a0 la constituyeron\u00a0 en el pasado reciente, han\u00a0 concluido sus\u00a0 sus mandatos, por lo que se esperan decisiones\u00a0 de quienes\u00a0 los han sucedido en&#8230;<\/p>\n","protected":false},"author":2,"featured_media":0,"comment_status":"closed","ping_status":"","sticky":false,"template":"","format":"standard","meta":{"footnotes":""},"categories":[5,15],"tags":[],"class_list":["post-6233","post","type-post","status-publish","format-standard","hentry","category-coahuila","category-gobierno-de-coahuila","wpcat-5-id","wpcat-15-id"],"_links":{"self":[{"href":"https:\/\/www.aquilaguna.com\/index.php\/wp-json\/wp\/v2\/posts\/6233","targetHints":{"allow":["GET"]}}],"collection":[{"href":"https:\/\/www.aquilaguna.com\/index.php\/wp-json\/wp\/v2\/posts"}],"about":[{"href":"https:\/\/www.aquilaguna.com\/index.php\/wp-json\/wp\/v2\/types\/post"}],"author":[{"embeddable":true,"href":"https:\/\/www.aquilaguna.com\/index.php\/wp-json\/wp\/v2\/users\/2"}],"replies":[{"embeddable":true,"href":"https:\/\/www.aquilaguna.com\/index.php\/wp-json\/wp\/v2\/comments?post=6233"}],"version-history":[{"count":1,"href":"https:\/\/www.aquilaguna.com\/index.php\/wp-json\/wp\/v2\/posts\/6233\/revisions"}],"predecessor-version":[{"id":6234,"href":"https:\/\/www.aquilaguna.com\/index.php\/wp-json\/wp\/v2\/posts\/6233\/revisions\/6234"}],"wp:attachment":[{"href":"https:\/\/www.aquilaguna.com\/index.php\/wp-json\/wp\/v2\/media?parent=6233"}],"wp:term":[{"taxonomy":"category","embeddable":true,"href":"https:\/\/www.aquilaguna.com\/index.php\/wp-json\/wp\/v2\/categories?post=6233"},{"taxonomy":"post_tag","embeddable":true,"href":"https:\/\/www.aquilaguna.com\/index.php\/wp-json\/wp\/v2\/tags?post=6233"}],"curies":[{"name":"wp","href":"https:\/\/api.w.org\/{rel}","templated":true}]}}