{"id":6272,"date":"2021-12-23T18:54:07","date_gmt":"2021-12-24T00:54:07","guid":{"rendered":"https:\/\/www.aquilaguna.com\/?p=6272"},"modified":"2021-12-23T18:54:07","modified_gmt":"2021-12-24T00:54:07","slug":"imparte-pronnif-coahuila-13-cursos-a-madres-y-padres-solicitantes-de-adopcion-en-2021","status":"publish","type":"post","link":"https:\/\/www.aquilaguna.com\/index.php\/2021\/12\/23\/imparte-pronnif-coahuila-13-cursos-a-madres-y-padres-solicitantes-de-adopcion-en-2021\/","title":{"rendered":"IMPARTE PRONNIF COAHUILA 13 CURSOS A MADRES Y PADRES SOLICITANTES DE ADOPCI\u00d3N EN 2021."},"content":{"rendered":"\n<p>Saltillo, Coahuila de Zaragoza; a 23 de Diciembre de 2021.- Despu\u00e9s de la aprobaci\u00f3n, a finales del 2020 de la Ley de Adopciones y Acogimiento Familiar del Estado de Coahuila, la entidad se posicion\u00f3 como referente nacional en materia de adopciones.<\/p>\n\n\n\n<p>Fue en noviembre del 2020 que se oficializ\u00f3 la instalaci\u00f3n del Consejo T\u00e9cnico de Evaluaci\u00f3n (CTE), \u00f3rgano que cumple con las funciones de conocer, analizar, valorar y dictaminar las solicitudes de adopci\u00f3n, y que est\u00e1 integrado por representantes del Tribunal Superior de Justicia del Estado y el Congreso del Estado, la Comisi\u00f3n de los Derechos Humanos del Estado, el DIF Coahuila, la Secretar\u00eda de Fiscalizaci\u00f3n y Rendici\u00f3n de Cuentas y la PRONNIF, as\u00ed como integrantes de la sociedad civil.<\/p>\n\n\n\n<p>Como resultado de las seis sesiones del CTE durante 2021, se emitieron opiniones colegiadas e interdisciplinarias respecto a 104 ni\u00f1as, ni\u00f1os y adolescentes susceptibles de adopci\u00f3n.<\/p>\n\n\n\n<p>Sumado a ello, a partir de este a\u00f1o se concret\u00f3 la impartici\u00f3n de talleres que, durante los \u00faltimos 12 meses, ofrecieron 13 sesiones a solicitantes de adopci\u00f3n de todo el estado y de otras partes de la Rep\u00fablica Mexicana, quienes aprendieron sobre crianza positiva, sano desarrollo y el proceso post-adopci\u00f3n, entre otros temas.<\/p>\n\n\n\n<p>Adem\u00e1s, se impartieron cinco talleres de sensibilizaci\u00f3n a las familias que buscan concluir su proceso de adopci\u00f3n, con el objetivo de crear conciencia sobre las ni\u00f1as, ni\u00f1os y adolescentes de atenci\u00f3n prioritaria.<\/p>\n\n\n\n<p>\u201cEstas capacitaciones tienen por objetivo concientizar a los solicitantes de adopci\u00f3n sobre los j\u00f3venes de entre 12 y 17 a\u00f1os que son suceptibles de adopci\u00f3n, y a quienes buscamos restituirles su derecho de vivir en familia\u201d, se\u00f1al\u00f3 la procuradora Mar\u00eda Leticia S\u00e1nchez Campos.<\/p>\n","protected":false},"excerpt":{"rendered":"<p>Saltillo, Coahuila de Zaragoza; a 23 de Diciembre de 2021.- Despu\u00e9s de la aprobaci\u00f3n, a finales del 2020 de la Ley de Adopciones y Acogimiento Familiar del Estado de Coahuila, la entidad se posicion\u00f3 como referente nacional en materia de adopciones. Fue en noviembre del 2020 que se oficializ\u00f3 la instalaci\u00f3n del Consejo T\u00e9cnico de Evaluaci\u00f3n (CTE), \u00f3rgano que cumple con las funciones de conocer, analizar, valorar y dictaminar las&#8230;<\/p>\n","protected":false},"author":1,"featured_media":6273,"comment_status":"closed","ping_status":"closed","sticky":false,"template":"","format":"standard","meta":{"footnotes":""},"categories":[5,15,30],"tags":[],"class_list":["post-6272","post","type-post","status-publish","format-standard","has-post-thumbnail","hentry","category-coahuila","category-gobierno-de-coahuila","category-pronif","wpcat-5-id","wpcat-15-id","wpcat-30-id"],"_links":{"self":[{"href":"https:\/\/www.aquilaguna.com\/index.php\/wp-json\/wp\/v2\/posts\/6272","targetHints":{"allow":["GET"]}}],"collection":[{"href":"https:\/\/www.aquilaguna.com\/index.php\/wp-json\/wp\/v2\/posts"}],"about":[{"href":"https:\/\/www.aquilaguna.com\/index.php\/wp-json\/wp\/v2\/types\/post"}],"author":[{"embeddable":true,"href":"https:\/\/www.aquilaguna.com\/index.php\/wp-json\/wp\/v2\/users\/1"}],"replies":[{"embeddable":true,"href":"https:\/\/www.aquilaguna.com\/index.php\/wp-json\/wp\/v2\/comments?post=6272"}],"version-history":[{"count":1,"href":"https:\/\/www.aquilaguna.com\/index.php\/wp-json\/wp\/v2\/posts\/6272\/revisions"}],"predecessor-version":[{"id":6274,"href":"https:\/\/www.aquilaguna.com\/index.php\/wp-json\/wp\/v2\/posts\/6272\/revisions\/6274"}],"wp:featuredmedia":[{"embeddable":true,"href":"https:\/\/www.aquilaguna.com\/index.php\/wp-json\/wp\/v2\/media\/6273"}],"wp:attachment":[{"href":"https:\/\/www.aquilaguna.com\/index.php\/wp-json\/wp\/v2\/media?parent=6272"}],"wp:term":[{"taxonomy":"category","embeddable":true,"href":"https:\/\/www.aquilaguna.com\/index.php\/wp-json\/wp\/v2\/categories?post=6272"},{"taxonomy":"post_tag","embeddable":true,"href":"https:\/\/www.aquilaguna.com\/index.php\/wp-json\/wp\/v2\/tags?post=6272"}],"curies":[{"name":"wp","href":"https:\/\/api.w.org\/{rel}","templated":true}]}}