{"id":6387,"date":"2022-01-03T17:11:00","date_gmt":"2022-01-03T23:11:00","guid":{"rendered":"https:\/\/www.aquilaguna.com\/?p=6387"},"modified":"2022-01-03T17:11:00","modified_gmt":"2022-01-03T23:11:00","slug":"172-mil-alumnos-regresan-a-clases","status":"publish","type":"post","link":"https:\/\/www.aquilaguna.com\/index.php\/2022\/01\/03\/172-mil-alumnos-regresan-a-clases\/","title":{"rendered":"172 MIL ALUMNOS REGRESAN A CLASES."},"content":{"rendered":"\n<p>Comarca Lagunera., De acuerdo con el calendario oficial de la Secretar\u00eda de<br>Educaci\u00f3n P\u00fablica, este lunes 03 de enero los alumnos regresaron a clases para<br>continuar con el ciclo escolar 2021 \u2013 2022.<\/p>\n\n\n\n<p>Cuitl\u00e1huac Vald\u00e9s Guti\u00e9rrez, subsecretario de Educaci\u00f3n en la Regi\u00f3n Laguna, dio<br>a conocer que se atiende a 11 municipios, a los que corresponden instituciones<br>educativas de educaci\u00f3n b\u00e1sica, m\u00e1s cinco preparatorias estatales; y regresan a<br>clases 172 mil ni\u00f1as, ni\u00f1os y adolescentes inscritos, adem\u00e1s de trabajadores de la<br>educaci\u00f3n, entre docentes y personal administrativo, tanto del subsistema federal<br>como estatal.<\/p>\n\n\n\n<p>Exhort\u00f3 a los padres de familia a atender las recomendaciones del Gobierno del<br>Estado de Durango y de la Secretar\u00eda de Salud, de resguardar a ni\u00f1as, ni\u00f1os y<br>adolescentes de las bajas temperaturas, adem\u00e1s de estar pendientes de su salud,<br>para prevenir contagios.<\/p>\n\n\n\n<p>Destac\u00f3, que estar\u00e1n pendientes de las indicaciones por parte de la Secretar\u00eda de<br>Educaci\u00f3n P\u00fablica, y continuar\u00e1 la implementaci\u00f3n de las medidas de salud<br>necesarias en los planteles educativos.<\/p>\n\n\n\n<p>Manifest\u00f3 que, en Durango la indicaci\u00f3n por parte del gobernador Jos\u00e9 Rosas<br>Aispuro Torres siempre ser\u00e1 salvaguardar y preservar la vida y salud, de los ni\u00f1os<br>y estudiantes duranguenses, es por ello que habr\u00e1 instituciones que reanuden sus<br>labores de manera virtual.<\/p>\n\n\n\n<p>Por \u00faltimo, hizo un reconocimiento a las maestras y maestros de la Regi\u00f3n Laguna<br>por dar su mayor esfuerzo y seguir adelante con sus clases durante la pandemia.<\/p>\n","protected":false},"excerpt":{"rendered":"<p>Comarca Lagunera., De acuerdo con el calendario oficial de la Secretar\u00eda deEducaci\u00f3n P\u00fablica, este lunes 03 de enero los alumnos regresaron a clases paracontinuar con el ciclo escolar 2021 \u2013 2022. Cuitl\u00e1huac Vald\u00e9s Guti\u00e9rrez, subsecretario de Educaci\u00f3n en la Regi\u00f3n Laguna, dioa conocer que se atiende a 11 municipios, a los que corresponden institucioneseducativas de educaci\u00f3n b\u00e1sica, m\u00e1s cinco preparatorias estatales; y regresan aclases 172 mil ni\u00f1as, ni\u00f1os y adolescentes&#8230;<\/p>\n","protected":false},"author":1,"featured_media":0,"comment_status":"closed","ping_status":"closed","sticky":false,"template":"","format":"standard","meta":{"footnotes":""},"categories":[40,9,64],"tags":[],"class_list":["post-6387","post","type-post","status-publish","format-standard","hentry","category-durango","category-educacion","category-gobierno-de-durango","wpcat-40-id","wpcat-9-id","wpcat-64-id"],"_links":{"self":[{"href":"https:\/\/www.aquilaguna.com\/index.php\/wp-json\/wp\/v2\/posts\/6387","targetHints":{"allow":["GET"]}}],"collection":[{"href":"https:\/\/www.aquilaguna.com\/index.php\/wp-json\/wp\/v2\/posts"}],"about":[{"href":"https:\/\/www.aquilaguna.com\/index.php\/wp-json\/wp\/v2\/types\/post"}],"author":[{"embeddable":true,"href":"https:\/\/www.aquilaguna.com\/index.php\/wp-json\/wp\/v2\/users\/1"}],"replies":[{"embeddable":true,"href":"https:\/\/www.aquilaguna.com\/index.php\/wp-json\/wp\/v2\/comments?post=6387"}],"version-history":[{"count":1,"href":"https:\/\/www.aquilaguna.com\/index.php\/wp-json\/wp\/v2\/posts\/6387\/revisions"}],"predecessor-version":[{"id":6388,"href":"https:\/\/www.aquilaguna.com\/index.php\/wp-json\/wp\/v2\/posts\/6387\/revisions\/6388"}],"wp:attachment":[{"href":"https:\/\/www.aquilaguna.com\/index.php\/wp-json\/wp\/v2\/media?parent=6387"}],"wp:term":[{"taxonomy":"category","embeddable":true,"href":"https:\/\/www.aquilaguna.com\/index.php\/wp-json\/wp\/v2\/categories?post=6387"},{"taxonomy":"post_tag","embeddable":true,"href":"https:\/\/www.aquilaguna.com\/index.php\/wp-json\/wp\/v2\/tags?post=6387"}],"curies":[{"name":"wp","href":"https:\/\/api.w.org\/{rel}","templated":true}]}}